{"id":35526,"date":"2024-09-27T12:31:10","date_gmt":"2024-09-27T09:31:10","guid":{"rendered":"https:\/\/mersinkadingazetesi.com\/?p=35526"},"modified":"2024-09-27T12:31:11","modified_gmt":"2024-09-27T09:31:11","slug":"hasta-mahkumlara-saglik-raporu-kamu-hastaneleri-uzerinden-verilsin","status":"publish","type":"post","link":"https:\/\/mersinkadingazetesi.com\/?p=35526","title":{"rendered":"HASTA MAHK\u00dbMLARA SA\u011eLIK RAPORU KAMU HASTANELER\u0130 \u00dcZER\u0130NDEN VER\u0130LS\u0130N!"},"content":{"rendered":"\n<p><strong>DEVA Partisi Genel Ba\u015fkan Yard\u0131mc\u0131s\u0131 Mehmet Emin Ekmen, a\u011f\u0131r hasta, engelli ve kocam\u0131\u015f mahk<\/strong><strong>\u00fb<\/strong><strong>mlar\u0131n sa\u011fl\u0131k raporunu almada ya\u015fad\u0131klar\u0131 \u00e7ileyi bitirmeye y<\/strong><strong>\u00f6<\/strong><strong>nelik TBMM Ba\u015fkanl\u0131\u011f\u0131\u2019na kanun teklifi sundu. <\/strong><strong><\/strong><\/p>\n\n\n\n<p><strong>A\u011f\u0131r hasta, engelli ve kocam\u0131\u015f mahk<\/strong><strong>\u00fb<\/strong><strong>mlar\u0131n ilgili sa\u011fl\u0131k raporlar\u0131n\u0131n Adli T\u0131p Kurumu gibi kamu hastaneleri \u00fczerinden de al\u0131nabilmesi gerekti\u011fini ifade eden Ekmen, <\/strong><strong>\u201c<\/strong><strong>S<\/strong><strong>\u00f6<\/strong><strong>z konusu de\u011fi\u015fiklikle a\u011f\u0131r hasta, engelli, kocam\u0131\u015f olan mahk<\/strong><strong>\u00fb<\/strong><strong>mlar\u0131n sa\u011fl\u0131k raporlar\u0131n\u0131n al\u0131nmas\u0131 s\u00fcrecinde kar\u015f\u0131la\u015f\u0131lan b\u00fcrokratik engelleri azaltacakt\u0131r\u201d dedi.<\/strong><strong><\/strong><\/p>\n\n\n\n<p>DEVA Partisi Genel Ba\u015fkan Yard\u0131mc\u0131s\u0131 ve Mersin Milletvekili Mehmet Emin Ekmen, mahk\u00fbm haklar\u0131n\u0131n korunmas\u0131, infaz s\u00fcrecinin adil ve insanc\u0131l bir \u015fekilde y\u00fcr\u00fct\u00fclmesi ile ilgili T\u00fcrkiye B\u00fcy\u00fck Millet Meclisi\u2019ne (TBMM) kanun teklifi sundu. 5275 say\u0131l\u0131 Ceza ve G\u00fcvenlik Tedbirlerinin \u0130nfaz\u0131 Hakk\u0131nda Kanun&#8217;da de\u011fi\u015fiklik teklifinde bulunan Ekmen, s\u00f6z konusu kanun de\u011fi\u015fikli\u011fiyle s\u00fcrecin daha etkin ve adil bir \u015fekilde y\u00fcr\u00fct\u00fclece\u011fini kaydetti.<\/p>\n\n\n\n<p>KANUN TEKL\u0130F\u0130 \u0130NSAN\u0130 B\u0130R YAKLA\u015eIM GET\u0130RECEK<\/p>\n\n\n\n<p>Kanun teklifinin genel gerek\u00e7e k\u0131sm\u0131nda Ekmen, mevcut d\u00fczenlemelerde baz\u0131 eksiklikler ve pratikte kar\u015f\u0131la\u015f\u0131lan sorunlar\u0131n, kanunun amac\u0131na tam olarak ula\u015fmas\u0131n\u0131 engelledi\u011fine dikkati \u00e7ekti. 5275 say\u0131l\u0131 Ceza ve G\u00fcvenlik Tedbirlerinin \u0130nfaz\u0131 Hakk\u0131nda Kanun&#8217;da baz\u0131 de\u011fi\u015fiklikler yap\u0131lmas\u0131n\u0131n zaruri hale geldi\u011fini ifade eden Ekmen, \u201cTeklif, mahk\u00fbmlar\u0131n cezalar\u0131n\u0131n infaz\u0131nda daha esnek ve insanc\u0131l bir yakla\u015f\u0131m benimsenmesini sa\u011flayacakt\u0131r. Bu de\u011fi\u015fiklik, infaz s\u00fcrecinin daha etkin ve adil bir \u015fekilde y\u00fcr\u00fct\u00fclmesine katk\u0131da bulunacakt\u0131r. D\u00fczenleme ile cezalar\u0131n tamamlanmas\u0131na kalan s\u00fcre 3 y\u0131ldan 5 y\u0131la \u00e7\u0131kart\u0131larak a\u011f\u0131r hasta, engelli ve kocam\u0131\u015f h\u00fck\u00fcml\u00fcler i\u00e7in insani bir yakla\u015f\u0131m getirilmektedir\u201d ifadeleri yer ald\u0131.<\/p>\n\n\n\n<p>TEKL\u0130FLE ADL\u0130 TIP\u2019TAN KAYNAKLI B\u00dcROKRAT\u0130K ENGELLER AZALTILACAK<\/p>\n\n\n\n<p>Ekmen, a\u011f\u0131r hasta, engelli ve kocam\u0131\u015f mahk\u00fbmlarla ilgili sa\u011fl\u0131k hizmetlerinin h\u0131zl\u0131ca yap\u0131lmas\u0131 ili\u015fkin, \u201cMevcut d\u00fczenlemede yer alan \u2018Adl\u00ee T\u0131p Kurumundan al\u0131nan veya Adalet Bakanl\u0131\u011f\u0131nca belirlenen tam te\u015fekk\u00fcll\u00fc hastanelerin sa\u011fl\u0131k kurullar\u0131nca d\u00fczenlenip Adl\u00ee T\u0131p Kurumunca onaylanan\u2019 ibaresinin \u2018kamu hastanelerinden al\u0131nan\u2019 \u015feklinde de\u011fi\u015ftirilmesi, pratikte ya\u015fanan b\u00fcrokratik zorluklar\u0131n ve gecikmelerin \u00f6n\u00fcne ge\u00e7ilmesini ama\u00e7lamaktad\u0131r. Bu de\u011fi\u015fiklik, a\u011f\u0131r hasta, engelli ve kocam\u0131\u015f olan mahk\u00fbmlar\u0131n sa\u011fl\u0131k hizmetlerine daha h\u0131zl\u0131 ve etkin bir \u015fekilde eri\u015fimini sa\u011flayacak, sa\u011fl\u0131k raporlar\u0131n\u0131n al\u0131nmas\u0131 s\u00fcrecinde kar\u015f\u0131la\u015f\u0131lan b\u00fcrokratik engelleri azaltacakt\u0131r\u201d de\u011ferlendirmesinde bulundu.<\/p>\n\n\n\n<p>HASTA HAKLARI KORUNMU\u015e OLACAK<\/p>\n\n\n\n<p>Kanun teklifinin sonu\u00e7 k\u0131sm\u0131nda Ekmen, \u015fu ifadeleri kulland\u0131; \u201cBu kanun teklifi ile Ceza ve G\u00fcvenlik Tedbirlerinin \u0130nfaz\u0131 Hakk\u0131nda Kanun&#8217;da yap\u0131lacak de\u011fi\u015fiklikler, mahk\u00fbm haklar\u0131n\u0131n korunmas\u0131 ve infaz s\u00fcrecinin daha adil, insanc\u0131l ve etkin bir \u015fekilde y\u00fcr\u00fct\u00fclmesine katk\u0131da bulunacakt\u0131r. S\u00f6z konusu de\u011fi\u015fikliklerin hayata ge\u00e7irilmesi, ceza adalet sistemimizin adil ve insan odakl\u0131 i\u015flemesine \u00f6nemli katk\u0131lar sa\u011flayacakt\u0131r.\u201d<\/p>\n","protected":false},"excerpt":{"rendered":"<p>DEVA Partisi Genel Ba\u015fkan Yard\u0131mc\u0131s\u0131 Mehmet Emin Ekmen, a\u011f\u0131r hasta, engelli ve kocam\u0131\u015f mahk\u00fbmlar\u0131n sa\u011fl\u0131k raporunu almada ya\u015fad\u0131klar\u0131 \u00e7ileyi bitirmeye y\u00f6nelik TBMM Ba\u015fkanl\u0131\u011f\u0131\u2019na kanun teklifi sundu. A\u011f\u0131r hasta, engelli ve kocam\u0131\u015f mahk\u00fbmlar\u0131n ilgili sa\u011fl\u0131k raporlar\u0131n\u0131n Adli T\u0131p Kurumu gibi kamu hastaneleri \u00fczerinden de al\u0131nabilmesi gerekti\u011fini ifade eden Ekmen, \u201cS\u00f6z konusu de\u011fi\u015fiklikle a\u011f\u0131r hasta, engelli, kocam\u0131\u015f [&hellip;]<\/p>\n","protected":false},"author":2,"featured_media":35527,"comment_status":"closed","ping_status":"closed","sticky":false,"template":"","format":"standard","meta":{"footnotes":""},"categories":[2,3],"tags":[],"class_list":["post-35526","post","type-post","status-publish","format-standard","has-post-thumbnail","hentry","category-gundem","category-manset"],"views":3,"_links":{"self":[{"href":"https:\/\/mersinkadingazetesi.com\/index.php?rest_route=\/wp\/v2\/posts\/35526"}],"collection":[{"href":"https:\/\/mersinkadingazetesi.com\/index.php?rest_route=\/wp\/v2\/posts"}],"about":[{"href":"https:\/\/mersinkadingazetesi.com\/index.php?rest_route=\/wp\/v2\/types\/post"}],"author":[{"embeddable":true,"href":"https:\/\/mersinkadingazetesi.com\/index.php?rest_route=\/wp\/v2\/users\/2"}],"replies":[{"embeddable":true,"href":"https:\/\/mersinkadingazetesi.com\/index.php?rest_route=%2Fwp%2Fv2%2Fcomments&post=35526"}],"version-history":[{"count":1,"href":"https:\/\/mersinkadingazetesi.com\/index.php?rest_route=\/wp\/v2\/posts\/35526\/revisions"}],"predecessor-version":[{"id":35528,"href":"https:\/\/mersinkadingazetesi.com\/index.php?rest_route=\/wp\/v2\/posts\/35526\/revisions\/35528"}],"wp:featuredmedia":[{"embeddable":true,"href":"https:\/\/mersinkadingazetesi.com\/index.php?rest_route=\/wp\/v2\/media\/35527"}],"wp:attachment":[{"href":"https:\/\/mersinkadingazetesi.com\/index.php?rest_route=%2Fwp%2Fv2%2Fmedia&parent=35526"}],"wp:term":[{"taxonomy":"category","embeddable":true,"href":"https:\/\/mersinkadingazetesi.com\/index.php?rest_route=%2Fwp%2Fv2%2Fcategories&post=35526"},{"taxonomy":"post_tag","embeddable":true,"href":"https:\/\/mersinkadingazetesi.com\/index.php?rest_route=%2Fwp%2Fv2%2Ftags&post=35526"}],"curies":[{"name":"wp","href":"https:\/\/api.w.org\/{rel}","templated":true}]}}