{"id":35535,"date":"2024-09-27T15:53:44","date_gmt":"2024-09-27T12:53:44","guid":{"rendered":"https:\/\/mersinkadingazetesi.com\/?p=35535"},"modified":"2024-09-27T15:53:44","modified_gmt":"2024-09-27T12:53:44","slug":"yerel-yonetimlerde-sosyal-politikalar-oncelikli-olmali","status":"publish","type":"post","link":"https:\/\/mersinkadingazetesi.com\/?p=35535","title":{"rendered":"&#8220;YEREL Y\u00d6NET\u0130MLERDE SOSYAL POL\u0130T\u0130KALAR \u00d6NCEL\u0130KL\u0130 OLMALI&#8221;"},"content":{"rendered":"\n<p>Mersin B\u00fcy\u00fck\u015fehir Belediye Ba\u015fkan\u0131 Vahap Se\u00e7er, Cumhuriyet Halk Partisi (CHP) Yerel Y\u00f6netimler ve Diren\u00e7li Kentlerden Sorumlu Genel Ba\u015fkan Yard\u0131mc\u0131s\u0131 ve \u0130stanbul Milletvekili G\u00f6kan Zeybek&#8217;i a\u011f\u0131rlad\u0131. Ziyarette ayr\u0131ca; CHP Genel Sayman\u0131 ve \u0130stanbul Milletvekili \u00d6zg\u00fcr Karabat, CHP Mersin Milletvekili G\u00fclcan K\u0131\u015f, CHP Antalya Milletvekili Cavit Ar\u0131 ile CHP Mersin \u0130l Ba\u015fkan\u0131 Koral \u00d6m\u00fcr de yer ald\u0131.<\/p>\n\n\n\n<p><strong>&#8220;2019&#8217;dan bu yana Mersin&#8217;de \u00e7ok \u015fey de\u011fi\u015fti&#8221;<\/strong><\/p>\n\n\n\n<p>Ziyarette yerel se\u00e7imler sonras\u0131 olu\u015fan tablo hakk\u0131nda bilgi veren ve 2019&#8217;dan bu yana Mersin&#8217;de \u00e7ok \u015feyin de\u011fi\u015fti\u011fini s\u00f6yleyen Ba\u015fkan Se\u00e7er,&nbsp;<strong>&#8220;2019&#8217;dan bu yana Mersin&#8217;de \u00e7ok \u015fey de\u011fi\u015fti. 2024 se\u00e7imleri ile beraber 3 olan il\u00e7e belediye say\u0131m\u0131z 7&#8217;ye \u00e7\u0131kt\u0131. Bunlar kentin b\u00fcy\u00fck il\u00e7eleri. Daha periferide kalan, n\u00fcfus olarak az yo\u011fun olan b\u00f6lgeler cumhur ittifak\u0131nda. Onlar toplam 10 belediyeden 3&#8217;e d\u00fc\u015fm\u00fc\u015f oldu. Burada bir de DEM partinin belediyesi var. Yerel y\u00f6netimlerde bu \u015fekilde bir siyasal da\u011f\u0131l\u0131m ortaya \u00e7\u0131kt\u0131&#8221;<\/strong>&nbsp;dedi.<\/p>\n\n\n\n<p><strong>&#8220;Yerel y\u00f6netimlerde sosyal politikalar \u00f6ncelikli olmal\u0131&#8221;<\/strong><\/p>\n\n\n\n<p>Mersin&#8217;in sosyo-ekonomik ve demografik yap\u0131s\u0131n\u0131n yan\u0131 s\u0131ra faaliyet g\u00f6steren sekt\u00f6rler a\u00e7\u0131s\u0131ndan da dinamik bir \u015fehir oldu\u011funu s\u00f6yleyen Ba\u015fkan Se\u00e7er,&nbsp;<strong>&#8220;Biz 2019&#8217;da hizmetlerimize sosyal politikalar \u00f6ncelikli ba\u015flad\u0131k.&nbsp;<em>&#8216;\u00d6nce bir mali disiplini sa\u011flayal\u0131m, personel ve insan kayna\u011f\u0131n\u0131 d\u00fczene sokal\u0131m. Bu arada hem bir zaman kazan\u0131r\u0131z hem de ger\u00e7ekten sosyo-ekonomik olarak dokunulmas\u0131 gereken b\u00f6lgelere \u00f6nce dokunal\u0131m&#8217;<\/em>&nbsp;dedik. Bu da iyi oldu&#8221;<\/strong>&nbsp;diye konu\u015ftu.<\/p>\n\n\n\n<p>G\u00f6reve geldikleri d\u00f6nemde pandemi ve deprem gibi ola\u011fan\u00fcst\u00fc ko\u015fullar\u0131n ya\u015fand\u0131\u011f\u0131na de\u011finen Ba\u015fkan Se\u00e7er, bu s\u00fcre\u00e7leri en iyi \u015fekilde y\u00f6nettiklerini kaydetti. Ba\u015fkan Se\u00e7er, \u015funlar\u0131 s\u00f6yledi:<\/p>\n\n\n\n<p><strong>&#8220;Bunun kar\u015f\u0131l\u0131\u011f\u0131n\u0131 se\u00e7imlerde tabii ki g\u00f6rd\u00fck. \u00d6zellikle bug\u00fcne kadar partimizin ula\u015famad\u0131\u011f\u0131, oy alamad\u0131\u011f\u0131, s\u0131k\u0131nt\u0131 ya\u015fad\u0131\u011f\u0131 b\u00f6lgelerde oy oranlar\u0131m\u0131z ciddi anlamda artt\u0131. Bu iyi bir ba\u015flang\u0131\u00e7 oldu. 2024&#8217;ten sonra bu deneyimle politikalar\u0131m\u0131z\u0131 daha da tahkim etmek isteyece\u011fiz. Hala ekonomik sorunlar\u0131n had safhada oldu\u011fu d\u00f6nemde yerel y\u00f6netimlerde sosyal politikalar \u00f6ncelikli olmal\u0131. Hayat pahal\u0131l\u0131\u011f\u0131 bir taraftan, \u00e7ocuklar\u0131n e\u011fitimine aileler para yeti\u015ftiremiyor, kar\u0131nlar\u0131n\u0131 doyuram\u0131yorlar, \u00e7ocuklar okullara a\u00e7 gidiyorlar; b\u00f6yle sorunlar var. Bunlar \u00fcst\u00fc \u00f6rt\u00fclecek sorunlar de\u011fil. Bunlara dokunmak gerekti\u011fini d\u00fc\u015f\u00fcn\u00fcyoruz ve bu y\u00f6nde \u00e7al\u0131\u015fmalar\u0131m\u0131z\u0131 s\u00fcrd\u00fcr\u00fcyoruz.&#8221;<\/strong><\/p>\n\n\n\n<p><strong>&#8220;Genel iktidara giderken Mersin&#8217;den de katk\u0131m\u0131z olacak&#8221;<\/strong><\/p>\n\n\n\n<p>Ba\u015fkan Se\u00e7er, B\u00fcy\u00fck\u015fehir Belediyesi&#8217;nin rutin alanlarda da hizmetlerin s\u00fcrd\u00fc\u011f\u00fcn\u00fc s\u00f6zlerine ekleyerek,&nbsp;<strong>&#8220;Yap\u0131sal sorunlar\u0131n \u00e7\u00f6z\u00fcm\u00fc, \u00e7evre, ula\u015f\u0131m, kente de\u011fer katacak yat\u0131r\u0131mlar ve vizyon yat\u0131r\u0131mlar\u0131 da \u00e7al\u0131\u015fmalar\u0131m\u0131z aras\u0131nda. Umut ediyorum g\u00fczel i\u015fler yapaca\u011f\u0131z. Genelde iktidara giderken Mersin&#8217;den de buna katk\u0131m\u0131z olacak diye d\u00fc\u015f\u00fcn\u00fcyorum&#8221;<\/strong>&nbsp;dedi.<\/p>\n\n\n\n<p><strong>Zeybek: &#8220;Kendi ba\u015far\u0131s\u0131n\u0131 en \u00e7ok geli\u015ftiren B\u00fcy\u00fck\u015fehir Belediyesi&#8217;nde olmaktan \u00e7ok mutluyuz&#8221;<\/strong><\/p>\n\n\n\n<p>Genel Ba\u015fkan Yard\u0131mc\u0131s\u0131 G\u00f6kan Zeybek, se\u00e7imlerde g\u00f6sterdi\u011fi ba\u015far\u0131dan dolay\u0131 Ba\u015fkan Se\u00e7er&#8217;i tebrik ederek,<strong>&nbsp;&#8220;Son se\u00e7imlerde kendi ba\u015far\u0131s\u0131n\u0131 en \u00e7ok geli\u015ftiren B\u00fcy\u00fck\u015fehir Belediyesi&#8217;nde olmaktan \u00e7ok mutluyuz. Her 5 se\u00e7menden 3&#8217;\u00fcn\u00fcn oyunu almak \u00fcstelikte Mersin&#8217;de ikinci kez se\u00e7imi a\u00e7\u0131k farkla kazanmak, B\u00fcy\u00fck\u015fehir Belediye meclisinde \u00e7o\u011funluk say\u0131s\u0131na ula\u015facak say\u0131da meclis \u00fcyesi \u00e7\u0131kar\u0131yor olmak, 31 Mart se\u00e7imlerinde partimizin b\u00fcy\u00fck ba\u015far\u0131s\u0131n\u0131n \u00f6nemli nedenlerden bir tanesi oldu. O nedenle Mersin B\u00fcy\u00fck\u015fehir Belediyesi bizim a\u00e7\u0131m\u0131zdan \u00e7ok de\u011ferli&#8221;&nbsp;<\/strong>ifadelerine yer verdi.&nbsp;&nbsp;<\/p>\n\n\n\n<p>Mersin&#8217;de CHP&#8217;li belediyeler ve Meclis \u00fcyeleri ile bir araya geldiklerini ve de\u011ferlendirmeler yapt\u0131klar\u0131n\u0131 s\u00f6yleyen Zeybek,<strong>&nbsp;&#8220;Bizim gelece\u011fe olan inanc\u0131m\u0131z\u0131 artt\u0131racak bir moral ve motivasyonu da ald\u0131\u011f\u0131m\u0131z\u0131 belirtmek istiyorum. Sizinle ilgili de Meclis \u00fcyelerimizin \u00f6vg\u00fc dolu a\u00e7\u0131klamalar\u0131 oldu. Hatta konu\u015fan hi\u00e7bir Meclis \u00fcyesinin genel olarak bir ele\u015ftirel yakla\u015f\u0131mda bulunmamas\u0131 da asl\u0131nda CHP gelene\u011fi a\u00e7\u0131s\u0131ndan pek de al\u0131\u015f\u0131lagelmi\u015f bir durum de\u011fildir. O nedenle sizlere ve \u00e7al\u0131\u015fma arkada\u015flar\u0131n\u0131za bir kez daha te\u015fekk\u00fcr ediyorum&#8221;&nbsp;<\/strong>diye konu\u015ftu.<\/p>\n\n\n\n<p><strong>&#8220;CHP Belediyesi varsa ezilenler i\u00e7in var, \u00f6tekile\u015ftirilen i\u00e7in var&#8221;<\/strong><\/p>\n\n\n\n<p>30 y\u0131l\u0131n ard\u0131ndan Toroslar il\u00e7esinin CHP&#8217;ye ge\u00e7mi\u015f olmas\u0131n\u0131n \u00e7ok de\u011ferli oldu\u011funu vurgulayan Zeybek, y\u00fcksek oy fark\u0131yla al\u0131nmas\u0131yla birlikte hedeflerini de g\u00f6zden ge\u00e7irerek b\u00fcy\u00fctt\u00fcklerini kaydetti.&nbsp;<strong>&#8220;Mersin Cumhuriyet Halk Partisi&#8217;ne \u00e7ok yak\u0131\u015f\u0131yor&#8221;<\/strong>&nbsp;diyen Zeybek,&nbsp;<strong>&#8220;CHP&#8217;nin halk\u00e7\u0131, toplumcu, kamucu y\u00f6netim anlay\u0131\u015f\u0131 b\u00f6lge halk\u0131 taraf\u0131ndan da takdir ediliyor. Sizlerin hem parlamentodaki deneyiminiz, hem devleti Ankara&#8217;dan tan\u0131yor olman\u0131z, sonra d\u00f6n\u00fcp bu birikimle yerel y\u00f6netimlerde \u00f6nce b\u00fct\u00e7e disiplini sa\u011flamak, sonra hizmetlerin adil bir bi\u00e7imiyle da\u011f\u0131t\u0131lmas\u0131 konusunda g\u00f6sterdi\u011finiz \u00e7aba da bu anlay\u0131\u015f\u0131n yans\u0131mas\u0131. CHP Belediyesi varsa ezilenler i\u00e7in, \u00f6tekile\u015ftirilenler i\u00e7in var, dezavantajl\u0131 gruplar i\u00e7in \u00f6ncelikli var. B\u00fct\u00fcn bunlara kaynaklar\u0131m\u0131z\u0131 etkin bi\u00e7iminde harcayaca\u011f\u0131z&#8221;<\/strong>&nbsp;ifadelerine yer verdi.<\/p>\n\n\n\n<p>B\u00fcy\u00fck\u015fehir&#8217;in i\u015fletti\u011fi sosyal tesisleri gezme \u015fans\u0131 yakalad\u0131\u011f\u0131n\u0131 belirten Zeybek,&nbsp;<strong>&#8220;Mersin ayn\u0131 zamanda bir turizm kenti, bir sahil kenti. Sizin s\u00f6yledi\u011finiz gibi ikili gelir gruplar\u0131n\u0131n ya\u015fad\u0131\u011f\u0131, dezavantajl\u0131 gruplar\u0131n yan\u0131nda oldu\u011fumuz gibi kentin k\u00fclt\u00fcrel yap\u0131s\u0131na uygun sosyal alanlar\u0131n yap\u0131lmas\u0131na \u00e7ok mutlu oldum. \u0130nsanlar \u00e7ok mutlu ve Mersin&#8217;i \u00e7ok ye\u015fil buldum. B\u00fct\u00fcn \u00e7al\u0131\u015fma arkada\u015flar\u0131n\u0131z\u0131n da ayaklar\u0131na ta\u015f de\u011fmesin diyorum&#8221;<\/strong>&nbsp;diye konu\u015ftu.<\/p>\n\n\n\n<p><strong>Karabat: &#8220;Sosyal politika ile sosyal demokrat politika aras\u0131ndaki ba\u011flant\u0131 \u00e7ok do\u011fru kurulmu\u015f&#8221;<\/strong><\/p>\n\n\n\n<p>Vatanda\u015fa \u00e7ok do\u011fru noktalarda dokunuldu\u011funu s\u00f6yleyen CHP Genel Sayman\u0131 ve \u0130stanbul Milletvekili \u00d6zg\u00fcr Karabat,&nbsp;<strong>&#8220;\u00d6zellikle sosyal politika ile sosyal demokrat politika aras\u0131ndaki ba\u011flant\u0131 \u00e7ok do\u011fru kurulmu\u015f. Sahil band\u0131 Mersin&#8217;e girdi\u011finiz anda Mersin art\u0131k ba\u015fka bir \u015fehir oldu\u011funu g\u00f6steren olgu, Mersin&#8217;e \u00e7ok ciddi dokunu\u015fun oldu\u011funu g\u00f6sterir bir noktada. Ben sizden \u00f6nce geldi\u011fimde o sahil band\u0131 son derece bak\u0131ms\u0131z, izbe bir durumdayd\u0131. Fark \u00e7ok net hissediliyor&#8221;<\/strong>&nbsp;dedi. Karabat,&nbsp;<strong>&#8220;Biz iktidara&nbsp;<em>&#8216;Bak burada yap\u0131lm\u0131\u015f\u0131 var&#8217;<\/em>&nbsp;deyip, oradan iktidara do\u011fru y\u00fcr\u00fcmek istiyoruz. Mersin&#8217;de son derece fazla \u00f6rnek var. Biz de bu seyahatten sonra Genel Merkez&#8217;de Mersin&#8217;de yap\u0131lanlar\u0131 daha fazla anlatma \u015fans\u0131n\u0131 yakalar\u0131z, o da partiye ciddi anlamda katk\u0131 sunar. Ben a\u00e7\u0131k\u00e7as\u0131 Mersin&#8217;de yap\u0131lanlar\u0131 eksik anlatt\u0131\u011f\u0131m\u0131z\u0131 g\u00f6rd\u00fcm kendi a\u00e7\u0131mdan&#8221;<\/strong>&nbsp;diyerek, Mersin&#8217;de yap\u0131lan hizmetlerin CHP&#8217;nin iktidara gidi\u015fine de b\u00fcy\u00fck katk\u0131 sundu\u011funu ifade etti.<\/p>\n","protected":false},"excerpt":{"rendered":"<p>Mersin B\u00fcy\u00fck\u015fehir Belediye Ba\u015fkan\u0131 Vahap Se\u00e7er, Cumhuriyet Halk Partisi (CHP) Yerel Y\u00f6netimler ve Diren\u00e7li Kentlerden Sorumlu Genel Ba\u015fkan Yard\u0131mc\u0131s\u0131 ve \u0130stanbul Milletvekili G\u00f6kan Zeybek&#8217;i a\u011f\u0131rlad\u0131. Ziyarette ayr\u0131ca; CHP Genel Sayman\u0131 ve \u0130stanbul Milletvekili \u00d6zg\u00fcr Karabat, CHP Mersin Milletvekili G\u00fclcan K\u0131\u015f, CHP Antalya Milletvekili Cavit Ar\u0131 ile CHP Mersin \u0130l Ba\u015fkan\u0131 Koral \u00d6m\u00fcr de yer ald\u0131. [&hellip;]<\/p>\n","protected":false},"author":2,"featured_media":35536,"comment_status":"closed","ping_status":"closed","sticky":false,"template":"","format":"standard","meta":{"footnotes":""},"categories":[1,2,3],"tags":[],"class_list":["post-35535","post","type-post","status-publish","format-standard","has-post-thumbnail","hentry","category-genel","category-gundem","category-manset"],"views":5,"_links":{"self":[{"href":"https:\/\/mersinkadingazetesi.com\/index.php?rest_route=\/wp\/v2\/posts\/35535"}],"collection":[{"href":"https:\/\/mersinkadingazetesi.com\/index.php?rest_route=\/wp\/v2\/posts"}],"about":[{"href":"https:\/\/mersinkadingazetesi.com\/index.php?rest_route=\/wp\/v2\/types\/post"}],"author":[{"embeddable":true,"href":"https:\/\/mersinkadingazetesi.com\/index.php?rest_route=\/wp\/v2\/users\/2"}],"replies":[{"embeddable":true,"href":"https:\/\/mersinkadingazetesi.com\/index.php?rest_route=%2Fwp%2Fv2%2Fcomments&post=35535"}],"version-history":[{"count":1,"href":"https:\/\/mersinkadingazetesi.com\/index.php?rest_route=\/wp\/v2\/posts\/35535\/revisions"}],"predecessor-version":[{"id":35537,"href":"https:\/\/mersinkadingazetesi.com\/index.php?rest_route=\/wp\/v2\/posts\/35535\/revisions\/35537"}],"wp:featuredmedia":[{"embeddable":true,"href":"https:\/\/mersinkadingazetesi.com\/index.php?rest_route=\/wp\/v2\/media\/35536"}],"wp:attachment":[{"href":"https:\/\/mersinkadingazetesi.com\/index.php?rest_route=%2Fwp%2Fv2%2Fmedia&parent=35535"}],"wp:term":[{"taxonomy":"category","embeddable":true,"href":"https:\/\/mersinkadingazetesi.com\/index.php?rest_route=%2Fwp%2Fv2%2Fcategories&post=35535"},{"taxonomy":"post_tag","embeddable":true,"href":"https:\/\/mersinkadingazetesi.com\/index.php?rest_route=%2Fwp%2Fv2%2Ftags&post=35535"}],"curies":[{"name":"wp","href":"https:\/\/api.w.org\/{rel}","templated":true}]}}