{"id":35539,"date":"2024-09-29T08:33:00","date_gmt":"2024-09-29T05:33:00","guid":{"rendered":"https:\/\/mersinkadingazetesi.com\/?p=35539"},"modified":"2024-09-29T08:33:01","modified_gmt":"2024-09-29T05:33:01","slug":"asil-rekortmen-vahap-secer-mersindeki-oy-artisi-ankaradan-fazla","status":"publish","type":"post","link":"https:\/\/mersinkadingazetesi.com\/?p=35539","title":{"rendered":"&#8220;ASIL REKORTMEN VAHAP SE\u00c7ER MERS\u0130N&#8217;DEK\u0130 OY ARTI\u015eI ANKARA&#8217;DAN FAZLA&#8221;"},"content":{"rendered":"\n<p>Mersin B\u00fcy\u00fck\u015fehir Belediye Ba\u015fkan\u0131 Vahap Se\u00e7er, Ankara B\u00fcy\u00fck\u015fehir Belediye Ba\u015fkan\u0131 Mansur Yava\u015f ile birlikte Cumhuriyet Halk Partisi (CHP) Mut \u0130l\u00e7e Ba\u015fkanl\u0131\u011f\u0131&#8217;n\u0131 ziyaret ederek, partililerle bir araya geldiler.<\/p>\n\n\n\n<p>CHP Mut \u0130l\u00e7e Ba\u015fkanl\u0131\u011f\u0131&#8217;ndaki ziyaretinde Ba\u015fkan Se\u00e7er, T\u00fcrk Halk M\u00fczi\u011fi Sanat\u00e7\u0131s\u0131 Musa Ero\u011flu ile de bir araya gelerek, sohbet etti. Ba\u015fkan Se\u00e7er ve Ba\u015fkan Yava\u015f \u0130l\u00e7e \u00f6rg\u00fct\u00fcnde b\u00fcy\u00fck bir co\u015fku ile kar\u015f\u0131land\u0131.<\/p>\n\n\n\n<p>Ba\u015fkan Se\u00e7er ve Ba\u015fkan Yava\u015f partililer taraf\u0131ndan&nbsp;<strong><em>&#8220;Gelece\u011fi Gen\u00e7ler Se\u00e7er, Yan\u0131nday\u0131z Vahap Se\u00e7er&#8221;<\/em><\/strong>&nbsp;ile&nbsp;<strong><em>&#8220;Mansur Ba\u015fkan&#8221;<\/em><\/strong>&nbsp;sloganlar\u0131 ile kar\u015f\u0131land\u0131. Ziyarette Ba\u015fkan Se\u00e7er&#8217;e B\u00fcy\u00fck\u015fehir Belediyesi&#8217;nin Dosthane&#8217;sinde konaklayan Halit \u015eahin isimli vatanda\u015f taraf\u0131ndan, portresinin \u00e7izili oldu\u011fu ya\u011fl\u0131 boya tablo hediye edildi.<\/p>\n\n\n\n<p><strong>Se\u00e7er: &#8220;Halk dedi ki;&nbsp;<em>&#8216;Ankara&#8217;y\u0131, Mersin&#8217;i, T\u00fcrkiye&#8217;yi y\u00f6netmek ba\u015fkanlara yak\u0131\u015f\u0131r.&#8217; &#8220;<\/em><\/strong><\/p>\n\n\n\n<p>B\u00fcy\u00fck bir co\u015fkuyla kar\u015f\u0131lanan Ba\u015fkan Se\u00e7er, sloganlar e\u015fli\u011finde sahneye \u00e7\u0131kt\u0131. Mutlu hem\u015ferilerine te\u015fekk\u00fcr ederek konu\u015fmas\u0131na ba\u015flayan Se\u00e7er,&nbsp;<strong>&#8220;Yar\u0131nlara hep beraber y\u00fcr\u00fcyece\u011fiz&#8221;<\/strong>&nbsp;dedi. Ba\u015fkan Yava\u015f&#8217;\u0131n de\u011ferli bir Belediye Ba\u015fkan\u0131 oldu\u011funun alt\u0131n\u0131 \u00e7izen Se\u00e7er,&nbsp;<strong>&#8220;2019 y\u0131l\u0131ndan bu yana kendisiyle mevkida\u015f olmaktan, Cumhuriyet Halk Partili 2 B\u00fcy\u00fck\u015fehir Belediye Ba\u015fkan\u0131 olarak ayn\u0131 yolda y\u00fcr\u00fcmekten zaman zaman yard\u0131mla\u015fmaktan, fikirlerimizi ortakla\u015ft\u0131rmaktan ve ger\u00e7ekten yapt\u0131\u011f\u0131m\u0131z hizmetlerle vatanda\u015flar\u0131m\u0131z;&nbsp;<em>&#8216;\u0130\u015fte bizim istedi\u011fimiz muhalefet bu. Bizim istedi\u011fimiz \u00e7al\u0131\u015fma bu, fakirin, fukaran\u0131n, \u00f6\u011frencinin, garibin, gureban\u0131n, ya\u015fl\u0131s\u0131n\u0131n, gencinin yan\u0131nda duran, vatanda\u015f\u0131n i\u00e7inde olan, onun derdiyle dertlenen belediye ba\u015fkanlar\u0131n\u0131 bulduk&#8217;<\/em>&nbsp;diyerek, 2024 y\u0131l\u0131nda bize itibarlar\u0131n\u0131 verdiler. Halk dedi ki;&nbsp;<em>&#8216;Ankara&#8217;y\u0131, Mersin&#8217;i, T\u00fcrkiye&#8217;yi y\u00f6netmek ba\u015fkanlara yak\u0131\u015f\u0131r&#8217;&nbsp;<\/em>&#8220;<\/strong>&nbsp;s\u00f6zlerine yer verdi.<\/p>\n\n\n\n<p><strong>&#8220;Kazanaca\u011f\u0131z, buna can\u0131 y\u00fcrekten inan\u0131yorum&#8221;<\/strong><\/p>\n\n\n\n<p>Birlikten g\u00fc\u00e7 do\u011faca\u011f\u0131n\u0131n alt\u0131n\u0131 \u00e7izen Se\u00e7er,&nbsp;<strong>&#8220;Bir olursak g\u00fc\u00e7leniriz, rakiplerimizle daha kudretli bir m\u00fccadeleyi s\u00fcrd\u00fcr\u00fcr\u00fcz ve kazan\u0131r\u0131z. Kazanaca\u011f\u0131z da, buna can\u0131 y\u00fcrekten inan\u0131yorum. Sizlerle, hep beraber kazanaca\u011f\u0131z. Yolumuz belli, bizim yolumuz; Mustafa Kemal&#8217;in yolu, bayra\u011f\u0131m\u0131z ay-y\u0131ld\u0131zl\u0131 al bayrak, bundan sonras\u0131 teferruat bizim i\u00e7in&#8221;<\/strong>&nbsp;dedi. CHP Mut \u0130l\u00e7e Ba\u015fkan\u0131 se\u00e7ilen Abdurrahman G\u00fcnay&#8217;\u0131 tebrik eden ve g\u00f6revinde ba\u015far\u0131lar dileyen Se\u00e7er,&nbsp;<strong>&#8220;Kendinin \u015fahs\u0131nda y\u00f6netim kurulunda g\u00f6rev alacak t\u00fcm arkada\u015flar\u0131m\u0131za, bundan sonraki s\u00fcre\u00e7te bizimle beraber y\u00fcr\u00fcyecek, Mut&#8217;ta, Cumhuriyet Halk Partimizi daha g\u00fc\u00e7lendirecek, hizmetlerimizi halka anlatacak, iktidara bizi haz\u0131rlayacak olan sizler de\u011ferlisiniz, \u00f6nemlisiniz. Hep beraber birlikte daha g\u00fc\u00e7l\u00fc olaca\u011f\u0131z&#8221;<\/strong>&nbsp;diyerek, co\u015fkulu a\u011f\u0131rlama i\u00e7in Mut halk\u0131na te\u015fekk\u00fcr etti.<\/p>\n\n\n\n<p><strong>Yava\u015f: &#8220;T\u00fcrkiye&#8217;yi, bekledi\u011fi o g\u00fczel g\u00fcnlere eri\u015ftirece\u011fimiz g\u00fcnler yak\u0131n&#8221;<\/strong><\/p>\n\n\n\n<p>CHP&#8217;li Belediye ba\u015fkanlar\u0131n\u0131n g\u00f6sterdi\u011fi ba\u015far\u0131 sayesinde T\u00fcrkiye genelinde parti oylar\u0131n\u0131n artt\u0131\u011f\u0131n\u0131 belirten Ankara B\u00fcy\u00fck\u015fehir Belediye Ba\u015fkan\u0131 Mansur Yava\u015f,&nbsp;<strong>&#8220;11 B\u00fcy\u00fck\u015fehir Belediye Ba\u015fkan\u0131 olarak hepimiz gayet g\u00fczel \u00e7al\u0131\u015ft\u0131k ve say\u0131m\u0131z\u0131 art\u0131rd\u0131k. Oylar\u0131m\u0131z\u0131 belediye ba\u015fkanlar\u0131m\u0131zla art\u0131rd\u0131k. B\u00fcy\u00fck\u015fehirlerin y\u00fczde 60&#8217;\u0131n\u0131 \u015fu anda Cumhuriyet Halk Partili Belediye Ba\u015fkanlar\u0131 y\u00f6netiyor. Demek ki bu insanlarda y\u00f6netme kabiliyeti var ki her yerde oy artt\u0131. Umar\u0131m bu sefer 413 belediye ba\u015fkan\u0131 olarak hep birlikte \u00e7al\u0131\u015fmak suretiyle T\u00fcrkiye&#8217;yi, T\u00fcrk milletini bekledi\u011fi o g\u00fczel g\u00fcnlere eri\u015ftirece\u011fimiz g\u00fcnler son derece yak\u0131n&#8221;&nbsp;<\/strong>dedi.<\/p>\n\n\n\n<p><strong>&#8220;Erken se\u00e7imde, \u00e7ok b\u00fcy\u00fck bir farkla T\u00fcrkiye&#8217;yi eski ayarlar\u0131na d\u00f6nd\u00fcrece\u011fiz&#8221;<\/strong><\/p>\n\n\n\n<p>\u0130ktidar\u0131n, \u00fclkenin t\u00fcm kaynaklar\u0131n\u0131 t\u00fcketti\u011fini s\u00f6zlerine ekleyen Yava\u015f,&nbsp;<strong>&#8220;\u0130ktidar bir\u00e7ok konuda eksik kal\u0131yor. Yeti\u015femiyor. \u00c7\u00fcnk\u00fc yok, deniz t\u00fckendi. Onlar\u0131n yapamad\u0131\u011f\u0131 yerde bizler devreye giriyoruz. Darda kalan ki\u015fi kafas\u0131n\u0131 kald\u0131rd\u0131\u011f\u0131 zaman Cumhuriyet Halk Partili bir belediye ba\u015fkan\u0131n\u0131 kendisine elini uzatm\u0131\u015f olarak g\u00f6r\u00fcyor. Dolay\u0131s\u0131yla bu mant\u0131kla \u00e7al\u0131\u015farak yap\u0131labilecek en erken genel se\u00e7imde \u00e7ok b\u00fcy\u00fck bir farkla T\u00fcrkiye&#8217;yi eski ayarlar\u0131na d\u00f6nd\u00fcrece\u011fiz&#8221;<\/strong>&nbsp;diye konu\u015ftu.<\/p>\n\n\n\n<p><strong>&#8220;\u00c7\u00f6ken t\u00fcm kurumlar\u0131 Cumhuriyet&#8217;in kurulu\u015f ayarlar\u0131na d\u00f6nd\u00fcrece\u011fiz&#8221;<\/strong><\/p>\n\n\n\n<p>Yava\u015f, genel iktidara geldikleri zaman, devletin t\u00fcm kurumlar\u0131n\u0131 Cumhuriyet&#8217;in temel prensipleri \u00e7er\u00e7evesinde yeniden yap\u0131land\u0131racaklar\u0131n\u0131 belirterek,&nbsp;<strong>&#8220;Milli E\u011fitim ba\u015fta olmak \u00fczere T\u00fcrkiye&#8217;nin \u00e7\u00f6ken b\u00fct\u00fcn kurumlar\u0131n\u0131 rehabilite etmek, tekrar aya\u011fa kald\u0131r\u0131p Cumhuriyet&#8217;in kurulu\u015f ayarlar\u0131na d\u00f6nd\u00fcrmekten ba\u015fka hi\u00e7bir gayemiz yoktur. Bizler gelecek nesiller i\u00e7in \u00e7al\u0131\u015f\u0131yoruz. Bu saatten sonra bekleyebilece\u011fimiz herhangi bir makam yoktur. Ama bu g\u00fczel vatan\u0131 bize emanet eden insanlara borcumuz var. Nas\u0131l Mustafa Kemal Atat\u00fcrk bu vatan\u0131 ba\u011f\u0131ms\u0131z bir \u015fekilde bize emanet ettiyse, biz de torunlar\u0131m\u0131za ayn\u0131 \u015fekilde teslim etmek zorunday\u0131z ve bunun i\u00e7in \u00e7al\u0131\u015f\u0131yoruz. Ba\u015faraca\u011f\u0131m\u0131zdan eminiz&#8221;<\/strong>&nbsp;ifadelerine yer verdi.<\/p>\n\n\n\n<p><strong>&#8220;As\u0131l rekortmen burada. Mersin&#8217;deki oy art\u0131\u015f\u0131 Ankara&#8217;dan fazla&#8221;<\/strong><\/p>\n\n\n\n<p>Ba\u015fkan Vahap Se\u00e7er&#8217;in, hizmetlerinde ayr\u0131m yapmad\u0131\u011f\u0131n\u0131 ifade eden Yava\u015f,&nbsp;<strong>&#8220;Mut Belediye Ba\u015fkan\u0131ma da Vahap Ba\u015fkan\u0131m\u0131 sordum.&nbsp;<em>&#8216;Hi\u00e7 kimseyi ay\u0131rmadan \u00e7al\u0131\u015f\u0131yor, hakk\u0131n\u0131 teslim ederim&#8217;<\/em>&nbsp;dedi. Bizler zaten se\u00e7ilinceye kadar partiliyiz, se\u00e7ildikten sonra herkesin belediye ba\u015fkan\u0131y\u0131z. Bunu ispat ettik ki oylar\u0131m\u0131z\u0131 att\u0131. 60.5 diye beni T\u00fcrkiye rekortmeni ilan ettiler. Benim oyum 51&#8217;di, 60.5 oldu. Ama burada as\u0131l rekortmen oturuyor. Mersin&#8217;deki oy art\u0131\u015f\u0131 Ankara&#8217;dan fazla, hakk\u0131n\u0131 verelim ve ger\u00e7ek rekortmeni bir daha alk\u0131\u015flayal\u0131m&#8221;<\/strong>&nbsp;dedi.<\/p>\n\n\n\n<p>CHP&#8217;nin hassasiyetlerinin Gazi Mustafa Kemal Atat\u00fcrk, bayrak ve Anayasa&#8217;n\u0131n de\u011fi\u015fmez maddeleri oldu\u011funu s\u00f6yleyerek konu\u015fmas\u0131n\u0131 s\u00fcrd\u00fcren Yava\u015f, \u015funlar\u0131 s\u00f6yledi:<\/p>\n\n\n\n<p><strong>&#8220;Televizyonlara \u00e7\u0131k\u0131p&nbsp;<em>&#8216;4. maddeyi kald\u0131ral\u0131m&#8217;<\/em>&nbsp;diyerek, ilk \u00fc\u00e7 maddeyi de kald\u0131racak \u015fekilde \u015fimdiden tezgah kurmaya kalkanlar\u0131n; ad\u0131 ne olursa olsun, bu milletle, bu vatanla, T\u00fcrk bayra\u011f\u0131yla problemi olan herkese biz de kar\u015f\u0131y\u0131z. Biz T\u00fcrk&#8217;\u00fcz. Mustafa Kemal Atat\u00fcrk;&nbsp;<em>&#8216;Ne Mutlu T\u00fcrk\u00fcm Diyene&#8217;<\/em>&nbsp;demi\u015f T\u00fcrk olana dememi\u015f. Bu \u00fclkede ya\u015fad\u0131\u011f\u0131 i\u00e7in mutlu, keyifli ve gururlu olan herkesle beraberiz. \u00dclkeyi sevmek, \u00fclke ile gururlanmak, mazimizle gururlanmak hi\u00e7bir zaman su\u00e7 de\u011fildir.&#8221;<\/strong><\/p>\n\n\n\n<p><strong>G\u00fcnay: &#8220;\u0130ki ba\u015fkan\u0131m\u0131z da bizlerin gurur kayna\u011f\u0131&#8221;<\/strong><\/p>\n\n\n\n<p>Ba\u015fkan Se\u00e7er ve Ba\u015fkan Yava\u015f&#8217;\u0131n Mut \u0130l\u00e7e Ba\u015fkanl\u0131\u011f\u0131&#8217;n\u0131 ziyaretinden onur duyduklar\u0131n\u0131 belirten, CHP Mut \u0130l\u00e7e Ba\u015fkan\u0131 Abdurrahman G\u00fcnay,<strong>&nbsp;&#8220;Her iki Belediye Ba\u015fkan\u0131m\u0131z da vatanda\u015flar\u0131n sorunlar\u0131na \u00e7\u00f6z\u00fcm \u00fcretme noktas\u0131nda yapt\u0131\u011f\u0131 \u00e7al\u0131\u015fmalarla bu oyu ald\u0131lar ve bizlerin gurur kayna\u011f\u0131 oldular. B\u00fcy\u00fck\u015fehir Belediye Ba\u015fkan\u0131m\u0131z Vahap Se\u00e7er, il\u00e7emizde B\u00fcy\u00fck\u015fehir Belediyesi olarak yap\u0131lmas\u0131 gereken b\u00fct\u00fcn hizmetleri eksiksiz olarak yerine getiriyor. Yapt\u0131\u011f\u0131 ba\u015far\u0131l\u0131 \u00e7al\u0131\u015fmalarla bu zihniyete&nbsp;<em>&#8216;dur&#8217;<\/em>&nbsp;diyebilecek bir oy oran\u0131 ile \u00e7al\u0131\u015fma yapan Ankara B\u00fcy\u00fck\u015fehir Belediye Ba\u015fkan\u0131m\u0131z\u0131n da ba\u015far\u0131s\u0131 bizleri \u00e7ok gururland\u0131r\u0131yor. Her iki ba\u015fkan\u0131m\u0131za da \u00f6rg\u00fct\u00fcm ve Mut halk\u0131 ad\u0131na \u00e7ok te\u015fekk\u00fcr ediyorum&#8221;&nbsp;<\/strong>dedi.<\/p>\n","protected":false},"excerpt":{"rendered":"<p>Mersin B\u00fcy\u00fck\u015fehir Belediye Ba\u015fkan\u0131 Vahap Se\u00e7er, Ankara B\u00fcy\u00fck\u015fehir Belediye Ba\u015fkan\u0131 Mansur Yava\u015f ile birlikte Cumhuriyet Halk Partisi (CHP) Mut \u0130l\u00e7e Ba\u015fkanl\u0131\u011f\u0131&#8217;n\u0131 ziyaret ederek, partililerle bir araya geldiler. CHP Mut \u0130l\u00e7e Ba\u015fkanl\u0131\u011f\u0131&#8217;ndaki ziyaretinde Ba\u015fkan Se\u00e7er, T\u00fcrk Halk M\u00fczi\u011fi Sanat\u00e7\u0131s\u0131 Musa Ero\u011flu ile de bir araya gelerek, sohbet etti. Ba\u015fkan Se\u00e7er ve Ba\u015fkan Yava\u015f \u0130l\u00e7e \u00f6rg\u00fct\u00fcnde b\u00fcy\u00fck [&hellip;]<\/p>\n","protected":false},"author":2,"featured_media":35540,"comment_status":"closed","ping_status":"closed","sticky":false,"template":"","format":"standard","meta":{"footnotes":""},"categories":[2,3,5],"tags":[],"class_list":["post-35539","post","type-post","status-publish","format-standard","has-post-thumbnail","hentry","category-gundem","category-manset","category-mersin"],"views":9,"_links":{"self":[{"href":"https:\/\/mersinkadingazetesi.com\/index.php?rest_route=\/wp\/v2\/posts\/35539"}],"collection":[{"href":"https:\/\/mersinkadingazetesi.com\/index.php?rest_route=\/wp\/v2\/posts"}],"about":[{"href":"https:\/\/mersinkadingazetesi.com\/index.php?rest_route=\/wp\/v2\/types\/post"}],"author":[{"embeddable":true,"href":"https:\/\/mersinkadingazetesi.com\/index.php?rest_route=\/wp\/v2\/users\/2"}],"replies":[{"embeddable":true,"href":"https:\/\/mersinkadingazetesi.com\/index.php?rest_route=%2Fwp%2Fv2%2Fcomments&post=35539"}],"version-history":[{"count":1,"href":"https:\/\/mersinkadingazetesi.com\/index.php?rest_route=\/wp\/v2\/posts\/35539\/revisions"}],"predecessor-version":[{"id":35541,"href":"https:\/\/mersinkadingazetesi.com\/index.php?rest_route=\/wp\/v2\/posts\/35539\/revisions\/35541"}],"wp:featuredmedia":[{"embeddable":true,"href":"https:\/\/mersinkadingazetesi.com\/index.php?rest_route=\/wp\/v2\/media\/35540"}],"wp:attachment":[{"href":"https:\/\/mersinkadingazetesi.com\/index.php?rest_route=%2Fwp%2Fv2%2Fmedia&parent=35539"}],"wp:term":[{"taxonomy":"category","embeddable":true,"href":"https:\/\/mersinkadingazetesi.com\/index.php?rest_route=%2Fwp%2Fv2%2Fcategories&post=35539"},{"taxonomy":"post_tag","embeddable":true,"href":"https:\/\/mersinkadingazetesi.com\/index.php?rest_route=%2Fwp%2Fv2%2Ftags&post=35539"}],"curies":[{"name":"wp","href":"https:\/\/api.w.org\/{rel}","templated":true}]}}