{"id":35542,"date":"2024-09-29T08:34:42","date_gmt":"2024-09-29T05:34:42","guid":{"rendered":"https:\/\/mersinkadingazetesi.com\/?p=35542"},"modified":"2024-09-29T08:34:43","modified_gmt":"2024-09-29T05:34:43","slug":"halk-ulkeyi-siz-yonetin-diyecek-buna-cani-yurekten-inaniyorum","status":"publish","type":"post","link":"https:\/\/mersinkadingazetesi.com\/?p=35542","title":{"rendered":"&#8220;HALK &#8216;\u00dcLKEY\u0130 S\u0130Z Y\u00d6NET\u0130N&#8217; D\u0130YECEK, BUNA CANI Y\u00dcREKTEN \u0130NANIYORUM&#8221;"},"content":{"rendered":"\n<p>Mersin B\u00fcy\u00fck\u015fehir Belediye Ba\u015fkan\u0131 Vahap Se\u00e7er; Ankara B\u00fcy\u00fck\u015fehir Belediye Ba\u015fkan\u0131 Mansur Yava\u015f ile birlikte, Mersin B\u00fcy\u00fck\u015fehir Belediyesi&#8217;nin de destekleriyle Mut Belediyesi taraf\u0131ndan&nbsp;<strong><em>&#8216;Sa\u011fl\u0131k Zeytinden Zeytin Mut&#8217;tan&#8217;<\/em><\/strong>&nbsp;slogan\u0131yla d\u00fczenlenen&nbsp;<strong><em>&#8220;1. Mut Zeytin ve Zeytinya\u011f\u0131 Festivali&#8221;<\/em><\/strong>nin a\u00e7\u0131l\u0131\u015f program\u0131na kat\u0131ld\u0131.<\/p>\n\n\n\n<p><strong>Mut&#8217;ta yo\u011fun kat\u0131l\u0131ml\u0131 festival a\u00e7\u0131l\u0131\u015f\u0131&#8230;<\/strong><\/p>\n\n\n\n<p>Mut Karacao\u011flan \u00c7\u0131naralt\u0131 Park\u0131&#8217;nda ger\u00e7ekle\u015ftirilen festivalin a\u00e7\u0131l\u0131\u015f program\u0131nda sayg\u0131 duru\u015fu ve \u0130stiklal Mar\u015f\u0131&#8217;n\u0131n ard\u0131ndan Mut Belediyesi Halk Oyunlar\u0131 Toplulu\u011fu g\u00f6sterilerini sergiledi ve ard\u0131ndan protokol konu\u015fmalar\u0131na ge\u00e7ildi.<\/p>\n\n\n\n<p><strong>Se\u00e7er: &#8220;Mut&#8217;umuzdan bereket ak\u0131yor&#8221;<\/strong><\/p>\n\n\n\n<p>Mut&#8217;un bereketli topraklar\u0131 oldu\u011funu s\u00f6yleyerek konu\u015fmas\u0131na ba\u015flayan Ba\u015fkan Se\u00e7er, &#8220;<strong>Mut&#8217;umuzdan bereket ak\u0131yor. Her zaman s\u00f6yl\u00fcyoruz, Mut&#8217;la \u00f6v\u00fcn\u00fcyoruz, Mut&#8217;a geliyoruz mutlu oluyoruz. \u00c7al\u0131\u015fan, emek eden, al\u0131nteri d\u00f6ken insandan zarar gelmez. Hepimiz \u00e7al\u0131\u015faca\u011f\u0131z, 7&#8217;den 77&#8217;ye. E\u011fer d\u00fcnyayla rekabet etmek istiyorsak \u00e7al\u0131\u015faca\u011f\u0131z. Biz \u00e7al\u0131\u015faca\u011f\u0131z, birlik ve beraberlik i\u00e7erisinde olaca\u011f\u0131z, birbirimizi sar\u0131p sarmalayaca\u011f\u0131z&#8221;<\/strong>&nbsp;dedi. Toplumun hi\u00e7bir kesimine kar\u015f\u0131 ayr\u0131mc\u0131 davranmad\u0131klar\u0131n\u0131 vurgulayan Se\u00e7er,&nbsp;<strong>&#8220;Do\u011fudan bat\u0131ya, kuzeyden g\u00fcneye buras\u0131 Anadolu. Bizim bulu\u015faca\u011f\u0131m\u0131z nokta belli, bizim m\u00fcr\u015fidimiz belli; Gazi Mustafa Kemal Atat\u00fcrk. Bayra\u011f\u0131m\u0131z ay-y\u0131ld\u0131zl\u0131 Albayrak, hep onun \u00e7at\u0131s\u0131 alt\u0131nda, g\u00f6lgesinde bir arada olaca\u011f\u0131z&#8221;<\/strong>&nbsp;diye konu\u015ftu.<\/p>\n\n\n\n<p><strong>&#8220;Halk&nbsp;<em>&#8216;\u00dclkeyi siz y\u00f6netin&#8217;<\/em>&nbsp;diyecek, buna can\u0131 y\u00fcrekten inan\u0131yorum&#8221;<\/strong><\/p>\n\n\n\n<p>Mut&#8217;un \u00fcreten insanlardan olu\u015ftu\u011funu ve B\u00fcy\u00fck\u015fehir olarak her zaman desteklediklerini s\u00f6yleyen Se\u00e7er,&nbsp;<strong>&#8220;Mut \u00fcretmeye devam ettik\u00e7e biz de Mut&#8217;a deste\u011fe devam edece\u011fiz. Bizim g\u00f6revimiz bu, onun i\u00e7in bize rekor oy ile destek verdiniz. Mut halk\u0131na te\u015fekk\u00fcr ediyoruz. Hi\u00e7 merak etmeyin sorumlulu\u011fumuzu, g\u00f6revimizi biliyoruz. Haram yemiyoruz, sizler i\u00e7in \u00e7al\u0131\u015f\u0131yoruz&#8221;<\/strong>&nbsp;diyerek, daha fazla \u00e7al\u0131\u015f\u0131p Mersin&#8217;i daha fazla g\u00fc\u00e7lendireceklerini vurgulad\u0131. Halk\u0131n se\u00e7erek g\u00f6reve getirdi\u011fi Belediye Ba\u015fkanlar\u0131ndan hizmet bekledi\u011fini kaydeden Se\u00e7er,&nbsp;<strong>&#8220;Belki de ilk se\u00e7imlerde diyecekler ki&nbsp;<em>&#8216;Bak\u0131n Belediyede ne g\u00fczel hizmetler yap\u0131yorlar, ayr\u0131mc\u0131l\u0131k da yapm\u0131yorlar, adaletsizlik de yapm\u0131yorlar, herkesi kucakl\u0131yorlar. O zaman \u00fclkeyi sizler y\u00f6netin, bu \u00fclkenin evlad\u0131 de\u011fil misiniz siz y\u00f6netin&#8217;<\/em>&nbsp;diyecekler. Ben buna can\u0131 y\u00fcrekten inan\u0131yorum&#8221;<\/strong>&nbsp;dedi.<\/p>\n\n\n\n<p><strong>&#8220;D\u00fcnyada Mut&#8217;un zeytini, zeytinya\u011f\u0131 aran\u0131r olsun&#8221;<\/strong><\/p>\n\n\n\n<p>Bir \u00e7ocu\u011fun okudu\u011fu \u015fiirden&nbsp;<strong><em>&#8216;Zeytinin ba\u015fkenti Mut olsun gari&#8217;<\/em><\/strong>&nbsp;k\u0131sm\u0131n\u0131 al\u0131nt\u0131layan Se\u00e7er,&nbsp;<strong>&#8220;\u0130\u015fte size bir motto yaratt\u0131. Mut&#8217;un zeytinya\u011f\u0131 ba\u015fka markalar ad\u0131 alt\u0131nda sanki ba\u015fka b\u00f6lgenin zeytinya\u011f\u0131 gibi pazarlan\u0131yor. \u00dcretim g\u00fczel ama ak\u0131ll\u0131 hareket edece\u011fiz, marka yarataca\u011f\u0131z, tan\u0131taca\u011f\u0131z. D\u00fcnyada Mut&#8217;un zeytini, zeytinya\u011f\u0131 aran\u0131r olsun&#8221;<\/strong>&nbsp;s\u00f6zlerine yer verdi.<\/p>\n\n\n\n<p><strong>&#8220;Halk\u0131m\u0131z samimi \u00e7al\u0131\u015fmay\u0131, hizmeti, eme\u011fi, al\u0131n terini g\u00f6rd\u00fc ve deste\u011fini verdi&#8221;<\/strong><\/p>\n\n\n\n<p>Ankara B\u00fcy\u00fck\u015fehir Belediye Ba\u015fkan\u0131 Mansur Yava\u015f&#8217;\u0131n da Mut Zeytinya\u011f\u0131&#8217;n\u0131 denemesi \u00f6nerisinde bulunda ve birlikten g\u00fc\u00e7 do\u011faca\u011f\u0131n\u0131 belirterek,&nbsp;<strong>&#8220;Mut zengin bir il\u00e7emiz, co\u011frafyas\u0131 geni\u015f, en y\u00fcksek tar\u0131msal deste\u011fi yapt\u0131\u011f\u0131m\u0131z il\u00e7elerden bir tanesi buras\u0131.&nbsp;<em>&#8216;Adalet, hak&#8217;<\/em>&nbsp;dedik,&nbsp;<em>&#8216;Ayr\u0131mc\u0131l\u0131k yapmayaca\u011f\u0131z&#8217;<\/em>&nbsp;dedik, yapmad\u0131k. Benim derdim oy almak de\u011fil ama mesele oy ise zaten halk bunu 31 Mart&#8217;ta g\u00f6rd\u00fc. O samimi \u00e7al\u0131\u015fmay\u0131, hizmeti, eme\u011fi, al\u0131n terini g\u00f6rd\u00fc ve deste\u011fini verdi&#8221;<\/strong>&nbsp;\u015feklinde konu\u015ftu. Daha \u00e7ok hizmet yapmay\u0131 s\u00fcrd\u00fcreceklerinin alt\u0131n\u0131 \u00e7izen Se\u00e7er,&nbsp;<strong>&#8220;Daha \u00e7ok gelece\u011fiz. Nerede ne derdiniz var, ne sorununuz var hepsini \u00e7\u00f6zece\u011fiz. Umar\u0131m \u00f6n\u00fcm\u00fczdeki s\u00fcre\u00e7te bir de Ankara&#8217;n\u0131n deste\u011fini alacak f\u0131rsat bulursak zaten de\u011fmeyin keyfimize. O zaman her \u015fey \u00e7ok \u00e7ok daha g\u00fczel olacak&#8221;<\/strong>&nbsp;diye konu\u015ftu.<\/p>\n\n\n\n<p><strong>&#8220;Sizi seven, sayan, sizi de\u011ferli g\u00f6ren Belediye Ba\u015fkanlar\u0131n\u0131z var art\u0131k&#8221;<\/strong><\/p>\n\n\n\n<p>Konu\u015fmas\u0131n\u0131 bitirirken kat\u0131lan herkesin e\u011flenmesini temenni eden Se\u00e7er,&nbsp;<strong>&#8220;Bereketli olsun kazanc\u0131n\u0131z, r\u0131zk\u0131m\u0131z bol olsun, her \u015fey g\u00fczel olsun, mutluluk olsun, karde\u015flik olsun. Hepimizin arzusu bu, bir arada olaca\u011f\u0131z. Hepinizi seviyoruz, say\u0131yoruz, kendinizi iyi hissedin, kendinizi g\u00fcvende hissedin. Sizi seven, sayan, sizi de\u011ferli g\u00f6ren Belediye Ba\u015fkanlar\u0131n\u0131z var art\u0131k. Huzurlu olun, hi\u00e7 merak etmeyin. En k\u00f6t\u00fc g\u00fcn\u00fcm\u00fcz b\u00f6yle olsun&#8221;<\/strong>&nbsp;diyerek, Mut&#8217;a yine geleceklerini ve kucakla\u015facaklar\u0131n\u0131 s\u00f6yledi.<\/p>\n\n\n\n<p><strong>Yava\u015f: &#8220;Bizler emanet\u00e7iyiz, ger\u00e7ek patron halkt\u0131r&#8221;<\/strong><\/p>\n\n\n\n<p>Mut Belediyesi&#8217;nin d\u00fczenledi\u011fi festivale kat\u0131lmaktan mutluluk duydu\u011funu s\u00f6yleyen Ankara B\u00fcy\u00fck\u015fehir Belediye Ba\u015fkan\u0131 Mansur Yava\u015f,&nbsp;<strong>&#8220;Mut&#8217;un da T\u00fcrkiye&#8217;deki di\u011fer yerler gibi \u00e7ok de\u011ferli eserleri var ve bunlar g\u00fcn y\u00fcz\u00fcne \u00e7\u0131k\u0131p tan\u0131t\u0131lmay\u0131 bekliyor. Mut&#8217;a geldik mutlu olduk&#8221;<\/strong>&nbsp;dedi.<\/p>\n\n\n\n<p>CHP&#8217;li belediye ba\u015fkanlar\u0131n\u0131n, belediyecili\u011fin sadece yol ve kald\u0131r\u0131m yapmaktan ibaret olmad\u0131\u011f\u0131n\u0131 g\u00f6sterdi\u011fini s\u00f6yleyen Yava\u015f,&nbsp;<strong>&#8220;Vatanda\u015f\u0131n ihtiyac\u0131 oldu\u011funda,&nbsp;<em>&#8216;bana kim yard\u0131m edecek&#8217;<\/em>&nbsp;dedi\u011fi zaman elini uzatan bir kurumun belediye oldu\u011funu halka anlatmaya \u00e7al\u0131\u015ft\u0131k. Bizler halk\u0131n oylar\u0131yla se\u00e7iliyoruz. Onlar\u0131n verdi\u011fi b\u00fct\u00e7eyi y\u00f6netiyoruz. Bizler emanet\u00e7iyiz, patron de\u011filiz. Ger\u00e7ek patron halkt\u0131r. Paran\u0131n sahibi, emanetin sahibi halkt\u0131r. Bu nedenle&nbsp;<em>&#8216;\u00e7\u0131lg\u0131n proje yap\u0131yoruz&#8217;&nbsp;<\/em>diye halk\u0131n tertemiz paras\u0131n\u0131 hi\u00e7bir zaman bo\u015fa harcamad\u0131k. Ger\u00e7ek, asli ihtiya\u00e7lar ne ise oralara harcad\u0131k&#8221;<\/strong>&nbsp;diye konu\u015ftu.<\/p>\n\n\n\n<p><strong>&#8220;Vatanda\u015f, paray\u0131 \u00e7ar\u00e7ur etmeyen y\u00f6neticileri g\u00f6rd\u00fc&#8221;<\/strong><\/p>\n\n\n\n<p>En \u00e7ok ihtiyac\u0131 oldu\u011fu anda sosyal hizmetleriyle vatanda\u015flar\u0131n yan\u0131nda olduklar\u0131n\u0131 kaydeden Yava\u015f,&nbsp;<strong>&#8220;Vatanda\u015f,&nbsp;<em>&#8216;bunlar\u0131 se\u00e7erseniz \u015f\u00f6yle olur, b\u00f6yle olur&#8217;&nbsp;<\/em>laf\u0131n\u0131n tam tersine kendi paralar\u0131n\u0131 \u00e7ar\u00e7ur etmeyen, kendi paras\u0131n\u0131 harcamad\u0131\u011f\u0131 hi\u00e7bir yere belediyenin paras\u0131n\u0131 da harcamayan y\u00f6neticileri g\u00f6rd\u00fc&#8221;<\/strong>&nbsp;ifadelerini kulland\u0131.<\/p>\n\n\n\n<p><strong>&#8220;T\u00fcrkiye rekoru Vahap ba\u015fkan\u0131ma ait&#8221;<\/strong><\/p>\n\n\n\n<p>CHP&#8217;li 11 B\u00fcy\u00fck\u015fehir Belediye Ba\u015fkan\u0131&#8217;n\u0131n 2019 y\u0131l\u0131 sonras\u0131nda yapt\u0131klar\u0131 \u00f6rnek belediyecilik hizmetleri ile halk\u0131n takdirini kazand\u0131\u011f\u0131n\u0131 belirten Yava\u015f,&nbsp;<strong>&#8220;\u00d6rnek bir belediyecilik yapt\u0131k ki hem Mersinde Vahap Ba\u015fkan\u0131m\u0131 hem Ankara&#8217;da bizi rekor oyla se\u00e7tiler. Nas\u0131l yapt\u0131k? Vahap Ba\u015fkan&#8217;\u0131m\u0131n s\u00f6yledi\u011fi gibi&nbsp;<em>&#8216;Siz oy vermediniz&#8217;<\/em>&nbsp;diye gitmemek yerine \u00e7al\u0131\u015farak onlar\u0131 utand\u0131rd\u0131k. Y\u00fczde 60 oyla T\u00fcrkiye rekoru k\u0131rd\u0131k. T\u00fcrkiye rekoru k\u0131rd\u0131k derken bir hakk\u0131 teslime edeyim. Rekor Vahap Ba\u015fkan\u0131ma ait. Evet biz y\u00fczde 60,5 ile 30 puan fark att\u0131k ama Vahap Ba\u015fkan&#8217;\u0131m\u0131n ge\u00e7en se\u00e7imle bu se\u00e7im aras\u0131ndaki fark\u0131na bakt\u0131\u011f\u0131n\u0131z zaman rekor k\u0131ran Vahap Ba\u015fkan&#8217;\u0131md\u0131r, kendisini tebrik ediyorum. Onun yapt\u0131\u011f\u0131 \u00e7al\u0131\u015fmalar\u0131 de\u011ferlendiren t\u00fcm Mersin halk\u0131na da sonsuz te\u015fekk\u00fcrler ediyorum&#8221;<\/strong>&nbsp;dedi.<\/p>\n\n\n\n<p><strong>&#8220;T\u00fcm kurumlar\u0131 aya\u011fa kald\u0131rmak i\u00e7in bizimle i\u015fbirli\u011fi yapan herkesle beraber olmaya haz\u0131r\u0131z&#8221;<\/strong><\/p>\n\n\n\n<p>Vatan\u0131n, \u0130stiklal Mar\u015f\u0131&#8217;n\u0131n ve bayra\u011f\u0131n \u00fclkede ya\u015fayan herkesin ortak de\u011feri olmas\u0131 gerekti\u011fini ve bu k\u00fclt\u00fcr\u00fc benimseyen herkes ile yan yana olmaya devam edeceklerini kaydeden Yava\u015f,&nbsp;<strong>&#8220;Bizleri bir hedef bekliyor. Hangi partiye ait olursa olsun, ortak de\u011ferlerimiz; vatan\u0131m\u0131z, bayra\u011f\u0131m\u0131z, \u0130stiklal Mar\u015f\u0131m\u0131z, T\u00fcrkiye&#8217;mizdir. T\u00fcrkiye Cumhuriyeti&#8217;nin ad\u0131yla T\u00fcrk kimli\u011fiyle derdi olmayan herkesle yan yana y\u00fcr\u00fcmeye haz\u0131r\u0131z. Cumhuriyete sahip \u00e7\u0131kan herkesle, bu \u00fclkede birlik, beraberlik i\u00e7erisinde ya\u015famak isteyen, ortak ya\u015fama k\u00fclt\u00fcr\u00fcne sahip olmak isteyen herkesle yan yana olmaya devam edece\u011fiz. \u015eimdi s\u0131ra geldi Vahap Ba\u015fkan&#8217;\u0131m\u0131n dedi\u011fi gibi; bu yolda \u00fclkeyi tekrar eksikleriyle, gedikleriyle bir an \u00f6nce g\u00fc\u00e7lendirilmi\u015f parlamenter sisteme d\u00f6nd\u00fcrmeye. Mustafa Kemal Atat\u00fcrk&#8217;\u00fcn bize emanet etti\u011fi, \u015fu anda \u00e7\u00f6ken adaletinden sa\u011fl\u0131\u011f\u0131ndan, e\u011fitimine kadar t\u00fcm kurumlar\u0131 yeniden aya\u011fa kald\u0131rmak i\u00e7in bizimle i\u015fbirli\u011fi yapan herkesle beraber olmaya haz\u0131r\u0131z ve bu konuda da iddial\u0131y\u0131z&#8221;<\/strong>&nbsp;ifadelerini kulland\u0131.<\/p>\n\n\n\n<p><strong>Orhan: &#8220;Amac\u0131m\u0131z, zeytini ve zeytinya\u011f\u0131n\u0131 hak etti\u011fi noktaya ta\u015f\u0131mak&#8221;<\/strong><\/p>\n\n\n\n<p>Mut Belediye Ba\u015fkan\u0131 Murat Orhan, festivalin a\u00e7\u0131l\u0131\u015f\u0131nda yapt\u0131\u011f\u0131 konu\u015fmas\u0131nda ekonomisinin y\u00fczde 90&#8217;\u0131 tar\u0131ma dayal\u0131 olan Mut&#8217;ta, zeytin ve zeytinya\u011f\u0131n\u0131n hak etti\u011fi de\u011feri g\u00f6rmesi i\u00e7in b\u00f6yle bir festival d\u00fczenlediklerini belirterek,&nbsp;<strong>&#8220;Biz ekonomisi tar\u0131ma dayal\u0131 olan bir il\u00e7eyiz. Bu festivalin birincisini d\u00fczenliyoruz. Bu festivalle, zeytinin ve zeytinya\u011f\u0131n\u0131 tan\u0131tmak, marka de\u011ferini art\u0131rmak ve hak etti\u011fi noktaya ta\u015f\u0131mak istiyoruz&#8221;<\/strong>&nbsp;dedi. Mut&#8217;un zeytincilik konusunda son derece \u00f6nemli bir noktada oldu\u011funu s\u00f6yleyen Orhan, zeytin rekoltesi ve zeytin a\u011fac\u0131 say\u0131s\u0131 hakk\u0131nda bilgileri de payla\u015ft\u0131.<\/p>\n\n\n\n<p><strong>&#8220;Mut&#8217;a yap\u0131lan her hizmetin alt\u0131nda Vahap Ba\u015fkan\u0131n ad\u0131 var&#8221;<\/strong><\/p>\n\n\n\n<p>Orhan, festivallerine kat\u0131ld\u0131\u011f\u0131 i\u00e7in Ankara B\u00fcy\u00fck\u015fehir Belediye Ba\u015fkan\u0131 Mansur Yava\u015f&#8217;a te\u015fekk\u00fcrlerini iletti. Ba\u015fkan Vahap Se\u00e7er&#8217;e de Mut&#8217;a verdi\u011fi hizmetler i\u00e7in te\u015fekk\u00fcrlerini ileten Orhan,&nbsp;<strong>&#8220;Mut co\u011frafyas\u0131 zor bir il\u00e7e. 167 tane yerle\u015fim yeri olan bir memleket. Bu memlekette her ta\u015f\u0131n alt\u0131nda, yap\u0131lan her hizmetin alt\u0131nda bir isim daha var; bizimle uyum i\u00e7erisinde \u00e7al\u0131\u015fan, bize s\u00fcrekli destek veren Mersin B\u00fcy\u00fck\u015fehir Belediye Ba\u015fkan\u0131m\u0131z Say\u0131n Vahap Se\u00e7er&#8217;e de te\u015fekk\u00fcr ediyorum&#8221;<\/strong>&nbsp;ifadelerini kulland\u0131.<\/p>\n\n\n\n<p>Programda ayr\u0131ca, Mut Kaymakam\u0131 \u0130hsan Ayranc\u0131, CHP Mersin Milletvekilleri G\u00fclcan K\u0131\u015f ile Hasan Ufuk \u00c7ak\u0131r, Deva Partisi Mersin Milletvekili&nbsp; Mehmet Emin Ekmen, \u0130Y\u0130 Parti Tar\u0131m Politikalar\u0131ndan Sorumlu Genel Ba\u015fkan Yard\u0131mc\u0131s\u0131 Kadir Ulusoy da birer konu\u015fma yapt\u0131. Konu\u015fmalar\u0131n ard\u0131ndan Mut Belediye Ba\u015fkan\u0131 Murat Orhan taraf\u0131ndan Ba\u015fkan Se\u00e7er&#8217;e ve protokol \u00fcyelerine hediye takdim edildi.<\/p>\n\n\n\n<p><strong>Ba\u015fkan Se\u00e7er ve Ba\u015fkan Yava\u015f&#8217;tan Mut Belediyesi&#8217;ne ziyaret<\/strong><\/p>\n\n\n\n<p>Ba\u015fkan Se\u00e7er, Ba\u015fkan Yava\u015f ile birlikte festivalin a\u00e7\u0131l\u0131\u015f\u0131n\u0131n ard\u0131ndan ise Mut Belediye Ba\u015fkan\u0131 Murat Orhan&#8217;\u0131 makam\u0131nda ziyaret ettiler.<\/p>\n","protected":false},"excerpt":{"rendered":"<p>Mersin B\u00fcy\u00fck\u015fehir Belediye Ba\u015fkan\u0131 Vahap Se\u00e7er; Ankara B\u00fcy\u00fck\u015fehir Belediye Ba\u015fkan\u0131 Mansur Yava\u015f ile birlikte, Mersin B\u00fcy\u00fck\u015fehir Belediyesi&#8217;nin de destekleriyle Mut Belediyesi taraf\u0131ndan&nbsp;&#8216;Sa\u011fl\u0131k Zeytinden Zeytin Mut&#8217;tan&#8217;&nbsp;slogan\u0131yla d\u00fczenlenen&nbsp;&#8220;1. Mut Zeytin ve Zeytinya\u011f\u0131 Festivali&#8221;nin a\u00e7\u0131l\u0131\u015f program\u0131na kat\u0131ld\u0131. Mut&#8217;ta yo\u011fun kat\u0131l\u0131ml\u0131 festival a\u00e7\u0131l\u0131\u015f\u0131&#8230; Mut Karacao\u011flan \u00c7\u0131naralt\u0131 Park\u0131&#8217;nda ger\u00e7ekle\u015ftirilen festivalin a\u00e7\u0131l\u0131\u015f program\u0131nda sayg\u0131 duru\u015fu ve \u0130stiklal Mar\u015f\u0131&#8217;n\u0131n ard\u0131ndan Mut Belediyesi [&hellip;]<\/p>\n","protected":false},"author":2,"featured_media":35543,"comment_status":"closed","ping_status":"closed","sticky":false,"template":"","format":"standard","meta":{"footnotes":""},"categories":[1,2,3,5],"tags":[],"class_list":["post-35542","post","type-post","status-publish","format-standard","has-post-thumbnail","hentry","category-genel","category-gundem","category-manset","category-mersin"],"views":5,"_links":{"self":[{"href":"https:\/\/mersinkadingazetesi.com\/index.php?rest_route=\/wp\/v2\/posts\/35542"}],"collection":[{"href":"https:\/\/mersinkadingazetesi.com\/index.php?rest_route=\/wp\/v2\/posts"}],"about":[{"href":"https:\/\/mersinkadingazetesi.com\/index.php?rest_route=\/wp\/v2\/types\/post"}],"author":[{"embeddable":true,"href":"https:\/\/mersinkadingazetesi.com\/index.php?rest_route=\/wp\/v2\/users\/2"}],"replies":[{"embeddable":true,"href":"https:\/\/mersinkadingazetesi.com\/index.php?rest_route=%2Fwp%2Fv2%2Fcomments&post=35542"}],"version-history":[{"count":1,"href":"https:\/\/mersinkadingazetesi.com\/index.php?rest_route=\/wp\/v2\/posts\/35542\/revisions"}],"predecessor-version":[{"id":35544,"href":"https:\/\/mersinkadingazetesi.com\/index.php?rest_route=\/wp\/v2\/posts\/35542\/revisions\/35544"}],"wp:featuredmedia":[{"embeddable":true,"href":"https:\/\/mersinkadingazetesi.com\/index.php?rest_route=\/wp\/v2\/media\/35543"}],"wp:attachment":[{"href":"https:\/\/mersinkadingazetesi.com\/index.php?rest_route=%2Fwp%2Fv2%2Fmedia&parent=35542"}],"wp:term":[{"taxonomy":"category","embeddable":true,"href":"https:\/\/mersinkadingazetesi.com\/index.php?rest_route=%2Fwp%2Fv2%2Fcategories&post=35542"},{"taxonomy":"post_tag","embeddable":true,"href":"https:\/\/mersinkadingazetesi.com\/index.php?rest_route=%2Fwp%2Fv2%2Ftags&post=35542"}],"curies":[{"name":"wp","href":"https:\/\/api.w.org\/{rel}","templated":true}]}}