{"id":35545,"date":"2024-09-29T08:37:03","date_gmt":"2024-09-29T05:37:03","guid":{"rendered":"https:\/\/mersinkadingazetesi.com\/?p=35545"},"modified":"2024-09-29T08:37:03","modified_gmt":"2024-09-29T05:37:03","slug":"emekli-bir-kez-daha-yanitini-sandikta-verecektir","status":"publish","type":"post","link":"https:\/\/mersinkadingazetesi.com\/?p=35545","title":{"rendered":"&#8220;EMEKL\u0130 B\u0130R KEZ DAHA YANITINI SANDIKTA VERECEKT\u0130R&#8221;"},"content":{"rendered":"\n<p>Cumhuriyet Halk Partisi Mezitli \u0130l\u00e7e Ba\u015fkan\u0131 Av. Ula\u015f Y\u0131lmaz, emekliler \u00e7\u00f6z\u00fcm beklerken; h\u00fck\u00fcmetin g\u00f6z\u00fcn\u00fc emeklinin cebine dikmesine; &#8220;Emekli bir kez daha yan\u0131t\u0131n\u0131 sand\u0131kta verecektir&#8221; dedi.<\/p>\n\n\n\n<p>Cumhuriyet Halk Partisi Mezitli \u0130l\u00e7e Ba\u015fkan\u0131 Av. Ula\u015f Y\u0131lmaz, Orta Vadeli Program\u0131 ile \u00e7al\u0131\u015fmak zorunda kalan emeklilerin maa\u015flar\u0131ndan y\u00fczde 12,5 oran\u0131nda kesintiye gidilmesi planlayan h\u00fck\u00fcmeti ele\u015ftirdi. Ba\u015fkan Y\u0131lmaz, AKP&#8217;nin vatanda\u015f\u0131 emekli olduktan sonra rahat bir hayat ya\u015famak yerine \u00e7al\u0131\u015fmak zorunda b\u0131rakt\u0131\u011f\u0131na vurgu yapt\u0131. Emekli \u00e7\u00f6z\u00fcm beklerken h\u00fck\u00fcmetin bir kez daha g\u00f6z\u00fcn\u00fc emeklinin cebine dikti\u011fini ifade eden Ba\u015fkan Y\u0131lmaz, \u015funlar\u0131 s\u00f6yledi:<\/p>\n\n\n\n<p>EMEKL\u0130N\u0130N SORUNUN DA VAR B\u0130R \u00c7ARES\u0130<br>&#8220;Emeklilerimiz, emekli maa\u015f\u0131yla ge\u00e7inemiyor. Emeklilerin \u00fccret art\u0131\u015flar\u0131 belirlenirken sadece enflasyon de\u011fil, b\u00fcy\u00fcmeden kaynakl\u0131 refah pay\u0131 da tam olarak dahil edilmelidir. Emekli her ge\u00e7en g\u00fcn yoksulla\u015f\u0131yor. Hayat\u0131 boyunca \u00e7al\u0131\u015farak prim \u00f6deyen emekli yurtta\u015flar\u0131m\u0131za reva g\u00f6r\u00fclen bu hayat kabul edilemez. \u00dclkeyi krizden krize s\u00fcr\u00fckleyen AKP iktidar\u0131 bir kez daha faturay\u0131 emekliye kesmek istiyor. Emeklinin sorunun da var bir \u00e7aresi ad\u0131 Cumhuriyet Halk Partisi. Emekli bir kez daha yan\u0131t\u0131n\u0131 sand\u0131kta verecektir.&#8221;<\/p>\n","protected":false},"excerpt":{"rendered":"<p>Cumhuriyet Halk Partisi Mezitli \u0130l\u00e7e Ba\u015fkan\u0131 Av. Ula\u015f Y\u0131lmaz, emekliler \u00e7\u00f6z\u00fcm beklerken; h\u00fck\u00fcmetin g\u00f6z\u00fcn\u00fc emeklinin cebine dikmesine; &#8220;Emekli bir kez daha yan\u0131t\u0131n\u0131 sand\u0131kta verecektir&#8221; dedi. Cumhuriyet Halk Partisi Mezitli \u0130l\u00e7e Ba\u015fkan\u0131 Av. Ula\u015f Y\u0131lmaz, Orta Vadeli Program\u0131 ile \u00e7al\u0131\u015fmak zorunda kalan emeklilerin maa\u015flar\u0131ndan y\u00fczde 12,5 oran\u0131nda kesintiye gidilmesi planlayan h\u00fck\u00fcmeti ele\u015ftirdi. Ba\u015fkan Y\u0131lmaz, AKP&#8217;nin vatanda\u015f\u0131 [&hellip;]<\/p>\n","protected":false},"author":2,"featured_media":35546,"comment_status":"closed","ping_status":"closed","sticky":false,"template":"","format":"standard","meta":{"footnotes":""},"categories":[2,3],"tags":[],"class_list":["post-35545","post","type-post","status-publish","format-standard","has-post-thumbnail","hentry","category-gundem","category-manset"],"views":4,"_links":{"self":[{"href":"https:\/\/mersinkadingazetesi.com\/index.php?rest_route=\/wp\/v2\/posts\/35545"}],"collection":[{"href":"https:\/\/mersinkadingazetesi.com\/index.php?rest_route=\/wp\/v2\/posts"}],"about":[{"href":"https:\/\/mersinkadingazetesi.com\/index.php?rest_route=\/wp\/v2\/types\/post"}],"author":[{"embeddable":true,"href":"https:\/\/mersinkadingazetesi.com\/index.php?rest_route=\/wp\/v2\/users\/2"}],"replies":[{"embeddable":true,"href":"https:\/\/mersinkadingazetesi.com\/index.php?rest_route=%2Fwp%2Fv2%2Fcomments&post=35545"}],"version-history":[{"count":1,"href":"https:\/\/mersinkadingazetesi.com\/index.php?rest_route=\/wp\/v2\/posts\/35545\/revisions"}],"predecessor-version":[{"id":35547,"href":"https:\/\/mersinkadingazetesi.com\/index.php?rest_route=\/wp\/v2\/posts\/35545\/revisions\/35547"}],"wp:featuredmedia":[{"embeddable":true,"href":"https:\/\/mersinkadingazetesi.com\/index.php?rest_route=\/wp\/v2\/media\/35546"}],"wp:attachment":[{"href":"https:\/\/mersinkadingazetesi.com\/index.php?rest_route=%2Fwp%2Fv2%2Fmedia&parent=35545"}],"wp:term":[{"taxonomy":"category","embeddable":true,"href":"https:\/\/mersinkadingazetesi.com\/index.php?rest_route=%2Fwp%2Fv2%2Fcategories&post=35545"},{"taxonomy":"post_tag","embeddable":true,"href":"https:\/\/mersinkadingazetesi.com\/index.php?rest_route=%2Fwp%2Fv2%2Ftags&post=35545"}],"curies":[{"name":"wp","href":"https:\/\/api.w.org\/{rel}","templated":true}]}}