{"id":35548,"date":"2024-09-29T08:39:13","date_gmt":"2024-09-29T05:39:13","guid":{"rendered":"https:\/\/mersinkadingazetesi.com\/?p=35548"},"modified":"2024-09-29T08:39:13","modified_gmt":"2024-09-29T05:39:13","slug":"cakir-hepimiz-kendimizle-yuzlesmek-zorundayiz","status":"publish","type":"post","link":"https:\/\/mersinkadingazetesi.com\/?p=35548","title":{"rendered":"\u00c7ak\u0131r: \u201cHepimiz kendimizle y\u00fczle\u015fmek zorunday\u0131z\u201d"},"content":{"rendered":"\n<p>Mersin Ticaret ve Sanayi Odas\u0131 (MTSO) 14 No\u2019lu \u0130kamet Ama\u00e7l\u0131 \u0130n\u015faat, 15 No\u2019lu M\u00fchendislik ve Mimarl\u0131k, 16 No\u2019lu \u0130n\u015faat Malzemeleri \u00dcretimi ve Ticareti, 30 No\u2019lu Sigortac\u0131l\u0131k Hizmetleri, 39 No\u2019lu Emlak ve Destek Faaliyetleriyle 40 No\u2019lu Genel \u0130n\u015faat Faaliyetleri Meslek Komitesi i\u015fbirli\u011finde Kentsel D\u00f6n\u00fc\u015f\u00fcm ve S\u00fcrd\u00fcr\u00fclebilir \u015eehirler Konferans\u0131 d\u00fczenlendi. MTSO Y\u00f6netim Kurulu Ba\u015fkan\u0131 Hakan Sefa \u00c7ak\u0131r, Y\u00f6netim Kurulu \u00dcyeleri, Yeni\u015fehir Belediye Ba\u015fkan\u0131 Abdullah \u00d6zyi\u011fit, Y\u00fcksek Jeofizik M\u00fchendisi Prof. Dr. \u00d6vg\u00fcn Ahmet Ercan\u2019la sekt\u00f6r temsilcilerinin kat\u0131ld\u0131\u011f\u0131 toplant\u0131da kentsel d\u00f6n\u00fc\u015f\u00fcm s\u00fcreci ve uygulamalar\u0131 detayl\u0131 olarak ele al\u0131nd\u0131. \u00dc\u00e7 oturumda tamamlanan konferansta afet y\u00f6netimi, diren\u00e7li ve s\u00fcrd\u00fcr\u00fclebilir kentler, d\u00fcnyadaki iyi uygulamalar uzman konu\u015fmac\u0131lar taraf\u0131ndan dinleyicilere aktar\u0131ld\u0131. \u0130ki g\u00fcn s\u00fcren organizasyonun ikinci g\u00fcn\u00fcnde ise konunun uzmanlar\u0131n\u0131n kat\u0131l\u0131m\u0131yla Kentsel D\u00f6n\u00fc\u015f\u00fcm \u00c7al\u0131\u015ftay\u0131 d\u00fczenlenerek Mersin\u2019e bu konuda \u0131\u015f\u0131k tutacak yol haritas\u0131 belirlendi.&nbsp;<br>Toplant\u0131n\u0131n a\u00e7\u0131l\u0131\u015f\u0131nda konu\u015fan 15 No\u2019lu M\u00fchendislik ve Mimarl\u0131k Meslek Komitesi Meclis \u00dcyesi G\u00fcven Do\u011fan, hayata ge\u00e7irdikleri proje kapsam\u0131nda neler yapt\u0131klar\u0131na ve neleri hedeflediklerine de\u011findi. Mersin\u2019i depremlere, do\u011fal afetlere haz\u0131rlamak ad\u0131na merkezi ve yerel y\u00f6netimler, sivil toplum kurulu\u015flar\u0131 ve kent dinamikleriyle birlikte hareket etmek istediklerini kaydeden Do\u011fan, bilimsel verilere dayanarak, kentsel d\u00f6n\u00fc\u015f\u00fcm uygulamalar\u0131, g\u00fc\u00e7lendirme ve kentsel planlamay\u0131 hayata ge\u00e7irip g\u00fcvenilir bir ya\u015fam alan\u0131 olu\u015fturmak istediklerini s\u00f6yledi. Do\u011fan, y\u00fcr\u00fctt\u00fckleri faaliyetlerle kamuoyunu bilin\u00e7lendirip lobi faaliyetlerini y\u00fcr\u00fctmeyi hedeflediklerini aktard\u0131.<\/p>\n\n\n\n<p><strong>\u00c7ak\u0131r: \u201cHepimiz kendimizle y\u00fczle\u015fmek zorunday\u0131z\u201d<\/strong><br>Baz\u0131 konular\u0131n ancak o konuda b\u00fcy\u00fck bir sorun ya\u015fand\u0131\u011f\u0131nda \u00f6nem kazand\u0131\u011f\u0131n\u0131, baz\u0131lar\u0131n\u0131nsa b\u00fcy\u00fck y\u0131k\u0131mlar, felaketler ya\u015fansa da zamanla unutuldu\u011funu kaydeden MTSO Y\u00f6netim Kurulu Ba\u015fkan\u0131 Hakan Sefa \u00c7ak\u0131r, \u201cBu nedenle hepimiz kendimizle y\u00fczle\u015fmek zorunday\u0131z. Kendisiyle y\u00fczle\u015fmeyen toplumlar geli\u015femezler\u201d dedi. Bu noktada ele al\u0131nmas\u0131 gereken konulardan birisinin de kentsel d\u00f6n\u00fc\u015f\u00fcm oldu\u011funu kaydeden \u00c7ak\u0131r, bug\u00fcne kadar ya\u015fanan depremleri hat\u0131rlatarak, bu depremlerin ekonomik zararlar\u0131n\u0131n \u00f6l\u00e7\u00fcld\u00fc\u011f\u00fcn\u00fc ancak yitirilen canlar\u0131n bedelinin \u00f6l\u00e7\u00fclemeyece\u011fini s\u00f6yledi. \u201cBug\u00fcn \u0130stanbul\u2019da beklenen deprem olursa T\u00fcrkiye ekonomisinin yar\u0131s\u0131 yok olur deniyor? B\u00f6ylesi bir depremde sadece maddi zarar m\u0131 ya\u015fan\u0131r?\u201d sorusunu y\u00f6nelten \u00c7ak\u0131r, \u201c\u0130nsan\u0131m\u0131z\u0131 korumak zorunday\u0131z. \u0130\u015fte bu anlamda Kongrenin b\u00fcy\u00fck fayda sa\u011flayaca\u011f\u0131na inan\u0131yorum\u201d dedi.<\/p>\n\n\n\n<p><strong>\u00d6zyi\u011fit: \u201cMTSO\u2019yu kutluyorum\u201d<\/strong><br>Yeni\u015fehir Belediye Ba\u015fkan\u0131 Abdullah \u00d6zyi\u011fit ise, \u201cB\u00f6ylesi hayati bir konuda konferans organize etmesi nedeniyle MTSO\u2019ya te\u015fekk\u00fcr ediyorum\u201d diyerek s\u00f6zlerine ba\u015flad\u0131. Yerel y\u00f6netimlerin kentsel d\u00f6n\u00fc\u015f\u00fcmdeki \u00f6nemine dikkat \u00e7eken \u00d6zyi\u011fit, ancak ge\u00e7mi\u015ften gelen y\u00fckler, yanl\u0131\u015f uygulamalar nedeniyle \u00e7\u00f6z\u00fcme ula\u015fman\u0131n zaman ald\u0131\u011f\u0131n\u0131 s\u00f6yledi. Kentsel d\u00f6n\u00fc\u015f\u00fcm ba\u015fl\u0131\u011f\u0131 \u00e7\u00f6z\u00fclmeye \u00e7al\u0131\u015f\u0131l\u0131rken di\u011fer yandan s\u00fcrd\u00fcr\u00fclebilir ve sa\u011fl\u0131kl\u0131 kent ya\u015fam\u0131n\u0131n devam\u0131n\u0131n sa\u011flanmas\u0131 gerekti\u011fine de dikkat \u00e7eken \u00d6zyi\u011fit, bu konuda belediye olarak y\u00fcr\u00fctt\u00fckleri \u00e7al\u0131\u015fmalar hakk\u0131nda bilgi payla\u015ft\u0131.&nbsp;<\/p>\n\n\n\n<p><strong>Ercan: \u201cYer Denetim Kurulu\u015flar\u0131 kurmal\u0131y\u0131z\u201d<\/strong><br>Konferans\u0131n a\u00e7\u0131l\u0131\u015f\u0131nda konu\u015fan Y\u00fcksek Jeofizik M\u00fchendisi Prof. Dr. \u00d6vg\u00fcn Ahmet Ercan, depremleri felakete d\u00f6n\u00fc\u015ft\u00fcrenin insanlar oldu\u011funu belirtti. Depremin g\u00fcne\u015fin do\u011fmas\u0131 kadar do\u011fal bir do\u011fa olay\u0131 oldu\u011funu vurgulayan Ercan, T\u00fcrkiye\u2019nin d\u00fcnyan\u0131n en g\u00fczel \u00fclkesi olmas\u0131, t\u00fcm uygarl\u0131klar\u0131n be\u015fi\u011fi olmas\u0131n\u0131 deprem b\u00f6lgesi olmas\u0131yla a\u00e7\u0131klad\u0131. \u201c\u00c7\u00fcnk\u00fc deprem b\u00f6lgesi demek jeotermal enerji, kapl\u0131ca, madenler, i\u00e7me suyu, maden suyu demek\u201d ifadesini kullanan Ercan, \u201c\u00d6zetle deprem Tanr\u0131n\u0131n laneti de\u011fil bir nimetidir. O zaman depreme uygun bir ya\u015fam s\u00fcrmeliyiz\u201d dedi. 54 y\u0131ll\u0131k deneyimini aktarmak istedi\u011fini belirten Ercan, ard\u0131ndan T\u00fcrkiye\u2019de depreme y\u00f6nelik bug\u00fcne kadar y\u00fcr\u00fct\u00fclen \u00e7al\u0131\u015fmalar\u0131 \u00f6zetledi. M\u00fccadele noktas\u0131nda Yap\u0131 Denetim Kurulu\u015flar\u0131 kuruldu\u011funu hat\u0131rlatan Ercan, ancak bunun tek ba\u015f\u0131na yeterli olmayaca\u011f\u0131n\u0131 belirtti. Deprem y\u0131k\u0131mlar\u0131n\u0131n y\u00fczde 65\u2019inin yerden gelen sorunlardan kaynakland\u0131\u011f\u0131n\u0131 hat\u0131rlatan Ercan, \u201cK\u00f6t\u00fc zeminde iyi yap\u0131 olmaz. Demek iyi yer se\u00e7eceksin. Bunu se\u00e7mek i\u00e7in de mutlaka Yer Denetim Kurulu\u015flar\u0131 kurulmal\u0131. Yer denetlendikten sonra yap\u0131 denetim kurulu\u015fu yap\u0131y\u0131 denetlemeli\u201d dedi. Yeri jeofizik ve jeoloji m\u00fchendislerinin denetlemesi gerekti\u011fini kaydeden Ercan, bu denetimin ard\u0131ndan e\u011fer uygun bir alansa daha yap\u0131 olu\u015fmadan Yap\u0131 G\u00fcvenlik Belgesi \u00e7\u0131kar\u0131l\u0131p tapuya i\u015flenmesi gerekti\u011fini vurgulad\u0131. Yer ve yap\u0131 denetim kurulu\u015flar\u0131n\u0131n ayn\u0131 zamanda bir sigorta \u015firketi gibi \u00e7al\u0131\u015fmas\u0131 gerekti\u011fine dikkat \u00e7eken Ercan, \u201cYerde bir s\u0131v\u0131la\u015fma olur, yap\u0131da oturma y\u0131k\u0131lma olursa bu kurulu\u015flar\u0131n yap\u0131n\u0131n t\u00fcm sorumlulu\u011funu \u00fcstlenmesi gerekir. Bunlar yap\u0131l\u0131rsa depremin ad\u0131 felaket olmaz\u201d ifadesini kulland\u0131.<\/p>\n\n\n\n<p><strong>\u201cMersin\u2019de rezonans \u00e7al\u0131\u015fmas\u0131na ba\u015flanmal\u0131\u201d<\/strong><br>Depremi yeteneksiz y\u00f6neticilerin, ekonomik yoksullu\u011fun, d\u00fc\u015f\u00fck e\u011fitim d\u00fczeyinin ve kaderci anlay\u0131\u015f\u0131n felakete d\u00f6n\u00fc\u015ft\u00fcrd\u00fc\u011f\u00fcne dikkat \u00e7eken Ercan, konu\u015fmas\u0131n\u0131 Mersin\u2019i de\u011ferlendirerek s\u00fcrd\u00fcrd\u00fc. Mersin\u2019den fay ge\u00e7medi\u011fini ancak y\u0131k\u0131m i\u00e7in fay gerekmeyip sars\u0131nt\u0131n\u0131n yeterli olaca\u011f\u0131n\u0131 kaydeden Ercan, \u201cMersin\u2019in sorunu zemin s\u0131v\u0131la\u015fmas\u0131 ve buna ba\u011fl\u0131 hissedilen a\u015f\u0131r\u0131 \u00e7alkalanma\u201d dedi. Kentsel d\u00f6n\u00fc\u015f\u00fcm i\u00e7in sahil kesiminin tamamen ye\u015fil alan olarak b\u0131rak\u0131l\u0131p Toroslar\u2019a do\u011fru \u00f6nce bir katl\u0131 yap\u0131lar arkas\u0131na iki-\u00fc\u00e7 katl\u0131 yap\u0131lar yap\u0131larak devam edilmesi gerekti\u011fini kaydeden Ercan, \u201cToros Da\u011flar\u0131na istedi\u011finiz kadar y\u00fcksek kat yapabilirsiniz\u201d dedi. Mersin\u2019de t\u00fcm kentte vakit kaybetmeden rezonans \u00e7al\u0131\u015fmas\u0131na ba\u015flanmas\u0131, hangi b\u00f6lgenin sars\u0131nt\u0131dan daha \u00e7ok etkilenece\u011finin saptanmas\u0131 gerekti\u011fini vurgulayan Ercan, bina kat say\u0131lar\u0131n\u0131n \u00fcniversitelerin \u00e7al\u0131\u015ft\u0131\u011f\u0131 s\u0131v\u0131la\u015fma haritalar\u0131 dikkate al\u0131narak belirlenmesi gerekti\u011fini s\u00f6yledi. &nbsp;<br>Mersin\u2019in Kahramanmara\u015f depremini 6 \u015fiddetinde hissetti\u011fini ve kentteki t\u00fcm zeminle yap\u0131lar\u0131n yoruldu\u011funu hat\u0131rlatan Ercan, \u201c\u015eu anda yerin eski \u00f6zellikleri yok. Kenti depreme haz\u0131rlamak istiyorsan\u0131z \u00f6nce g\u00f6\u00e7\u00fc, n\u00fcfus art\u0131\u015f\u0131n\u0131 durdurup yap\u0131lar\u0131 \u00f6yle planlamal\u0131s\u0131n\u0131z\u201d de\u011ferlendirmesini yapt\u0131.&nbsp;<\/p>\n\n\n\n<p><strong>\u201cKentsel D\u00f6n\u00fc\u015f\u00fcm ve G\u00fc\u00e7lendirme Uygulamalar\u0131\u201d<\/strong><br>Modetar\u00f6t\u00f6rl\u00fc\u011f\u00fcn\u00fc Mersin \u00dcniversitesi Mimarl\u0131k Fak\u00fcltesi \u00d6\u011fretim \u00dcyesi Do\u00e7. Dr. Fikret Zorlu\u2019nun yapt\u0131\u011f\u0131 ilk oturumun konusu \u201cKentsel D\u00f6n\u00fc\u015f\u00fcm ve G\u00fc\u00e7lendirme Uygulamalar\u0131\u201d oldu. Deprem G\u00fc\u00e7lendirme Derne\u011fi Ba\u015fkan\u0131 Sinan T\u00fcrkkan bu oturumda g\u00fc\u00e7lendirmenin onar\u0131m, tamirat ya da tadilatla kar\u0131\u015ft\u0131r\u0131lmamas\u0131 gerekti\u011fine de\u011findi. G\u00fc\u00e7lendirmenin ge\u00e7ici bir \u00e7\u00f6z\u00fcm olmad\u0131\u011f\u0131n\u0131, binan\u0131n zeminiyle birlikte \u00fc\u00e7 boyutlu ele al\u0131n\u0131p zay\u0131f b\u00f6lgelerin g\u00fc\u00e7lendirilerek istenilen deprem performans seviyesine getirildi\u011fini belirten T\u00fcrkkan, bu konuda en b\u00fcy\u00fck eksi\u011fin yeti\u015fmi\u015f teknik eleman bulunmas\u0131 noktas\u0131nda ya\u015fand\u0131\u011f\u0131n\u0131 s\u00f6yledi. T\u00fcrkiye De\u011ferleme Uzmanlar\u0131 Birli\u011fi Ba\u015fkan\u0131 Ya\u015far Bah\u00e7eci ise kentsel d\u00f6n\u00fc\u015f\u00fcm konusunda en \u00e7ok gayrimenkul de\u011ferleme noktas\u0131nda sorun ya\u015fand\u0131\u011f\u0131n\u0131 kaydederek, m\u00fclk\u00fcn piyasa de\u011ferinin fiziki \u00f6zellikleri, \u00e7evresel, sosyal \u00f6zellikleri, jeolojik durumu gibi t\u00fcm etkenler g\u00f6zetilerek olu\u015fturuldu\u011funu s\u00f6yledi. Ey\u00fcp Belediyesi Ba\u015fkan Koordinat\u00f6r\u00fc \u00d6zcan Bi\u00e7er, \u0130stanbul\u2019da y\u00fcr\u00fctt\u00fckleri \u00e7al\u0131\u015fmalar hakk\u0131nda bilgiler payla\u015f\u0131p, \u201cS\u00fcrekli kentsel d\u00f6n\u00fc\u015f\u00fcm konu\u015fuluyor ama t\u00fcm yap\u0131 sto\u011funun kentsel d\u00f6n\u00fc\u015f\u00fcmle yenilenmesini milli servetin tamam\u0131n\u0131 harcasan\u0131z yapamazs\u0131n\u0131z. Burada \u00f6nemli olan dayan\u0131kl\u0131l\u0131k. Bug\u00fcne kadar binalar\u0131n yer se\u00e7imleri yanl\u0131\u015f yap\u0131lm\u0131\u015f, yanl\u0131\u015f m\u00fchendislik hizmeti al\u0131nm\u0131\u015f. Hepsini y\u0131k\u0131p yeniden yapmak m\u00fcmk\u00fcn de\u011fil. Bunun yerine binay\u0131 g\u00fc\u00e7lendirme y\u00f6ntemiyle yerinde korumak m\u00fcmk\u00fcn. Bu, sosyal anlamda da finansal anlamda da karbon ayak izi anlam\u0131nda da daha iyi bir y\u00f6ntem\u201d dedi. Mersin Yap\u0131 M\u00fcteahhitleri Derne\u011fi Y\u00f6netim Kurulu Ba\u015fkan\u0131 Nesim Ekinci ise m\u00fcteahhitlerin g\u00f6z\u00fcnden kentsel d\u00f6n\u00fc\u015f\u00fcm\u00fc anlatt\u0131. Mersin\u2019in T\u00fcrkiye\u2019nin en kaliteli konutlar\u0131n\u0131n yap\u0131ld\u0131\u011f\u0131 il konumuna geldi\u011fini belirten Ekinci, kentsel d\u00f6n\u00fc\u015f\u00fcme de ihtiya\u00e7 oldu\u011funu kaydedip b\u00f6lgesel \u00e7al\u0131\u015fmalar yap\u0131lmas\u0131 gerekti\u011fini s\u00f6yledi.&nbsp;<\/p>\n\n\n\n<p><strong>\u201cKentsel D\u00f6n\u00fc\u015f\u00fcmde Finansman Destekleri ve Hukuksal S\u00fcre\u00e7\u201d<\/strong><br>Moderat\u00f6rl\u00fc\u011f\u00fcn\u00fc \u0130stanbul \u00dcniversitesi \u0130\u015fletme Fak\u00fcltesi \u00d6\u011fretim \u00dcyesi Prof. Dr. Ali Hep\u015fen\u2019in yapt\u0131\u011f\u0131 ikinci oturumda kentsel d\u00f6n\u00fc\u015f\u00fcmde finansal destekler ve hukuksal s\u00fcre\u00e7 konu\u015fuldu. Gayrimenkul Hukuku Derne\u011fi Ba\u015fkan\u0131 Av. Ali G\u00fcven\u00e7 Kiraz, 6306 Say\u0131l\u0131 Kentsel D\u00f6n\u00fc\u015f\u00fcm Yasas\u0131\u2019n\u0131 de\u011ferlendirdi. Mevcut durumda bu yasan\u0131n tam olarak ihtiyac\u0131 kar\u015f\u0131lamad\u0131\u011f\u0131n\u0131 belirten Kiraz, yasan\u0131n hangi y\u00f6nlerden yeniden ele al\u0131nmas\u0131 gerekti\u011fini aktard\u0131. Sigortan\u0131n sadece bireylerin de\u011fil ekonominin de teminat\u0131 olaca\u011f\u0131n\u0131 vurgulayan<br>Quick Sigorta Genel M\u00fcd\u00fcr Yard\u0131mc\u0131s\u0131 Soner Tekba\u015f, sekt\u00f6r\u00fcn yak\u0131n zamanda tan\u0131maya ba\u015flad\u0131\u011f\u0131 bina tamamlama sigortas\u0131na de\u011findi. \u201c12 Haziran\u2019da \u00c7evre ve \u015eehircilik Bakanl\u0131\u011f\u0131\u2019n\u0131n da deste\u011fiyle bina tamamlama sigortas\u0131n\u0131n kentsel d\u00f6n\u00fc\u015f\u00fcmde bir engeli kalmad\u0131\u201d diyen Tekba\u015f, \u201cBug\u00fcne kadar arsa sahibi m\u00fcteahhide g\u00fcvenmiyordu, m\u00fcteahhit ba\u015fka g\u00fcvenceler istiyordu, bu sigorta t\u00fcm taraflar\u0131 g\u00fcvence alt\u0131na alan bir unsur haline geldi\u201d diyerek sigortan\u0131n detaylar\u0131n\u0131 aktard\u0131. Garanti BBVA Konut Finansman\u0131 Sat\u0131\u015f M\u00fcd\u00fcrl\u00fc\u011f\u00fc Direkt\u00f6r\u00fc Song\u00fcl Ye\u015fil\u00e7imenli kentsel d\u00f6n\u00fc\u015f\u00fcmde bankan\u0131n sa\u011flad\u0131\u011f\u0131 finansman desteklerini anlatt\u0131. Kentsel d\u00f6n\u00fc\u015f\u00fcmde finansa eri\u015fimin \u00f6nemine ve zorluklar\u0131na de\u011finen Ye\u015fil\u00e7imenli, \u201cBM 2050\u2019de d\u00fcnya n\u00fcfusunun y\u00fczde 70\u2019inin b\u00fcy\u00fck\u015fehirlerde ya\u015fayaca\u011f\u0131n\u0131 s\u00f6yl\u00fcyor. Bu nedenle ya\u015fanabilir, s\u00fcrd\u00fcr\u00fclebilir \u015fehirler kurmak \u00e7ok \u00f6nemli. Bu da kentsel d\u00f6n\u00fc\u015f\u00fcm gerektiriyor. Banka olarak biz de bu anlay\u0131\u015fla \u00e7al\u0131\u015f\u0131yoruz\u201d dedi.&nbsp;<\/p>\n\n\n\n<p><strong>G\u00f6ksu: \u201cMersin\u2019i Toroslardan denize do\u011fru planlamal\u0131\u201d<\/strong><br>Kentsel Strateji Uzman\u0131 Ali Faruk G\u00f6ksu ise Mersin\u2019e kentsel d\u00f6n\u00fc\u015f\u00fcm konusunda farkl\u0131 bir projeksiyon \u00e7izdi. Kentsel d\u00f6n\u00fc\u015f\u00fcm sorununun imar planlar\u0131 yakla\u015f\u0131m\u0131yla \u00e7\u00f6z\u00fclemeyece\u011fini, \u015fehir planlamas\u0131 yakla\u015f\u0131m\u0131 gerekti\u011fini kaydeden G\u00f6ksu, bu konuda Ankara\u2019da ilk kez hazine garantisi olmadan y\u00fcr\u00fctt\u00fckleri projeleri aktard\u0131. Her \u015feyin hayal etmeyle ba\u015flayaca\u011f\u0131n\u0131 ve Mersin\u2019i planlarken de denizden de\u011fil da\u011fdan bakarak hayal kurulmas\u0131 gerekti\u011fini ifade eden G\u00f6ksu, \u201cMersin\u2019in gelece\u011fi i\u00e7in gen\u00e7leri i\u015fin i\u00e7ine katacak ortamlar yaratmal\u0131s\u0131n\u0131z. Mersin\u2019in 5 akarsuyu var. Bu mavi koridorlar\u0131 ye\u015fille birle\u015ftirip kente hava ald\u0131rmal\u0131s\u0131n\u0131z. Her bir koridor farkl\u0131 bir tema ile haz\u0131rlanabilir. Biri do\u011fa ve ekoloji, biri k\u00fclt\u00fcr ve tarih biri tar\u0131m ve gastronomi, di\u011feri spor ve sa\u011fl\u0131k gibi farkl\u0131 koridorlar olmal\u0131. Her bir koridora hikayeler yaz\u0131labilir. Mersin gelece\u011fini \u00e7ok farkl\u0131 kurgulayabilir\u201d dedi. Kentsel d\u00f6n\u00fc\u015f\u00fcm\u00fcn bir gayrimenkul geli\u015ftirme s\u00fcreci olarak alg\u0131lanmamas\u0131 gerekti\u011fini vurgulayan G\u00f6ksu, \u201cArt\u0131k hayal kurarak \u015fehir planlama d\u00f6nemine ge\u00e7meliyiz. Proje geli\u015ftirirken \u00f6nce hayal kurup senaryo yazmay\u0131 bilmeliyiz. Tasarlanm\u0131\u015f her proje kendi kayna\u011f\u0131n\u0131 kendisi yarat\u0131r\u201d ifadelerini kulland\u0131.<\/p>\n\n\n\n<p><strong>\u201cBelediye Ba\u015fkanlar\u0131n\u0131n Kentsel D\u00f6n\u00fc\u015f\u00fcme Bak\u0131\u015f\u0131\u201d<\/strong><br>Moderat\u00f6rl\u00fc\u011f\u00fcn\u00fc Mersin \u00dcniversitesi Mimarl\u0131k Fak\u00fcltesi \u00d6\u011fretim \u00dcyesi Do\u00e7. Dr. Fikret Zorlu\u2019nun ger\u00e7ekle\u015ftirdi\u011fi son oturumun konu\u015fmac\u0131lar\u0131 ise B\u00fcy\u00fck\u015fehir Belediyesi Afet \u0130\u015fleri Daire Ba\u015fkan\u0131 Kemal Zorlu ile Yeni\u015fehir Belediye Ba\u015fkan Yard\u0131mc\u0131s\u0131 Berna Din\u00e7 oldu. Belediyelerinin konuyla ilgili \u00e7al\u0131\u015fmalar\u0131 hakk\u0131nda bilgi aktaran konu\u015fmac\u0131lar \u00f6n\u00fcm\u00fczdeki s\u00fcre\u00e7te neler yap\u0131lmas\u0131 gerekti\u011fine de\u011findi.&nbsp;<\/p>\n","protected":false},"excerpt":{"rendered":"<p>Mersin Ticaret ve Sanayi Odas\u0131 (MTSO) 14 No\u2019lu \u0130kamet Ama\u00e7l\u0131 \u0130n\u015faat, 15 No\u2019lu M\u00fchendislik ve Mimarl\u0131k, 16 No\u2019lu \u0130n\u015faat Malzemeleri \u00dcretimi ve Ticareti, 30 No\u2019lu Sigortac\u0131l\u0131k Hizmetleri, 39 No\u2019lu Emlak ve Destek Faaliyetleriyle 40 No\u2019lu Genel \u0130n\u015faat Faaliyetleri Meslek Komitesi i\u015fbirli\u011finde Kentsel D\u00f6n\u00fc\u015f\u00fcm ve S\u00fcrd\u00fcr\u00fclebilir \u015eehirler Konferans\u0131 d\u00fczenlendi. MTSO Y\u00f6netim Kurulu Ba\u015fkan\u0131 Hakan Sefa \u00c7ak\u0131r, [&hellip;]<\/p>\n","protected":false},"author":2,"featured_media":35549,"comment_status":"closed","ping_status":"closed","sticky":false,"template":"","format":"standard","meta":{"footnotes":""},"categories":[34,1,2,3,5],"tags":[],"class_list":["post-35548","post","type-post","status-publish","format-standard","has-post-thumbnail","hentry","category-flas-haber","category-genel","category-gundem","category-manset","category-mersin"],"views":8,"_links":{"self":[{"href":"https:\/\/mersinkadingazetesi.com\/index.php?rest_route=\/wp\/v2\/posts\/35548"}],"collection":[{"href":"https:\/\/mersinkadingazetesi.com\/index.php?rest_route=\/wp\/v2\/posts"}],"about":[{"href":"https:\/\/mersinkadingazetesi.com\/index.php?rest_route=\/wp\/v2\/types\/post"}],"author":[{"embeddable":true,"href":"https:\/\/mersinkadingazetesi.com\/index.php?rest_route=\/wp\/v2\/users\/2"}],"replies":[{"embeddable":true,"href":"https:\/\/mersinkadingazetesi.com\/index.php?rest_route=%2Fwp%2Fv2%2Fcomments&post=35548"}],"version-history":[{"count":1,"href":"https:\/\/mersinkadingazetesi.com\/index.php?rest_route=\/wp\/v2\/posts\/35548\/revisions"}],"predecessor-version":[{"id":35550,"href":"https:\/\/mersinkadingazetesi.com\/index.php?rest_route=\/wp\/v2\/posts\/35548\/revisions\/35550"}],"wp:featuredmedia":[{"embeddable":true,"href":"https:\/\/mersinkadingazetesi.com\/index.php?rest_route=\/wp\/v2\/media\/35549"}],"wp:attachment":[{"href":"https:\/\/mersinkadingazetesi.com\/index.php?rest_route=%2Fwp%2Fv2%2Fmedia&parent=35548"}],"wp:term":[{"taxonomy":"category","embeddable":true,"href":"https:\/\/mersinkadingazetesi.com\/index.php?rest_route=%2Fwp%2Fv2%2Fcategories&post=35548"},{"taxonomy":"post_tag","embeddable":true,"href":"https:\/\/mersinkadingazetesi.com\/index.php?rest_route=%2Fwp%2Fv2%2Ftags&post=35548"}],"curies":[{"name":"wp","href":"https:\/\/api.w.org\/{rel}","templated":true}]}}