{"id":35554,"date":"2024-09-29T08:42:41","date_gmt":"2024-09-29T05:42:41","guid":{"rendered":"https:\/\/mersinkadingazetesi.com\/?p=35554"},"modified":"2024-09-29T08:42:41","modified_gmt":"2024-09-29T05:42:41","slug":"mersine-en-buyuk-eserim-huzuru-getirmis-olmak","status":"publish","type":"post","link":"https:\/\/mersinkadingazetesi.com\/?p=35554","title":{"rendered":"&#8220;MERS\u0130N&#8217;E EN B\u00dcY\u00dcK ESER\u0130M HUZURU GET\u0130RM\u0130\u015e OLMAK&#8221;"},"content":{"rendered":"\n<p>Ankara B\u00fcy\u00fck\u015fehir Belediye Ba\u015fkan\u0131 Mansur Yava\u015f, Ankara&#8217;daki g\u00f6rev yapan Cumhuriyet Halk Partili (CHP) \u0130l\u00e7e Belediye Ba\u015fkanlar\u0131 ile birlikte, Mersin B\u00fcy\u00fck\u015fehir Belediye Ba\u015fkan\u0131 Vahap Se\u00e7er&#8217;i ziyaret etti.<\/p>\n\n\n\n<p>Ziyarette ayr\u0131ca; Ke\u00e7i\u00f6ren Belediye Ba\u015fkan\u0131 Mesut \u00d6zarslan, G\u00f6lba\u015f\u0131 Belediye Ba\u015fkan\u0131 Yakup Odaba\u015f\u0131, Elmada\u011f Belediye Ba\u015fkan\u0131 Adem Bar\u0131\u015f A\u015fk\u0131n, Kahramankazan Belediye Ba\u015fkan\u0131 Selim \u00c7\u0131rpano\u011flu, G\u00fcd\u00fcl Belediye Ba\u015fkan\u0131 Mehmet Do\u011fanay, Ankara B\u00fcy\u00fck\u015fehir Belediyesi Meclis&nbsp; Ba\u015fkanvekili Ertan I\u015f\u0131k, Ke\u00e7i\u00f6ren Belediyesi Ba\u015fkanvekili Atilla \u00c7elik, Mersin B\u00fcy\u00fck\u015fehir Belediyesi Meclis \u00fcyeleri de yer ald\u0131.<\/p>\n\n\n\n<p><strong>Se\u00e7er: &#8220;Mersin, T\u00fcrkiye&#8217;nin en y\u00fcksek vergisini \u00f6deyen kentleri aras\u0131nda&#8221;<\/strong><\/p>\n\n\n\n<p>Halk\u0131n takdirini alarak Ba\u015fkan Yava\u015f ile ikinci kez se\u00e7ildiklerini hat\u0131rlatan Ba\u015fkan Se\u00e7er,&nbsp;<strong>&#8220;Mersin&#8217;in sosyolojik yap\u0131s\u0131ndan kaynakl\u0131 gelir da\u011f\u0131l\u0131m\u0131ndaki u\u00e7urum, bizi y\u00f6netime gelir gelmez sosyal politikalara sevk etti. Zaten bunun haz\u0131rl\u0131\u011f\u0131n\u0131 biz se\u00e7im \u00f6ncesi yapm\u0131\u015ft\u0131k&#8221;<\/strong>&nbsp;dedi. Mersin&#8217;in T\u00fcrkiye&#8217;nin en y\u00fcksek vergilerini \u00f6deyen kentler aras\u0131nda oldu\u011funu vurgulayan Se\u00e7er,&nbsp;<strong>&#8220;Geliri y\u00fcksek belediyeler aras\u0131nda olmam\u0131z, bize vizyon projelerini ve hizmetlerimizi aksatmadan yapma anlam\u0131nda bir rahatl\u0131k sa\u011fl\u0131yor&#8221;<\/strong>&nbsp;ifadelerine yer verdi.<\/p>\n\n\n\n<p><strong>&#8220;T\u00fcrkiye&#8217;ye \u00f6rnek olan hizmetlerimiz iktidar\u0131n yolunu a\u00e7acakt\u0131r&#8221;<\/strong><\/p>\n\n\n\n<p>T\u00fcrkiye&#8217;ye \u00f6rnek olan hizmetlerinin iktidar\u0131n yolunu a\u00e7aca\u011f\u0131n\u0131 belirten Se\u00e7er, CHP&#8217;li Belediyelerin ge\u00e7mi\u015fte parti \u00fczerinde olu\u015fturulan olumsuz alg\u0131y\u0131 k\u0131rd\u0131klar\u0131n\u0131 kaydetti. Ezberin bozuldu\u011funu s\u00f6yleyen Se\u00e7er,&nbsp;<strong>&#8220;Bunu memnuniyetle takip ediyorum. Art\u0131k vatanda\u015flar Belediye Ba\u015fkanlar\u0131na bakarken bizim parti kimli\u011fimizi g\u00f6rmez oldu. Bizden ald\u0131\u011f\u0131 hizmete bak\u0131yor,&nbsp;<em>&#8216;Bu insanlar ayr\u0131mc\u0131l\u0131k yapm\u0131yor, \u00f6tekile\u015ftirmiyor, hizmeti e\u015fit getiriyor, adaleti getiriyor&#8217;<\/em>&nbsp;diyor. Bu anlay\u0131\u015f bize olan g\u00fcveni muazzam bir noktaya getirdi. Bu bizi mutlu ediyor, g\u00fcven ve enerji veriyor. Bu enerji, duygu ve moral \u00fcst\u00fcnl\u00fc\u011f\u00fcyle \u00f6n\u00fcm\u00fczdeki s\u00fcre\u00e7te hep beraber \u00e7ok daha g\u00fczel i\u015fler yapabilece\u011fimizi d\u00fc\u015f\u00fcn\u00fcyorum&#8221;<\/strong>&nbsp;s\u00f6zlerine yer verdi.<\/p>\n\n\n\n<p><strong>&#8220;T\u00fcrkiye&#8217;yi y\u00f6netmek istiyoruz&#8221;<\/strong><\/p>\n\n\n\n<p>Se\u00e7er,&nbsp;<strong>&#8220;T\u00fcrkiye&#8217;yi y\u00f6netmek istiyoruz. \u0130ktidar mental yorgunlu\u011fu i\u00e7erisindedir. Do\u011fal olarak bir de\u011fi\u015fiklik T\u00fcrkiye&#8217;ye iyi gelecektir. Tabi se\u00e7imin ne zaman olaca\u011f\u0131n\u0131 bilemiyoruz. Anayasal olarak se\u00e7im tarihi belli ama Parlamento&#8217;nun ya da Cumhurba\u015fkan\u0131&#8217;n\u0131n bir karar\u0131 do\u011frultusunda s\u00fcre\u00e7 farkl\u0131 bir boyuta evirilebilir. Biz her an se\u00e7ime gidecek \u015fekilde belediye hizmetlerimizin partimizin oyuna tahvil edilmesi i\u00e7in en ciddi, disiplinli \u00e7al\u0131\u015fmalar\u0131 s\u00fcrd\u00fcrece\u011fiz&#8221;<\/strong>&nbsp;diye konu\u015ftu.<\/p>\n\n\n\n<p><strong>&#8220;Mersin&#8217;e en b\u00fcy\u00fck eserim huzuru getirmi\u015f olmak&#8221;<\/strong><\/p>\n\n\n\n<p>Belediye Ba\u015fkanl\u0131\u011f\u0131 s\u00fcresi boyunca \u00e7al\u0131\u015fan\u0131n kazand\u0131\u011f\u0131n\u0131 g\u00f6rd\u00fc\u011f\u00fcn\u00fc vurgulayan Se\u00e7er,&nbsp;<strong>&#8220;Halk\u0131 ger\u00e7ekten seven, onu hisseden, dertleriyle dertlenen insanlar kazan\u0131yor. \u015eu anda i\u00e7inde bulundu\u011funuz kent, Atat\u00fcrk kenti diye an\u0131l\u0131r. Yani buraya biz Mustafa Kemal&#8217;in kenti deriz. Atat\u00fcrk\u00e7\u00fc n\u00fcfusun yo\u011fun oldu\u011fu, insanlar\u0131n farkl\u0131 etnik yap\u0131lara, farkl\u0131 renklere ra\u011fmen karde\u015f\u00e7e bir arada ya\u015fad\u0131\u011f\u0131 bir kent. Biz de 5 y\u0131l\u0131 a\u015fk\u0131n bir s\u00fcredir g\u00f6rev yap\u0131yoruz. Karde\u015fli\u011fi, birli\u011fi, beraberli\u011fi tahkim etmek i\u00e7in elimizden gelen gayreti g\u00f6sterdik. Bizim i\u00e7in \u00f6nce huzurdur, sonra hizmeti zaten yapar\u0131z&#8221;<\/strong>&nbsp;dedi. Mersin&#8217;e yapt\u0131\u011f\u0131 en b\u00fcy\u00fck eserinin&nbsp;<strong><em>&#8216;Huzur&#8217;<\/em><\/strong>&nbsp;oldu\u011funun alt\u0131n\u0131 \u00e7izen Se\u00e7er,&nbsp;<strong>&#8220;Bunun parasal kar\u015f\u0131l\u0131\u011f\u0131 yok, herkes huzur i\u00e7erisinde. Burada sa\u011fc\u0131s\u0131 da, solcusu da, milliyet\u00e7isi de, muhafazakar\u0131 da, Atat\u00fcrk\u00e7\u00fcs\u00fc de var. Hepsi bizim ba\u015f\u0131m\u0131z\u0131n tac\u0131d\u0131r. Bu anlay\u0131\u015fla \u00e7al\u0131\u015fmalar\u0131m\u0131z\u0131 s\u00fcrd\u00fcrece\u011fiz. En k\u0131sa s\u00fcre i\u00e7erisinde yap\u0131lacak se\u00e7imlerde de T\u00fcrkiye&#8217;yi y\u00f6netece\u011fiz, yine bu huzuru T\u00fcrkiye&#8217;ye getirece\u011fiz&#8221;<\/strong>&nbsp;\u015feklinde konu\u015ftu.<\/p>\n\n\n\n<p><strong>&#8220;\u0130htiya\u00e7lar neredeyse b\u00fct\u00e7eyi oraya harcad\u0131\u011f\u0131n\u0131zda halk kar\u015f\u0131l\u0131\u011f\u0131n\u0131 veriyor&#8221;<\/strong><\/p>\n\n\n\n<p>Kendisinin 2019 se\u00e7imlerinde&nbsp;<strong>&#8216;bereket&#8217;<\/strong>&nbsp;ve&nbsp;<strong>&#8216;huzur&#8217;<\/strong>&nbsp;kavramlar\u0131n\u0131 slogan olarak kulland\u0131\u011f\u0131n\u0131 hat\u0131rlatan ve se\u00e7ildikten sonra da bu anlay\u0131\u015f ile Ankaral\u0131lara hizmet sundu\u011funu belirten Ankara B\u00fcy\u00fck\u015fehir Belediye Ba\u015fkan\u0131 Mansur Yava\u015f, halk\u0131n ger\u00e7ek hizmet \u00fcretenleri art\u0131k g\u00f6rd\u00fc\u011f\u00fcn\u00fc s\u00f6yledi. Yava\u015f,&nbsp;<strong>&#8220;Bizler de 5 y\u0131l boyunca hi\u00e7 kimseyi ay\u0131rmadan \u00e7al\u0131\u015ft\u0131k.&nbsp;<em>&#8216;Kimseyi ay\u0131rmamal\u0131y\u0131z&#8217;<\/em>&nbsp;dedik ve bunun da kar\u015f\u0131l\u0131\u011f\u0131 belediye say\u0131m\u0131z\u0131n 3&#8217;ten 16&#8217;ya \u00e7\u0131kmas\u0131yla oy oran\u0131m\u0131z\u0131n y\u00fczde 60&#8217;lara \u00e7\u0131kmas\u0131yla ortaya \u00e7\u0131kt\u0131. \u00c7\u00fcnk\u00fc malum T\u00fcrk siyasi hayat\u0131nda gerek sizin yakalad\u0131\u011f\u0131n\u0131z ba\u015far\u0131, ald\u0131\u011f\u0131n\u0131z oy oran\u0131, gerek Ankara&#8217;daki oy oran\u0131 pek rastlanm\u0131\u015f bir hadise de\u011fil. Herkes&nbsp;<em>&#8216;Bu i\u015f nas\u0131l oldu?&#8217;<\/em>&nbsp;diye soruyor. Bunun sebebi kimseyi ay\u0131rmamak. \u0130htiya\u00e7lar neredeyse b\u00fct\u00e7eyi oraya harcad\u0131\u011f\u0131n\u0131zda halk kar\u015f\u0131l\u0131\u011f\u0131n\u0131 veriyor&#8221;<\/strong>&nbsp;dedi.<\/p>\n\n\n\n<p><strong>&#8220;\u0130ktidar de\u011fi\u015fikli\u011fi oldu\u011fu zaman T\u00fcrkiye&#8217;ye huzur i\u00e7erisinde g\u00fczel g\u00fcnler gelir&#8221;<\/strong><\/p>\n\n\n\n<p>CHP&#8217;li belediyeler taraf\u0131ndan ger\u00e7ekle\u015ftirilen ba\u015far\u0131l\u0131 \u00e7al\u0131\u015fmalar ile genel se\u00e7imde vatanda\u015flar\u0131n art\u0131k de\u011fi\u015fimi tercih edeceklerine inand\u0131\u011f\u0131n\u0131 vurgulayan Yava\u015f,&nbsp;<strong>&#8220;Bu yapt\u0131\u011f\u0131m\u0131z \u00e7al\u0131\u015fmalar sonucunda bende en k\u0131sa zamanda yap\u0131lacak se\u00e7imler sonucu art\u0131k T\u00fcrkiye&#8217;nin art\u0131k, o korku siyasetin hakim olmayaca\u011f\u0131 ve belediyelerdeki yap\u0131lan bu \u00e7al\u0131\u015fmalar nedeniyle&nbsp;<em>&#8216;Biz bo\u015funa korkmu\u015fuz, Bak\u0131n belediyeyi de\u011fi\u015ftirdik, hem huzur geldi, hem rahatlad\u0131k ve hizmet g\u00f6rd\u00fck. Devletin sosyal devlet oldu\u011funu yeniden hat\u0131rlad\u0131k. Asl\u0131nda olmas\u0131 gereken buydu&#8217;<\/em>&nbsp;deyip bir de\u011fi\u015fimi ger\u00e7ekle\u015ftirece\u011fine inan\u0131yorum. Bizler bunun sadece yolcusuyuz ya da yol g\u00f6sterenleriyiz. T\u00fcrkiye&#8217;de iktidar de\u011fi\u015fikli\u011fi oldu\u011fu zaman da, in\u015fallah sistemin de tabii de\u011fi\u015fmesiyle, T\u00fcrkiye&#8217;ye tekrar huzur i\u00e7erisinde g\u00fczel g\u00fcnleri gelir&#8221;<\/strong>&nbsp;diye konu\u015ftu.<\/p>\n\n\n\n<p><strong>&#8220;Vatanda\u015flar\u0131m\u0131z bize k\u0131yaslanma imkan\u0131 tan\u0131s\u0131nlar&#8221;<\/strong><\/p>\n\n\n\n<p>Vatanda\u015flar\u0131n k\u0131yas yapabilmeleri i\u00e7in kendilerine imkan tan\u0131malar\u0131n\u0131 istedi\u011fini dile getiren Yava\u015f&nbsp;<strong>&#8220;Hesap veren \u015feffaf bir iktidar ortaya \u00e7\u0131karsa i\u015fte o zaman da aradaki fark\u0131, bu belediyelerde yapt\u0131\u011f\u0131 k\u0131yas gibi yapma imkanlar\u0131 bulacaklar. Ben milletimizden bunu istiyorum. Bize k\u0131yas yapacaklar\u0131 bir imkan tan\u0131d\u0131klar\u0131nda aradaki fark\u0131 mutlaka g\u00f6recekler ve Cumhuriyet Halk Partili belediyelerin y\u00f6netiminde olan her yerdeki mutlu olan vatanda\u015f, T\u00fcrkiye&#8217;de de t\u00fcm\u00fcyle mutlu olan vatanda\u015f haline gelecektir. Bunu ba\u015faraca\u011f\u0131m\u0131za inan\u0131yorum&#8221;<\/strong>&nbsp;ifadelerine yer verdi.<\/p>\n\n\n\n<p><strong>&#8220;Mersin&#8217;deki artan oy oran\u0131 Ankara&#8217;n\u0131n da \u00fczerinde&#8221;<\/strong><\/p>\n\n\n\n<p>Ba\u015fkan Yava\u015f konu\u015fmas\u0131n\u0131n sonunda ise 2024 se\u00e7imlerinde elde etti\u011fi ba\u015far\u0131 dolay\u0131s\u0131yla Ba\u015fkan Se\u00e7er&#8217;i tebrik ederek&nbsp;<strong>&#8220;Ben sizi ayr\u0131ca tebrik ediyorum. \u00c7\u00fcnk\u00fc bunu her yerde de s\u00f6yl\u00fcyorum; beni her ne kadar rekortmen olarak ilan etmi\u015flerse de oy oran\u0131na bakt\u0131\u011f\u0131n\u0131z zaman Mersin&#8217;deki artan oy oran\u0131 Ankara&#8217;n\u0131n da \u00fczerinde. Bu \u00e7al\u0131\u015fmalar\u0131n\u0131zdan dolay\u0131 sizi tebrik ediyor, ba\u015far\u0131lar\u0131n\u0131z\u0131n devam\u0131n\u0131 diliyorum&#8221;<\/strong>&nbsp;s\u00f6zlerine yer verdi.&nbsp;&nbsp;<\/p>\n","protected":false},"excerpt":{"rendered":"<p>Ankara B\u00fcy\u00fck\u015fehir Belediye Ba\u015fkan\u0131 Mansur Yava\u015f, Ankara&#8217;daki g\u00f6rev yapan Cumhuriyet Halk Partili (CHP) \u0130l\u00e7e Belediye Ba\u015fkanlar\u0131 ile birlikte, Mersin B\u00fcy\u00fck\u015fehir Belediye Ba\u015fkan\u0131 Vahap Se\u00e7er&#8217;i ziyaret etti. Ziyarette ayr\u0131ca; Ke\u00e7i\u00f6ren Belediye Ba\u015fkan\u0131 Mesut \u00d6zarslan, G\u00f6lba\u015f\u0131 Belediye Ba\u015fkan\u0131 Yakup Odaba\u015f\u0131, Elmada\u011f Belediye Ba\u015fkan\u0131 Adem Bar\u0131\u015f A\u015fk\u0131n, Kahramankazan Belediye Ba\u015fkan\u0131 Selim \u00c7\u0131rpano\u011flu, G\u00fcd\u00fcl Belediye Ba\u015fkan\u0131 Mehmet Do\u011fanay, Ankara [&hellip;]<\/p>\n","protected":false},"author":2,"featured_media":35555,"comment_status":"closed","ping_status":"closed","sticky":false,"template":"","format":"standard","meta":{"footnotes":""},"categories":[34,2,3,5],"tags":[],"class_list":["post-35554","post","type-post","status-publish","format-standard","has-post-thumbnail","hentry","category-flas-haber","category-gundem","category-manset","category-mersin"],"views":10,"_links":{"self":[{"href":"https:\/\/mersinkadingazetesi.com\/index.php?rest_route=\/wp\/v2\/posts\/35554"}],"collection":[{"href":"https:\/\/mersinkadingazetesi.com\/index.php?rest_route=\/wp\/v2\/posts"}],"about":[{"href":"https:\/\/mersinkadingazetesi.com\/index.php?rest_route=\/wp\/v2\/types\/post"}],"author":[{"embeddable":true,"href":"https:\/\/mersinkadingazetesi.com\/index.php?rest_route=\/wp\/v2\/users\/2"}],"replies":[{"embeddable":true,"href":"https:\/\/mersinkadingazetesi.com\/index.php?rest_route=%2Fwp%2Fv2%2Fcomments&post=35554"}],"version-history":[{"count":1,"href":"https:\/\/mersinkadingazetesi.com\/index.php?rest_route=\/wp\/v2\/posts\/35554\/revisions"}],"predecessor-version":[{"id":35556,"href":"https:\/\/mersinkadingazetesi.com\/index.php?rest_route=\/wp\/v2\/posts\/35554\/revisions\/35556"}],"wp:featuredmedia":[{"embeddable":true,"href":"https:\/\/mersinkadingazetesi.com\/index.php?rest_route=\/wp\/v2\/media\/35555"}],"wp:attachment":[{"href":"https:\/\/mersinkadingazetesi.com\/index.php?rest_route=%2Fwp%2Fv2%2Fmedia&parent=35554"}],"wp:term":[{"taxonomy":"category","embeddable":true,"href":"https:\/\/mersinkadingazetesi.com\/index.php?rest_route=%2Fwp%2Fv2%2Fcategories&post=35554"},{"taxonomy":"post_tag","embeddable":true,"href":"https:\/\/mersinkadingazetesi.com\/index.php?rest_route=%2Fwp%2Fv2%2Ftags&post=35554"}],"curies":[{"name":"wp","href":"https:\/\/api.w.org\/{rel}","templated":true}]}}