{"id":35558,"date":"2024-09-29T11:18:56","date_gmt":"2024-09-29T08:18:56","guid":{"rendered":"https:\/\/mersinkadingazetesi.com\/?p=35558"},"modified":"2024-09-29T11:18:57","modified_gmt":"2024-09-29T08:18:57","slug":"iktidara-taze-kani-getireceksiniz-ki-size-daha-guzel-hizmetler-yapsin","status":"publish","type":"post","link":"https:\/\/mersinkadingazetesi.com\/?p=35558","title":{"rendered":"&#8220;\u0130KT\u0130DARA TAZE KANI GET\u0130RECEKS\u0130N\u0130Z K\u0130 S\u0130ZE DAHA G\u00dcZEL H\u0130ZMETLER YAPSIN&#8221;"},"content":{"rendered":"\n<p>Mersin B\u00fcy\u00fck\u015fehir Belediye Ba\u015fkan\u0131 Vahap Se\u00e7er, Mersin B\u00fcy\u00fck\u015fehir Belediyesi ve Anamur Belediyesi i\u015fbirli\u011finde d\u00fczenlenen&nbsp;<strong><em>&#8216;Tropikal Meyve \u015eenli\u011fi&#8217;<\/em><\/strong>ne kat\u0131ld\u0131.<\/p>\n\n\n\n<p><strong><em>&#8216;Tropikal Meyveler Bereketli Mersin Topraklar\u0131n\u0131 \u00c7ok Sevdi, \u00dcreticimize Bol Kazan\u00e7 Getirdi&#8217;<\/em><\/strong>&nbsp;slogan\u0131yla Anamur Cumhuriyet Meydan\u0131&#8217;nda ger\u00e7ekle\u015ftirilen \u015fenlikte; &#8216;Lezzetli Tatlar&#8217; ve &#8216;En \u0130ri Ejder Meyvesi Yar\u0131\u015fmas\u0131&#8217; da yap\u0131ld\u0131. Ba\u015fkan Se\u00e7er, Anamur Belediye Ba\u015fkan\u0131 Durmu\u015f Deniz ile birlikte alanda yer alan stantlar\u0131 gezerken, stant sahiplerine&nbsp;<strong>&#8216;Hay\u0131rl\u0131 \u0130\u015fler&#8217;<\/strong>&nbsp;diledi.<\/p>\n\n\n\n<p>\u015eenli\u011fe; Mersin B\u00fcy\u00fck\u015fehir Belediye Ba\u015fkan\u0131 Vahap Se\u00e7er, Cumhuriyet Halk Partisi (CHP) Mersin Milletvekili G\u00fclcan K\u0131\u015f, Anamur Belediye Ba\u015fkan\u0131 Durmu\u015f Deniz, Ayd\u0131nc\u0131k Belediye Ba\u015fkan\u0131 \u00d6zkan K\u0131l\u0131\u00e7arpa, dernek, oda ve sivil toplum kurulu\u015flar\u0131n\u0131n temsilcileri, muhtarlar, \u00fcreticiler ve \u00e7ok say\u0131da vatanda\u015f kat\u0131l\u0131m sa\u011flad\u0131. Sayg\u0131 Duru\u015fu ve \u0130stiklal Mar\u015f\u0131 ile ba\u015flayan a\u00e7\u0131l\u0131\u015f program\u0131nda; halk oyunlar\u0131 g\u00f6sterisinin ard\u0131ndan protokol konu\u015fmalar\u0131na ge\u00e7ildi.<\/p>\n\n\n\n<p>\u015eenlikte; Anamurlu yerel \u00fcreticilerin desteklenmesi amac\u0131yla \u00fcretici stantlar\u0131 yer ald\u0131. Vatanda\u015flara \u00fccretsiz olarak; ejder meyvesi ve ejder meyvesi fidesi, muz ve \u00e7ilek kurusu, muz dondurmas\u0131, papaya ve passiflora re\u00e7eli, ejder marmelat\u0131 ile avokado da\u011f\u0131t\u0131m\u0131 yap\u0131ld\u0131.&nbsp;<\/p>\n\n\n\n<p><strong>Se\u00e7er: &#8220;Bizim milletimiz \u00e7al\u0131\u015fkand\u0131r&#8221;<\/strong><\/p>\n\n\n\n<p>Anamur&#8217;u ve Anamurlular\u0131 \u00e7ok sevdi\u011fini belirterek konu\u015fmas\u0131na ba\u015flayan Ba\u015fkan Vahap Se\u00e7er, il\u00e7enin merkeze uzak olmas\u0131na kar\u015f\u0131n g\u00f6n\u00fcllerinin her daim bir arada oldu\u011funu s\u00f6yledi. Anamurlular\u0131n \u00e7al\u0131\u015fkan bir toplum oldu\u011funu s\u00f6yleyen Se\u00e7er, \u00e7ift\u00e7ilerin her zaman ak\u0131ll\u0131 y\u00f6neticiler taraf\u0131ndan ba\u015f tac\u0131 edildi\u011fine dikkat \u00e7ekti.<\/p>\n\n\n\n<p>Tar\u0131m\u0131n emek yo\u011funluklu bir sekt\u00f6r oldu\u011funu ve T\u00fcrkiye&#8217;nin de tarihten beri co\u011frafyas\u0131nda bulunan binlerce \u00e7e\u015fit endemik bitkilerin yan\u0131 s\u0131ra bereketli topraklar\u0131 ve \u00e7al\u0131\u015fkan, \u00fcretken insanlar\u0131 ile hep tar\u0131m toplumu oldu\u011funu vurgulayan Se\u00e7er,&nbsp;<strong>&#8220;Bunun yan\u0131nda b\u00f6lgemiz daha bir de\u011ferli, bu b\u00f6lge i\u00e7erisinde de Anamur bir kat daha de\u011ferlidir. \u00d6yle g\u00fczel bir co\u011frafyada ya\u015fad\u0131\u011f\u0131n\u0131z\u0131n fark\u0131nda m\u0131s\u0131n\u0131z? Siz ne \u015fansl\u0131 insanlars\u0131n\u0131z Anamurlular. Yak\u0131\u015f\u0131kl\u0131 Toros da\u011flar\u0131na s\u0131rt\u0131n\u0131z\u0131 dayam\u0131\u015fs\u0131n\u0131z, burada g\u00fczel Akdeniz, sere serpe Mavideniz. Her tarafta bereket var. \u00c7al\u0131\u015f, \u00fcret, al\u0131n teri d\u00f6k, mutlaka ba\u015far\u0131l\u0131 olursunuz. \u00c7al\u0131\u015fm\u0131yor mu \u00e7ift\u00e7i, elbette \u00e7al\u0131\u015f\u0131yor. Fazlas\u0131yla \u00e7al\u0131\u015f\u0131yor, \u00fcretiyor. Bizim milletimiz \u00e7al\u0131\u015fkand\u0131r&#8221;<\/strong>&nbsp;dedi.<\/p>\n\n\n\n<p><strong>&#8220;\u00c7ift\u00e7i \u00e7al\u0131\u015fkand\u0131r, \u00f6nemli olan kadir k\u0131ymet bilmeyen iktidarlar\u0131n olmamas\u0131d\u0131r&#8221;<\/strong><\/p>\n\n\n\n<p>\u00c7ift\u00e7ilerin \u00e7al\u0131\u015fkanl\u0131klar\u0131na kar\u015f\u0131n iktidar taraf\u0131ndan yeterince desteklenmediklerini ifade eden Se\u00e7er,&nbsp;<strong>&#8220;Bizim \u00e7ift\u00e7imiz \u00e7al\u0131\u015f\u0131r, \u00e7al\u0131\u015fkand\u0131r, \u00fcretir. \u00d6nemli olan kadir k\u0131ymet bilmeyen iktidarlar\u0131n olmamas\u0131d\u0131r, \u00e7ift\u00e7inin eme\u011fini, \u00f6nemini bilmeyenlerin olmamas\u0131d\u0131r. \u00c7ift\u00e7i d\u00fcnyan\u0131n neresine giderseniz gidin desteklenir. Onun i\u00e7in genel politika \u015fudur; h\u00fck\u00fcmetler \u00e7ift\u00e7iyi \u00f6nemser. Hele hele bizim gibi tar\u0131m toplumlar\u0131nda daha fazla \u00f6nemser&#8221;<\/strong>&nbsp;diye konu\u015ftu.<\/p>\n\n\n\n<p><strong>&#8220;\u00dcretmedi\u011finiz yerde t\u00fckenirsiniz<\/strong><strong>.&#8221;<\/strong><\/p>\n\n\n\n<p>\u00dclkelerde h\u00fck\u00fcmeti y\u00f6neten siyasilerin kimilerinin oy kayg\u0131s\u0131yla, kimilerinin de bilin\u00e7le \u00e7ift\u00e7ilerin desteklenmesi gerekti\u011fine dikkat \u00e7ekti\u011fini aktaran Se\u00e7er,&nbsp;<strong>&#8220;\u00c7\u00fcnk\u00fc ana karn\u0131ndan itibaren insanlar iyi beslenecek, \u00e7ocuk iyi beslenecek, delikanl\u0131 iyi beslenecek. Sa\u011fl\u0131kl\u0131 nesiller olu\u015facak, zeki \u00e7ocuklar\u0131m\u0131z olacak. Bunu ak\u0131ll\u0131 y\u00f6neticiler bilir. \u00dcretmedi\u011finiz yerde t\u00fckenirsiniz<\/strong><strong>.&nbsp;Tarihte&nbsp;bir ad\u0131m geriye giderseniz, \u00f6nceden sanayi toplumuydu, \u015fimdi teknoloji toplumu. Teknoloji geli\u015fmi\u015fli\u011fi belirler ama e\u011fer a\u00e7 kal\u0131rsan\u0131z ya\u015fayamazs\u0131n\u0131z. Sanayiniz&nbsp;ve teknolojiniz yetersiz kalabilir.&nbsp;Tar\u0131m bu derece \u00f6nemlidir&#8221;<\/strong>&nbsp;ifadelerine&nbsp;yer verdi.<\/p>\n\n\n\n<p><strong>&#8220;Harcad\u0131\u011f\u0131m\u0131z her para sizin&#8221;<\/strong><\/p>\n\n\n\n<p>Ge\u00e7mi\u015f y\u0131llarda Anamur&#8217;da sadece muz yeti\u015ftiricili\u011fi yap\u0131ld\u0131\u011f\u0131n\u0131 ancak gelinen noktada bir\u00e7ok tropikal meyvenin \u00fcretimine ba\u015flan\u0131ld\u0131\u011f\u0131n\u0131 belirten Se\u00e7er,&nbsp;<strong>&#8220;\u00c7e\u015fitlilik artm\u0131\u015f, bu gayet g\u00fczel. Bu desteklenerek, tan\u0131t\u0131m ve e\u011fitimle olacak. Bizim tar\u0131m dairemiz iyi \u00e7al\u0131\u015f\u0131yor. \u00c7ift\u00e7i ile i\u00e7 i\u00e7e. \u00c7ift\u00e7inin derdini, hastal\u0131\u011f\u0131n\u0131, s\u0131z\u0131s\u0131n\u0131, ac\u0131s\u0131n\u0131 biliyor, re\u00e7eteyi iyi yaz\u0131yor. Nerede, ne zaman destek yapaca\u011f\u0131n\u0131 biliyor. Biz de israf, t\u00fcy\u00fc bitmemi\u015f yetimin hakk\u0131n\u0131 yemek yok. Dinimizde de, hukukta da, vicdan da yok, insafta da yok. Harcad\u0131\u011f\u0131m\u0131z her para sizin&#8221;<\/strong>&nbsp;dedi.<\/p>\n\n\n\n<p><strong>&#8220;Bu y\u00f6netici ziraat\u0131n, \u00fcretimin, \u00fcreticinin, \u00e7ift\u00e7inin de\u011ferini biliyor&#8221;<\/strong><\/p>\n\n\n\n<p>B\u00fcy\u00fck\u015fehir Belediyesi olarak 2024 y\u0131l\u0131nda \u00e7ift\u00e7ilere 119 milyon TL do\u011frudan destek verdiklerini aktaran Se\u00e7er, bu rakam\u0131n \u00f6n\u00fcm\u00fczdeki y\u0131l i\u00e7in y\u00fczde 80 art\u0131\u015f ile 215 milyon TL&#8217;ye y\u00fckseltilece\u011fini s\u00f6yledi. Se\u00e7er,&nbsp;<strong>&#8220;\u00c7\u00fcnk\u00fc bu y\u00f6netici ziraat\u0131n, \u00fcretimin, \u00fcreticinin, \u00e7ift\u00e7inin de\u011ferini biliyor. Topluma katk\u0131lar\u0131n\u0131 biliyor. Her alanda deste\u011fe devam edece\u011fiz. Bilin\u00e7li \u00fcreticiyi \u00f6nemsiyorum. Bilin\u00e7siz \u00fcretici kaliteli \u00fcretim yapamaz. Onun i\u00e7in kooperatifler \u00f6nemsenecek. Kooperatifler \u015eube M\u00fcd\u00fcrl\u00fc\u011f\u00fc&#8217;m\u00fcz var. Kad\u0131n kooperatiflerimizde \u015fube m\u00fcd\u00fcrleri vas\u0131tas\u0131yla ileti\u015fim kuruyorlar ve bizden e\u011fitim al\u0131yorlar. Daha do\u011fru, daha efektif, daha rasyonel \u00e7al\u0131\u015fmalar\u0131 laz\u0131m&#8221;<\/strong>&nbsp;s\u00f6zlerine yer verdi.<\/p>\n\n\n\n<p><strong>&#8220;Taze kan\u0131 getireceksiniz ki size daha g\u00fczel hizmetler yaps\u0131n&#8221;<\/strong><\/p>\n\n\n\n<p>\u00c7ift\u00e7ilerin, sorunlar\u0131n\u0131n \u00e7\u00f6z\u00fcm\u00fc i\u00e7in kendi \u00fczerlerine d\u00fc\u015fen g\u00f6revi yapmas\u0131 gerekti\u011fini ve bu g\u00f6revinde iktidar de\u011fi\u015fikli\u011fi oldu\u011funu vurgulayan Se\u00e7er \u015funlar\u0131 kaydetti:&nbsp;<strong>&#8220;Demokrasilerde yorulan iktidar gider taze kan gelir, enerjisi olan gelir. Taze kan\u0131 getireceksiniz ki size daha g\u00fczel hizmetler yaps\u0131n. Yeni politikalar \u00fcretsin. Bak\u0131n 2019&#8217;a; taze kan geldi, Mersin&#8217;e yarad\u0131, Mersin&#8217;in y\u00fcz\u00fcne kan geldi, sa\u011fl\u0131k geldi, enerji geldi. \u00c7\u00fcnk\u00fc ba\u015fkan\u0131n\u0131z da \u00e7al\u0131\u015f\u0131yor, ba\u015fkan\u0131n\u0131zla beraber y\u00fcr\u00fcyenler de \u00e7al\u0131\u015f\u0131yor.<\/strong><strong>&nbsp;Biz memleket i\u00e7in yola \u00e7\u0131kt\u0131k, sizler i\u00e7in yola \u00e7\u0131kt\u0131k.&#8221;<\/strong><\/p>\n\n\n\n<p><strong>&#8220;T\u00fcrkiye&#8217;nin en b\u00fcy\u00fck sorunu adaletsizlik&#8221;<\/strong><\/p>\n\n\n\n<p>Mersin&#8217;de her noktaya ayr\u0131m yapmadan hizmet g\u00f6t\u00fcrd\u00fcklerinin alt\u0131n\u0131 \u00e7izen Se\u00e7er,&nbsp;<strong>&#8220;Az oy vermi\u015f, \u00e7ok oy vermi\u015f hi\u00e7 dinlemedik. Halk samimiyeti anlar, herkes her \u015feyi bilir. Riyak\u00e2r\u0131 da bilir samimiyeti de bilir. Vatanda\u015f bunu g\u00f6rd\u00fc ve dedi ki; &#8216;<em>Biz hizmet al\u0131yoruz, bu hizmette bir samimiyet var, bir adalet var&#8217;&nbsp;<\/em>&#8220;<\/strong>dedi. Konf\u00fc\u00e7y\u00fcs&#8217;\u00fcn&nbsp;<strong><em>&#8216;Adalet kutup y\u0131ld\u0131z\u0131 gibi yerinde durur ve geri kalan her \u015fey onun etraf\u0131nda d\u00f6ner&#8217;<\/em><\/strong>&nbsp;s\u00f6z\u00fcn\u00fc al\u0131nt\u0131layan Se\u00e7er,&nbsp;<strong>&#8220;T\u00fcrkiye&#8217;nin en b\u00fcy\u00fck sorunu adaletsizlik. Adaletin olmad\u0131\u011f\u0131 yerde zaten bir \u015fey olmaz.&nbsp;<em>&#8216;Bu adam adaletli, her yere hizmet g\u00f6t\u00fcr\u00fcyor. Bu k\u00f6y bize oy verdi, vermedi. Bu muhtar \u015f\u00f6yledir, b\u00f6yledir demedi<\/em>&#8216; diyorlar. Biz buraya hizmete geldik. Anamur<\/strong><strong>&nbsp;ilimizin en bat\u0131s\u0131nda.&nbsp;B\u00fcy\u00fck\u015fehirde Ba\u015fkan\u0131na y\u00fczde 59.8 oy verdi. Tabii ki sizlere te\u015fekk\u00fcr edece\u011fiz. Merak etmeyin sorumlulu\u011fumuzun bilincindeyiz, y\u00fck\u00fcm\u00fcz\u00fcn fark\u0131nday\u0131z. Bunu ta\u015f\u0131yaca\u011f\u0131z, \u00e7ok daha g\u00fczel hizmetler yapaca\u011f\u0131z&#8221;<\/strong>&nbsp;s\u00f6zlerine yer verdi.<\/p>\n\n\n\n<p><strong>&#8220;Tar\u0131ma daha da fazla \u00f6nem verece\u011fiz, \u00fcretenin yan\u0131nda olaca\u011f\u0131z&#8221;<\/strong><\/p>\n\n\n\n<p>Tar\u0131ma daha da fazla \u00f6nem vereceklerinin alt\u0131n\u0131 \u00e7izen Se\u00e7er, fide-fidan desteklerinin yan\u0131 s\u0131ra her y\u0131l 60 aileye 25 k\u00fc\u00e7\u00fckba\u015f hayvan desteklerinin de s\u00fcrd\u00fc\u011f\u00fcn\u00fc belirtti. Se\u00e7er, ayn\u0131 zamanda ar\u0131c\u0131l\u0131ktan bal\u0131k\u00e7\u0131l\u0131\u011fa her alanda tar\u0131m\u0131 desteklediklerini kaydederek,&nbsp;<strong>&#8220;\u0130\u015fte b\u00f6yle olur tar\u0131msal proje; \u00fcretecek, kendi kendini besleyecek ve onlarca, y\u00fczlerce, binlerce insana katk\u0131 sunacak&#8221;<\/strong>&nbsp;dedi. \u00c7al\u0131\u015fmak ve \u00fcretmek zorunda olduklar\u0131n\u0131 s\u00f6yleyen Se\u00e7er,&nbsp;<strong>&#8220;\u00dcreten, al\u0131n teri d\u00f6ken bizim kabul\u00fcm\u00fczd\u00fcr. Biz ona sayg\u0131 duyar\u0131z ve yan\u0131nda oluruz, yan\u0131nda olmaya da devam edece\u011fiz&#8221;<\/strong>&nbsp;diye konu\u015ftu.<\/p>\n\n\n\n<p><strong>B\u00fcy\u00fck\u015fehir&#8217;den Anamur&#8217;un her noktas\u0131na hizmet<\/strong><\/p>\n\n\n\n<p>Anamur&#8217;a yapacaklar\u0131 projelere de\u011finen Se\u00e7er; ivedilikle k\u00f6y yollar\u0131n\u0131 yapt\u0131klar\u0131n\u0131, ana caddelerini yenilediklerini, k\u00fclt\u00fcr merkezi projesini yat\u0131r\u0131m program\u0131na ald\u0131klar\u0131n\u0131, Anamur&#8217;a yeni bir hal yapacaklar\u0131n\u0131, 100 y\u0131ll\u0131k bir projeye imza atacaklar\u0131 Otluca \u0130\u00e7me Suyu Projesi i\u00e7in iller Bankas\u0131&#8217;ndan \u00f6denek al\u0131p hizmeti tamamlayacaklar\u0131n\u0131 ve alt yap\u0131ya dair projelerinin ise haz\u0131r oldu\u011funu kaydetti. Anamur&#8217;un tar\u0131m kenti olmas\u0131n\u0131n yan\u0131 s\u0131ra turizm kenti de oldu\u011funu kaydeden Se\u00e7er,&nbsp;<strong>&#8220;B\u00fct\u00fcn \u00e7al\u0131\u015fmalar\u0131 en teknik, en kaliteli \u015fekilde ger\u00e7ekle\u015ftirdik. Anamur turistik h\u00fcviyete b\u00fcr\u00fcn\u00fcyor. Turist temiz il\u00e7eye, temiz beldeye, kent esteti\u011fi olan, insanlar\u0131n\u0131n misafirleri iyi a\u011f\u0131rlad\u0131\u011f\u0131n\u0131 kabul etti\u011fi yerlere gelir. Anamur bir tar\u0131m kenti ama ayn\u0131 zamanda turizm kentidir&#8221;<\/strong>&nbsp;dedi.<\/p>\n\n\n\n<p><strong>&#8220;Bu vatan kimsenin babas\u0131n\u0131n \u00e7iftli\u011fi de\u011fil&#8221;<\/strong><\/p>\n\n\n\n<p>\u00c7al\u0131\u015fan\u0131n, \u00fcretenin, azmedenin elinden hi\u00e7bir \u015feyin kurtulamayaca\u011f\u0131n\u0131 s\u00f6yleyen Se\u00e7er, Anamurlulara seslenerek,&nbsp;<strong>&#8220;Sizleri \u00e7ok seviyoruz, sizler bizim i\u00e7in \u00f6nemlisiniz. Sizler de kendinizi de\u011ferli g\u00f6r\u00fcn, \u00f6nemli g\u00f6r\u00fcn. Her biriniz Bu vatan\u0131n birer \u015ferefli evlad\u0131s\u0131n\u0131z, her birinizin bu vatan\u0131n her kar\u0131\u015f topra\u011f\u0131nda hakk\u0131 var. Bu vatan kimsenin babas\u0131n\u0131n \u00e7iftli\u011fi de\u011fildir. Bu vatan Ulu \u00d6nder Mustafa Kemal Atat\u00fcrk&#8217;\u00fcn bizlere arma\u011fan etti\u011fi Cumhuriyet \u00e7at\u0131s\u0131 alt\u0131nda, ay-y\u0131ld\u0131zl\u0131 al bayra\u011f\u0131n g\u00f6lgesinde ya\u015fayan insanlar\u0131n vatan\u0131d\u0131r, T\u00fcrkiye Cumhuriyeti&#8217;dir&#8221;<\/strong>&nbsp;s\u00f6zleriyle konu\u015fmas\u0131na son verdi.<\/p>\n\n\n\n<p><strong>Deniz: &#8220;B\u00fcy\u00fck\u015fehir&#8217;in deste\u011fiyle tropikal \u00fcr\u00fcn \u00fcretimi h\u0131zla yay\u0131ld\u0131&#8221;<\/strong><\/p>\n\n\n\n<p>Anamur&#8217;un ikliminin her t\u00fcrl\u00fc tropikal \u00fcr\u00fcn\u00fc yeti\u015ftirmeye elveri\u015fli oldu\u011funu s\u00f6yleyen Anamur Belediye Ba\u015fkan\u0131 Durmu\u015f Deniz,&nbsp;<strong>&#8220;5 y\u0131l \u00f6ncesinde Mersin B\u00fcy\u00fck\u015fehir Belediyemizi Vahap Se\u00e7er Ba\u015fkan\u0131m\u0131z kazand\u0131\u011f\u0131nda, B\u00fcy\u00fck\u015fehir&#8217;in fide-fidan deste\u011fiyle bu \u00fcretimlerin art\u0131\u015f\u0131 h\u0131zla yay\u0131ld\u0131. \u0130l\u00e7emizde katma de\u011feri y\u00fcksek \u00fcr\u00fcnler \u00fcretilmeye ba\u015fland\u0131. \u015eimdi huzurlar\u0131n\u0131zda bu deste\u011fi bizlerden hi\u00e7 esirgemeyen, her t\u00fcrl\u00fc k\u00fclt\u00fcrel desteklerle yapt\u0131\u011f\u0131m\u0131z projelerde bize destek olan, meyve planlar\u0131yla tar\u0131ma destek olan ziraat m\u00fchendisi, meslekta\u015f\u0131m, b\u00fcy\u00fc\u011f\u00fcm Vahap Se\u00e7er Ba\u015fkan\u0131ma te\u015fekk\u00fcr ediyor, sevgiler, sayg\u0131lar sunuyorum&#8221;&nbsp;<\/strong>dedi. \u00dcreticinin \u00fcr\u00fcnlerini hak etti\u011fi de\u011ferde satamad\u0131\u011f\u0131na da dikkat \u00e7eken Deniz, b\u00fct\u00fcn \u00fcreticilere \u00f6rg\u00fctlenerek \u00fcr\u00fcnlerini kendi de\u011ferinde satma \u00e7a\u011fr\u0131s\u0131 yapt\u0131.<\/p>\n\n\n\n<p>\u015eenlikte ayr\u0131ca; CHP Mersin Milletvekili G\u00fclcan K\u0131\u015f, Ayd\u0131nc\u0131k Belediye Ba\u015fkan\u0131 \u00d6zkan K\u0131l\u0131\u00e7arpa, Anamur Ziraat Odas\u0131 Ba\u015fkan\u0131 Ahmet \u015eeref G\u00fcm\u00fc\u015f, Anamur Muz \u00dcreticileri Birli\u011fi Ba\u015fkan\u0131 Hasan \u00c7atkaya, Anamur Tropikal Meyve ve Pazarlama Kooperatifi Ba\u015fkan\u0131 Ergun Do\u011fan,&nbsp;Anamur Kad\u0131n Giri\u015fim Kooperatifi \u00dcyesi Semra \u00dcnal da birer konu\u015fma yapt\u0131.<\/p>\n\n\n\n<p>Konu\u015fmalar\u0131n ard\u0131ndan Ba\u015fkan Se\u00e7er&nbsp;taraf\u0131ndan yar\u0131\u015fmalarda ba\u015far\u0131l\u0131 olan ki\u015filere \u00f6d\u00fcl takdimi yap\u0131ld\u0131. G\u00fcn boyu s\u00fcren etkinlikler ak\u015fam Mersin B\u00fcy\u00fck\u015fehir Belediyesi Kent Orkestras\u0131 konseri ile devam etti. Son d\u00f6nemin sevilen pop \u015fark\u0131lar\u0131n\u0131 seslendiren orkestra, dinleyenlere keyifli anlar ya\u015fatt\u0131.<\/p>\n\n\n\n<p><strong>&#8220;Mersin Vahap Se\u00e7er&#8217;le marka kent oldu&#8221;<\/strong><\/p>\n\n\n\n<p>Sa\u011fl\u0131k Mahallesi sakinleri olarak gezi gruplar\u0131 oldu\u011funu s\u00f6yleyen Nurten Akbulut, &#8220;<strong>\u00c7ok mutlu olduk, \u00e7ok g\u00fczel her \u015fey. Anamur&#8217;un tropikal meyveleri \u00e7ok ho\u015fumuza gitti&#8221;&nbsp;<\/strong>diyerek, B\u00fcy\u00fck\u015fehir&#8217;in b\u00fct\u00fcn festivallerine kat\u0131lmaya \u00e7al\u0131\u015ft\u0131klar\u0131n\u0131 vurgulad\u0131. Akbulut,&nbsp;<strong>&#8220;Mersin Vahap Se\u00e7er&#8217;le marka kent oldu&#8221;<\/strong>&nbsp;dedi.<\/p>\n\n\n\n<p><strong>&#8220;Ba\u015fkan Se\u00e7er Mersin&#8217;i hep destekliyor&#8221;<\/strong><\/p>\n\n\n\n<p>Festivalin \u00e7ok keyifli\u011fi ge\u00e7ti\u011fini kaydeden G\u00fclistan Erdal,&nbsp;<strong>&#8220;Buras\u0131 k\u00fc\u00e7\u00fck bir il\u00e7e oldu\u011fu i\u00e7in aktiviteler oldu\u011fu zaman hep kat\u0131lmaya \u00e7al\u0131\u015f\u0131yoruz. Vahap Ba\u015fkan\u0131m da sa\u011f olsun yap\u0131yor, ger\u00e7ekten emek veriyor. Her zaman her t\u00fcrl\u00fc arkas\u0131nda destek veriyoruz&#8221;<\/strong>&nbsp;dedi. Se\u00e7er&#8217;in kentin de\u011ferlerini her zaman tan\u0131tmaya \u00e7al\u0131\u015ft\u0131\u011f\u0131n\u0131 vurgulayan Erdal,&nbsp;<strong>&#8220;\u00c7ok g\u00fczel \u00e7al\u0131\u015f\u0131yor, Mersin&#8217;i hep destekliyor. Kad\u0131nlara da hep destek veriyor, en ince ayr\u0131nt\u0131s\u0131na kadar d\u00fc\u015f\u00fcnm\u00fc\u015fler&#8221;<\/strong>&nbsp;diye konu\u015ftu.<\/p>\n\n\n\n<p><strong>B\u00fcy\u00fck\u015fehir&#8217;in daire ba\u015fkanl\u0131klar\u0131 kolektif bir \u00e7al\u0131\u015fma y\u00fcr\u00fctt\u00fc<\/strong><\/p>\n\n\n\n<p>\u015eenlik kapsam\u0131nda ayr\u0131ca g\u00fcn boyu tropikal meyve stantlar\u0131, \u00dcretici Kad\u0131n Stantlar\u0131, MESK\u0130 stand\u0131, \u00e7ocuk oyun alanlar\u0131 da ziyaret\u00e7ilere a\u00e7\u0131k oldu.<\/p>\n\n\n\n<p>Festivalde; B\u00fcy\u00fck\u015fehir Belediyesi&#8217;nin haz\u0131rlam\u0131\u015f oldu\u011fu stantlar 7&#8217;den 70&#8217;e ziyaret\u00e7ilerin ilgi oda\u011f\u0131 oldu. Kad\u0131n ve Aile Hizmetleri Dairesi Ba\u015fkanl\u0131\u011f\u0131 ekipleri&nbsp;boyama at\u00f6lyesi ile \u00e7ocuklar\u0131n sevdi\u011fi hayvan fig\u00fcrlerini y\u00fczlerine \u00e7izerken; B\u00fcy\u00fck\u015fehir&#8217;in \u00fcretici kad\u0131n stantlar\u0131nda birbirinden renkli \u00fcr\u00fcnler sat\u0131\u015fa sunuldu. Yiyecek i\u00e7ecek stantlar\u0131, y\u00f6resel lezzetler ve el eme\u011fi g\u00f6z nuru \u00fcr\u00fcnlerin oldu\u011fu stantlar\u0131 dola\u015fan vatanda\u015flar bir yandan festival alan\u0131n\u0131 gezerken, bir yandan da al\u0131\u015fveri\u015f yapt\u0131.<\/p>\n\n\n\n<p>Mercan 100. Y\u0131l \u0130klim ve \u00c7evre Bilim Merkezi&#8217;nin kurmu\u015f oldu\u011fu stantta g\u00fcne\u015f g\u00f6zlem etkinli\u011fi ile \u00e7ocuklar g\u00fcne\u015f y\u00fczeyindeki parlamalar\u0131 ve lekeleri g\u00f6zlemledi. Tar\u0131msal Hizmetler Dairesi Ba\u015fkanl\u0131\u011f\u0131&#8217;n\u0131n a\u00e7m\u0131\u015f oldu\u011fu stantlarda b\u00f6lgede yeti\u015fen; muz, pikan cevizi guava, kelek, avokado, y\u0131ld\u0131z meyvesi, ananas, papaya, pepino, a\u011fa\u00e7 kavunu, kiwano boynuzlu kavun gibi tropikal \u00fcr\u00fcnlerin tan\u0131t\u0131m\u0131 yap\u0131ld\u0131.<\/p>\n\n\n\n<p>Sosyal Hizmetler Dairesi Ba\u015fkanl\u0131\u011f\u0131 b\u00fcnyesinde ise mobil ara\u00e7ta vatanda\u015flar\u0131n i\u00e7inin serinlemesi i\u00e7in limonata ikram\u0131 yap\u0131ld\u0131.<\/p>\n","protected":false},"excerpt":{"rendered":"<p>Mersin B\u00fcy\u00fck\u015fehir Belediye Ba\u015fkan\u0131 Vahap Se\u00e7er, Mersin B\u00fcy\u00fck\u015fehir Belediyesi ve Anamur Belediyesi i\u015fbirli\u011finde d\u00fczenlenen&nbsp;&#8216;Tropikal Meyve \u015eenli\u011fi&#8217;ne kat\u0131ld\u0131. &#8216;Tropikal Meyveler Bereketli Mersin Topraklar\u0131n\u0131 \u00c7ok Sevdi, \u00dcreticimize Bol Kazan\u00e7 Getirdi&#8217;&nbsp;slogan\u0131yla Anamur Cumhuriyet Meydan\u0131&#8217;nda ger\u00e7ekle\u015ftirilen \u015fenlikte; &#8216;Lezzetli Tatlar&#8217; ve &#8216;En \u0130ri Ejder Meyvesi Yar\u0131\u015fmas\u0131&#8217; da yap\u0131ld\u0131. Ba\u015fkan Se\u00e7er, Anamur Belediye Ba\u015fkan\u0131 Durmu\u015f Deniz ile birlikte alanda yer alan [&hellip;]<\/p>\n","protected":false},"author":2,"featured_media":35559,"comment_status":"closed","ping_status":"closed","sticky":false,"template":"","format":"standard","meta":{"footnotes":""},"categories":[34,2,3,5],"tags":[],"class_list":["post-35558","post","type-post","status-publish","format-standard","has-post-thumbnail","hentry","category-flas-haber","category-gundem","category-manset","category-mersin"],"views":8,"_links":{"self":[{"href":"https:\/\/mersinkadingazetesi.com\/index.php?rest_route=\/wp\/v2\/posts\/35558"}],"collection":[{"href":"https:\/\/mersinkadingazetesi.com\/index.php?rest_route=\/wp\/v2\/posts"}],"about":[{"href":"https:\/\/mersinkadingazetesi.com\/index.php?rest_route=\/wp\/v2\/types\/post"}],"author":[{"embeddable":true,"href":"https:\/\/mersinkadingazetesi.com\/index.php?rest_route=\/wp\/v2\/users\/2"}],"replies":[{"embeddable":true,"href":"https:\/\/mersinkadingazetesi.com\/index.php?rest_route=%2Fwp%2Fv2%2Fcomments&post=35558"}],"version-history":[{"count":1,"href":"https:\/\/mersinkadingazetesi.com\/index.php?rest_route=\/wp\/v2\/posts\/35558\/revisions"}],"predecessor-version":[{"id":35560,"href":"https:\/\/mersinkadingazetesi.com\/index.php?rest_route=\/wp\/v2\/posts\/35558\/revisions\/35560"}],"wp:featuredmedia":[{"embeddable":true,"href":"https:\/\/mersinkadingazetesi.com\/index.php?rest_route=\/wp\/v2\/media\/35559"}],"wp:attachment":[{"href":"https:\/\/mersinkadingazetesi.com\/index.php?rest_route=%2Fwp%2Fv2%2Fmedia&parent=35558"}],"wp:term":[{"taxonomy":"category","embeddable":true,"href":"https:\/\/mersinkadingazetesi.com\/index.php?rest_route=%2Fwp%2Fv2%2Fcategories&post=35558"},{"taxonomy":"post_tag","embeddable":true,"href":"https:\/\/mersinkadingazetesi.com\/index.php?rest_route=%2Fwp%2Fv2%2Ftags&post=35558"}],"curies":[{"name":"wp","href":"https:\/\/api.w.org\/{rel}","templated":true}]}}