{"id":35561,"date":"2024-09-29T11:19:52","date_gmt":"2024-09-29T08:19:52","guid":{"rendered":"https:\/\/mersinkadingazetesi.com\/?p=35561"},"modified":"2024-09-29T11:19:52","modified_gmt":"2024-09-29T08:19:52","slug":"deva-partili-ekmen-mutun-essiz-zeytinyagini-tanitmak-hepimizin-gorevidir","status":"publish","type":"post","link":"https:\/\/mersinkadingazetesi.com\/?p=35561","title":{"rendered":"DEVA Partili Ekmen: &#8220;Mut\u2019un e\u015fsiz zeytinya\u011f\u0131n\u0131 tan\u0131tmak hepimizin g\u00f6revidir&#8221;\u00a0"},"content":{"rendered":"\n<figure class=\"wp-block-table\"><table class=\"has-fixed-layout\"><tbody><tr><td><strong>DEVA Partisi Genel Ba\u015fkan Yard\u0131mc\u0131s\u0131 ve Mersin Milletvekili Mehmet Emin Ekmen, &#8220;Sa\u011fl\u0131k zeytinden, zeytin Mut<\/strong><strong>\u2019<\/strong><strong>tan&#8221; slogan\u0131yla d\u00fczenlenen 1. Mut Zeytin ve Zeytinya\u011f\u0131&nbsp;<\/strong><strong>Festivali<\/strong><strong>\u2019<\/strong><strong>nin a\u00e7\u0131l\u0131\u015f t<\/strong><strong>\u00f6<\/strong><strong>renine kat\u0131ld\u0131. Ekmen, Mut Belediye Ba\u015fkan\u0131 Murat Orhan\u2019\u0131n ba\u015flatt\u0131\u011f\u0131 \u00e7al\u0131\u015fmalar\u0131n, Mut zeytinya\u011f\u0131n\u0131 T\u00fcrkiye ve d\u00fcnya genelinde hak etti\u011fi konuma ta\u015f\u0131yaca\u011f\u0131na inand\u0131\u011f\u0131n\u0131 belirtti.<\/strong><strong>&nbsp;<\/strong>&nbsp;Ekmen, mikro klimas\u0131 sayesinde ila\u00e7s\u0131z ve hastal\u0131ks\u0131z olarak yeti\u015ftirilen Mut zeytinya\u011f\u0131n\u0131n tarih boyunca g\u00fczellik ve sa\u011fl\u0131k kayna\u011f\u0131 olarak bilindi\u011fini vurgulad\u0131. &nbsp;\u201cMutlu Ticaret ve Sanayi Odas\u0131 Ba\u015fkan\u0131 G\u00fcrsel Ayd\u0131n\u2019\u0131n aktard\u0131\u011f\u0131 gibi, Antik M\u0131s\u0131r Krali\u00e7esi Kleopatra\u2019n\u0131n g\u00fczellik s\u0131rr\u0131 Mut zeytinya\u011f\u0131na dayan\u0131yor. Milattan \u00d6nce 30 y\u0131l\u0131nda Mut&#8217;tan Tarsus\u2019a giden zeytinya\u011flar\u0131, Kleopatra\u2019n\u0131n g\u00fczellik rit\u00fcellerinin&nbsp;\u00f6nemli bir par\u00e7as\u0131 olmu\u015f. 1300 y\u0131ll\u0131k tescilli a\u011fa\u00e7lar\u0131m\u0131z da bu tarihsel devaml\u0131l\u0131\u011f\u0131n delilidir.\u201d dedi.&nbsp;Ekmen devamla&nbsp;\u201c&nbsp;Hepimiz \u00e7ok iyi biliyoruz ki zeytin ve zeytinya\u011f ile nam salm\u0131\u015f baz\u0131 il\u00e7elerimiz gelip Mut\u2019tan zeytinya\u011f\u0131n\u0131 sat\u0131n al\u0131p kendi markalar\u0131yla piyasaya sunuyorlar. Bu ve benzeri \u00e7al\u0131\u015fmalar zeytinya\u011f\u0131m\u0131z\u0131n kendi ismiyle cismiyle pazara sunulmas\u0131 i\u00e7in&nbsp;\u00f6nemli bir imkan sa\u011flayacakt\u0131r in\u015fallah. Mut\u2019lu \u00e7ift\u00e7inin eme\u011finin hakk\u0131n\u0131 almas\u0131&nbsp;ve Mut\u2019un binlerce y\u0131l\u0131 bulan Zeytin k\u00fclt\u00fcr\u00fcn\u00fcn hak etti\u011fi yere gelmesi i\u00e7in hepimizin elinden geleni yapmas\u0131 gerekti\u011fi a\u00e7\u0131kt\u0131r.\u201d ifadelerine yer verdi.&nbsp;&nbsp;Festivalin d\u00fczenlenmesinde eme\u011fi ge\u00e7en Mut Belediye Ba\u015fkan\u0131 Murat Orhan\u2019a ve desteklerinden dolay\u0131 Mersin B\u00fcy\u00fck\u015fehir Belediye Ba\u015fkan\u0131&nbsp;Vahap Se\u00e7er\u2019e te\u015fekk\u00fcr eden Ekmen, Mut zeytinya\u011f\u0131n\u0131n sahip oldu\u011fu co\u011frafi i\u015faretle ulusal ve uluslararas\u0131 arenada daha da g\u00fc\u00e7lenece\u011fini ifade etti.<\/td><\/tr><tr><td><\/td><\/tr><\/tbody><\/table><\/figure>\n","protected":false},"excerpt":{"rendered":"<p>DEVA Partisi Genel Ba\u015fkan Yard\u0131mc\u0131s\u0131 ve Mersin Milletvekili Mehmet Emin Ekmen, &#8220;Sa\u011fl\u0131k zeytinden, zeytin Mut\u2019tan&#8221; slogan\u0131yla d\u00fczenlenen 1. Mut Zeytin ve Zeytinya\u011f\u0131&nbsp;Festivali\u2019nin a\u00e7\u0131l\u0131\u015f t\u00f6renine kat\u0131ld\u0131. Ekmen, Mut Belediye Ba\u015fkan\u0131 Murat Orhan\u2019\u0131n ba\u015flatt\u0131\u011f\u0131 \u00e7al\u0131\u015fmalar\u0131n, Mut zeytinya\u011f\u0131n\u0131 T\u00fcrkiye ve d\u00fcnya genelinde hak etti\u011fi konuma ta\u015f\u0131yaca\u011f\u0131na inand\u0131\u011f\u0131n\u0131 belirtti.&nbsp;&nbsp;Ekmen, mikro klimas\u0131 sayesinde ila\u00e7s\u0131z ve hastal\u0131ks\u0131z olarak yeti\u015ftirilen Mut zeytinya\u011f\u0131n\u0131n [&hellip;]<\/p>\n","protected":false},"author":2,"featured_media":35527,"comment_status":"closed","ping_status":"closed","sticky":false,"template":"","format":"standard","meta":{"footnotes":""},"categories":[3],"tags":[],"class_list":["post-35561","post","type-post","status-publish","format-standard","has-post-thumbnail","hentry","category-manset"],"views":5,"_links":{"self":[{"href":"https:\/\/mersinkadingazetesi.com\/index.php?rest_route=\/wp\/v2\/posts\/35561"}],"collection":[{"href":"https:\/\/mersinkadingazetesi.com\/index.php?rest_route=\/wp\/v2\/posts"}],"about":[{"href":"https:\/\/mersinkadingazetesi.com\/index.php?rest_route=\/wp\/v2\/types\/post"}],"author":[{"embeddable":true,"href":"https:\/\/mersinkadingazetesi.com\/index.php?rest_route=\/wp\/v2\/users\/2"}],"replies":[{"embeddable":true,"href":"https:\/\/mersinkadingazetesi.com\/index.php?rest_route=%2Fwp%2Fv2%2Fcomments&post=35561"}],"version-history":[{"count":1,"href":"https:\/\/mersinkadingazetesi.com\/index.php?rest_route=\/wp\/v2\/posts\/35561\/revisions"}],"predecessor-version":[{"id":35562,"href":"https:\/\/mersinkadingazetesi.com\/index.php?rest_route=\/wp\/v2\/posts\/35561\/revisions\/35562"}],"wp:featuredmedia":[{"embeddable":true,"href":"https:\/\/mersinkadingazetesi.com\/index.php?rest_route=\/wp\/v2\/media\/35527"}],"wp:attachment":[{"href":"https:\/\/mersinkadingazetesi.com\/index.php?rest_route=%2Fwp%2Fv2%2Fmedia&parent=35561"}],"wp:term":[{"taxonomy":"category","embeddable":true,"href":"https:\/\/mersinkadingazetesi.com\/index.php?rest_route=%2Fwp%2Fv2%2Fcategories&post=35561"},{"taxonomy":"post_tag","embeddable":true,"href":"https:\/\/mersinkadingazetesi.com\/index.php?rest_route=%2Fwp%2Fv2%2Ftags&post=35561"}],"curies":[{"name":"wp","href":"https:\/\/api.w.org\/{rel}","templated":true}]}}