{"id":35563,"date":"2024-09-29T11:34:40","date_gmt":"2024-09-29T08:34:40","guid":{"rendered":"https:\/\/mersinkadingazetesi.com\/?p=35563"},"modified":"2024-09-29T11:34:41","modified_gmt":"2024-09-29T08:34:41","slug":"sporcular-kilikya-ultra-maratonu-ile-doganin-icinde-tarihe-kostu","status":"publish","type":"post","link":"https:\/\/mersinkadingazetesi.com\/?p=35563","title":{"rendered":"SPORCULAR, K\u0130L\u0130KYA ULTRA MARATONU \u0130LE DO\u011eANIN \u0130\u00c7\u0130NDE TAR\u0130HE KO\u015eTU"},"content":{"rendered":"\n<p>Mersin B\u00fcy\u00fck\u015fehir Belediye Ba\u015fkan\u0131 Vahap se\u00e7er, bu y\u0131l 3.&#8217;s\u00fc ger\u00e7ekle\u015ftirilen&nbsp;<strong><em>&#8216;Uluslararas\u0131 Kilikya Ultra Maratonu&#8217;<\/em><\/strong>nun 8 kilometrelik Korykos ile 15 kilometrelik Sebaste Parkuru&#8217;nun start\u0131n\u0131 K\u0131zkalesi&#8217;nde verdi.&nbsp;<strong><em>&#8216;Do\u011fan\u0131n \u0130\u00e7inde Tarihe Ko\u015f&#8217;<\/em><\/strong>&nbsp;slogan\u0131yla ger\u00e7ekle\u015ftirilen maratonda toplam 550 sporcu yar\u0131\u015ft\u0131 ve maraton toplam 5 kategoriden olu\u015ftu.<\/p>\n\n\n\n<p><strong>Bu maraton ile &#8216;Do\u011fan\u0131n \u0130\u00e7inde Tarihe Ko\u015fuldu&#8217;<\/strong><\/p>\n\n\n\n<p>Mersin B\u00fcy\u00fck\u015fehir Belediyesi Gen\u00e7lik ve Spor Hizmetleri Dairesi Ba\u015fkanl\u0131\u011f\u0131 taraf\u0131ndan d\u00fczenlenen maratonda sporcular, Mersin tarihinin birbirinden e\u015fsiz manzaralar\u0131na tan\u0131kl\u0131k etme f\u0131rsat\u0131 buldu. Tarih, do\u011fa ve sporun bir araya geldi\u011fi 3. Kilikya Ultra Maratonu ile Mersin&#8217;in k\u00fclt\u00fcrel ve do\u011fal miras\u0131 tan\u0131t\u0131l\u0131rken, sakl\u0131 kalan tarihin e\u015fsiz dokusunun keyfini sporcular ile birlikte izleyiciler de \u00e7\u0131kard\u0131. T\u00fcrkiye&#8217;de en \u00f6nemli ultra maratonlardan birisi olan Kilikya Ultra Maratonu&#8217;nda y\u00fczlerce sporcu ko\u015ftu.<\/p>\n\n\n\n<p><strong>Mersin&#8217;in do\u011fal miras\u0131, spor ile tan\u0131t\u0131l\u0131yor<\/strong><\/p>\n\n\n\n<p>3. Kilikya Ultra Maratonu&#8217;nda 10 \u00fclke ve T\u00fcrkiye&#8217;den 16 \u015fehirden toplam 550 sporcu yar\u0131\u015ft\u0131. Parkurlar boyunca Cennet Cehennem Obru\u011fu, Adamkayalar, Kanl\u0131divane, Sebaste Antik Kenti, Korykos gibi tarihi \u00f6ren yerlerinin ve antik kiliselerin i\u00e7erisinden ge\u00e7ildi. T\u00fcm kat\u0131l\u0131mc\u0131lara madalya, dereceye giren sporculara kupa verildi.<\/p>\n\n\n\n<p><strong>Maraton toplam 5 kategoriden olu\u015fuyor<\/strong><\/p>\n\n\n\n<p>Maraton toplam 5 kategori olmak \u00fczere; Korykos Parkuru 8K, Sebaste Parkuru 15K, K\u0131zkalesi Parkuru 33K, K\u0131zkalesi Parkuru Tak\u0131m 33K ve Kilikya Ultra Maratonu 56K&#8217;dan olu\u015ftu. 33K, 33K Tak\u0131m ve 56K parkurlar\u0131 Lemas Kanyonu&#8217;ndan start verirken; 8K ve 15K parkurlar\u0131 K\u0131zkalesi&#8217;nden start ald\u0131 ve start\u0131 Ba\u015fkan Se\u00e7er verdi. B\u00fct\u00fcn parkurlar\u0131n finish noktas\u0131 da K\u0131zkalesi&#8217;ydi.<\/p>\n\n\n\n<p><strong>Ba\u015fkan Se\u00e7er maratonun start\u0131n\u0131 verdi<\/strong><\/p>\n\n\n\n<p>Mersin&#8217;in tarihini, k\u00fclt\u00fcr\u00fcn\u00fc, do\u011fas\u0131n\u0131 tan\u0131tmak ad\u0131na Uluslararas\u0131 Kilikya Ultra Maratonu&#8217;nun iyi bir organizasyon oldu\u011funu kaydeden Mersin B\u00fcy\u00fck\u015fehir Belediye Ba\u015fkan\u0131 Vahap Se\u00e7er,&nbsp;<strong>&#8220;Bu anlay\u0131\u015fta bir\u00e7ok organizasyon yap\u0131yoruz. Bug\u00fcn de tarihi K\u0131zkalesi&#8217;ndeyiz ve atmosfer son derece g\u00fczel. 16 de\u011fi\u015fik il ve 10 farkl\u0131 \u00fclkeden 500&#8217;den fazla sporcumuz var&#8221;<\/strong>&nbsp;dedi. Sporcular\u0131n muazzam bir atmosferde tarihin ve do\u011fan\u0131n i\u00e7inde ko\u015ftu\u011funu vurgulayan Se\u00e7er,&nbsp;<strong>&#8220;Tarihi, k\u00fclt\u00fcrel birikimlerin i\u00e7erisinden ko\u015fuyorlar. Bu anlam\u0131yla da \u00e7ok ilgi \u00e7eken bir maraton oldu. 3.&#8217;s\u00fc ge\u00e7ti\u011fimiz y\u0131llara g\u00f6re organizasyon olarak daha g\u00fczel oldu. Gelecek y\u0131l daha sonraki y\u0131llar \u00e7ok daha iyi noktalara getirmeyi d\u00fc\u015f\u00fcn\u00fcyoruz. \u00c7ok daha fazla say\u0131da sporcu gelsin, hem ulusal \u00f6l\u00e7ekte hem uluslararas\u0131 \u00f6l\u00e7ekte \u00fclkemizi Mersinimizi tan\u0131s\u0131nlar istiyoruz&#8221;<\/strong>&nbsp;s\u00f6zlerine yer verdi.<\/p>\n\n\n\n<p><strong>&#8220;G\u00f6revin hakk\u0131n\u0131 vermek istiyorsan\u0131z, g\u00f6revinizi yerine getireceksiniz&#8221;<\/strong><\/p>\n\n\n\n<p>Spor organizasyonlar\u0131 d\u0131\u015f\u0131nda da her t\u00fcrl\u00fc hizmetlerine devam edeceklerini s\u00f6yleyen Se\u00e7er,&nbsp;<strong>&#8220;G\u00f6revin hakk\u0131n\u0131 vermek istiyorsan\u0131z, g\u00f6revinizi yerine getireceksiniz. Biz de onu yap\u0131yoruz ve vatanda\u015ftan ald\u0131\u011f\u0131m\u0131z yetkiyi kullan\u0131yoruz. Mersin&#8217;imiz enerjisi y\u00fcksek bir kent ve her noktas\u0131 da son derece hareketli. B\u00f6lgenin co\u011frafya \u00f6zelli\u011finin, verimli tar\u0131m topraklar\u0131n\u0131n, Toros Da\u011flar\u0131&#8217;n\u0131n ve Akdeniz&#8217;in etkisi var. Bir\u00e7ok fakt\u00f6r bir araya gelince enerjisi y\u00fcksek bir kent ortaya \u00e7\u0131k\u0131yor ama as\u0131l buradaki temel \u00f6ge bana g\u00f6re Mersin&#8217;de ya\u015fayan halk. Mersin&#8217;de ya\u015fayan halk Anadolu. Anadolu&#8217;nun her yerinden Mersin&#8217;de ya\u015fayan insanlar\u0131 bulabilirsiniz. Bu k\u00fclt\u00fcrlerin bulu\u015fmas\u0131 belki de bu enerjiyi ortaya \u00e7\u0131kar\u0131yor&#8221;&nbsp;<\/strong>dedi.<\/p>\n\n\n\n<p><strong>&#8220;Merkezi y\u00f6netimin Mersin&#8217;e d\u00f6n\u00fck vizyonunu yeterli bulmuyoruz&#8221;<\/strong><\/p>\n\n\n\n<p>Gelecek g\u00fcnlerin Mersin i\u00e7in \u00e7ok daha iyi olaca\u011f\u0131n\u0131 s\u00f6yleyen Se\u00e7er,&nbsp;<strong>&#8220;Mersin&#8217;e de\u011fer katacak \u00f6nemli mesafeler al\u0131n\u0131yor, yat\u0131r\u0131mlar yap\u0131l\u0131yor. Hem yerel bazda hem de genel bazda demek isterdim ama merkezi y\u00f6netimin Mersin&#8217;e d\u00f6n\u00fck bak\u0131\u015f\u0131, d\u00fc\u015f\u00fcnceleri ve ortaya koydu\u011fu vizyonu a\u00e7\u0131k\u00e7as\u0131 yeterli bulmuyoruz. Daha iyi olmas\u0131 gerekiyor. \u00c7\u00fcnk\u00fc Mersin nihayetinde T\u00fcrkiye&#8217;nin g\u00fc\u00e7l\u00fc ekonomik yap\u0131s\u0131na sahip bir \u015fehri. T\u00fcrkiye&#8217;nin ilk 7&#8217;de vergisini \u00f6deyen bir \u015fehir. Bunun kar\u015f\u0131l\u0131\u011f\u0131n\u0131n bu olmamas\u0131 laz\u0131m&#8221;&nbsp;<\/strong>diyerek, \u00e7ok daha \u00f6zel ve g\u00fczel yat\u0131r\u0131mlar\u0131n olmas\u0131 gerekti\u011fine dikkat \u00e7ekti.<\/p>\n\n\n\n<p><strong>&#8220;Mersin bu kadar m\u0131 son plana at\u0131lacak bir kent?&#8221;<\/strong><\/p>\n\n\n\n<p>K\u0131zkalesi&#8217;ne gelmek i\u00e7in sabah 07.00&#8217;de yola \u00e7\u0131kt\u0131\u011f\u0131n\u0131 ve yo\u011fun trafikten dolay\u0131 08.00&#8217;de ancak gelebildi\u011fini kaydeden Se\u00e7er,&nbsp;<strong>&#8220;O kadar yo\u011fun trafik var ki, bug\u00fcne kadar bu otoyolun yap\u0131lmamas\u0131 bile bana g\u00f6re ba\u015fl\u0131 ba\u015f\u0131na bir skandal. T\u00fcrkiye&#8217;nin muhtelif yerlerinde yat\u0131r\u0131mlar yap\u0131l\u0131yor, yap\u0131lmas\u0131n demiyorum ama Allah a\u015fk\u0131na Mersin bu kadar m\u0131 son plana at\u0131lacak bir kent? Dinamizminden, y\u00fcksek enerjisinden ve ekonomik b\u00fcy\u00fckl\u00fc\u011f\u00fcnden bahsettim ama yat\u0131r\u0131mlara geldi\u011finiz zaman ne hikmetse bu tarafa bak\u0131\u015f a\u00e7\u0131s\u0131 biraz daha farkl\u0131 oluyor diye d\u00fc\u015f\u00fcn\u00fcyorum&#8221;<\/strong>&nbsp;ifadelerine yer verdi.<\/p>\n\n\n\n<p><strong>&#8220;Daha da g\u00fczel yat\u0131r\u0131mlar\u0131n alt\u0131na imza ataca\u011f\u0131z&#8221;<\/strong><\/p>\n\n\n\n<p>Mersin&#8217;in 320 kilometrelik uzun bir sahil \u015feridine sahip oldu\u011funu hat\u0131rlatan Se\u00e7er,&nbsp;<strong>&#8220;Biz Maliye hazinesinden tahsis ettirdi\u011fimiz baz\u0131 b\u00f6lgelerde plaj i\u015fletmecili\u011fi yap\u0131yoruz. Bu tabi ki i\u015fletti\u011fimiz b\u00f6lgelere bir d\u00fczen de getiriyor, vatanda\u015flar\u0131n g\u00fcvenle denize girmesi a\u00e7\u0131s\u0131ndan farkl\u0131l\u0131k yarat\u0131yor. Bunu daha fazla geni\u015fletmek istiyoruz&#8221;<\/strong>&nbsp;dedi. Kent merkezinde bulunan Adnan Menderes Bulvar\u0131 \u00fczerindeki sahil \u015feridine de pek \u00e7ok i\u015fletme a\u00e7t\u0131klar\u0131n\u0131 s\u00f6yleyen Se\u00e7er,&nbsp;<strong>&#8220;Birbirinden g\u00fczel farkl\u0131 konseptlerde, ya\u015fl\u0131, gen\u00e7, \u00e7ocuklara hizmet eden \u00e7ok g\u00fczel tesislerimiz var. Mersinliler bunu \u00e7ok g\u00fczel kullan\u0131yor ve Mersinlileri ger\u00e7ekten kutluyorum. Memnuniyetlerini de duyuyorum ve bu da beni bir kat daha mutlu ediyor. O tesislerimizi doya doya kullan\u0131yorlar ve bu da bizi mutlu ediyor. Daha da g\u00fczel yat\u0131r\u0131mlar\u0131n alt\u0131na imza ataca\u011f\u0131z&#8221;<\/strong>&nbsp;\u015feklinde konu\u015ftu.<\/p>\n\n\n\n<p><strong>&#8220;Mersin&#8217;in marka kent olmas\u0131 i\u00e7in bir\u00e7ok fakt\u00f6r bir araya gelmeli&#8221;<\/strong><\/p>\n\n\n\n<p>Kentin marka kent haline gelebilmesi i\u00e7in bir\u00e7ok noktaya de\u011finilmesi gerekti\u011finin alt\u0131n\u0131 \u00e7izen Se\u00e7er, etkinliklerin yan\u0131 s\u0131ra \u00e7evre temizli\u011finin, turizmin geli\u015fmesinin, tarihi ve do\u011fal g\u00fczellikleri ile \u00f6nemli yat\u0131r\u0131mlar\u0131n yap\u0131lmas\u0131n\u0131n buna katk\u0131 sunaca\u011f\u0131n\u0131 belirtti. Se\u00e7er,&nbsp;<strong>&#8220;Yeti\u015ftirdi\u011finiz insanlar; siyaset\u00e7isinden sanat\u00e7\u0131s\u0131na, yazar\u0131na \u00e7izerine kadar b\u00fct\u00fcn fakt\u00f6rler bir marka kent olu\u015fturur. Yani marka kent \u00f6yle \u00e7ok basit bir kavram de\u011fildir, i\u00e7i dolu doludur. Yapt\u0131\u011f\u0131n\u0131z her g\u00fczel ve ilgi \u00e7eken, kalitesi olan eylem marka kent olma yolunda sizlere katk\u0131 sunar&#8221;&nbsp;<\/strong>ifadelerine yer verdi.&nbsp;&nbsp;<\/p>\n\n\n\n<p><strong>&#8220;Kenti kentli ile y\u00f6netmek istiyorsan\u0131z sivil topluma farkl\u0131 bir sayfa a\u00e7acaks\u0131n\u0131z&#8221;<\/strong><\/p>\n\n\n\n<p>Yola \u00e7\u0131kt\u0131klar\u0131 g\u00fcnden bu yana Mersin&#8217;e katk\u0131 sunmak i\u00e7in STK&#8217;lar ile bir araya geldiklerini s\u00f6yleyen Se\u00e7er,&nbsp;<strong>&#8220;2019&#8217;dan bu yana Mersin&#8217;de STK&#8217;larla ileti\u015fim muazzam duruma geldi. Mersin&#8217;de vatanda\u015f yarar\u0131na faaliyet g\u00f6steren t\u00fcm sivil toplum \u00f6rg\u00fctlerine de buradan te\u015fekk\u00fcrlerimi iletmek istiyorum&#8221;<\/strong>&nbsp;dedi. Pek \u00e7ok ki\u015fi ile bir araya geldiklerini ve kentin sorunlar\u0131n\u0131 tart\u0131\u015ft\u0131klar\u0131n\u0131, \u00e7\u00f6z\u00fcm yollar\u0131n\u0131 konu\u015ftuklar\u0131n\u0131 belirten Se\u00e7er,&nbsp;<strong>&#8220;\u0130\u015f birli\u011fi ve g\u00fc\u00e7 birli\u011fi yap\u0131yoruz. Zaten kentler bu \u015fekilde b\u00fcy\u00fcr. Son zamanlarda da bu a\u00e7\u0131dan muazzam i\u015fler oluyor. Kenti kentli ile y\u00f6netmek istiyorsan\u0131z sivil topluma farkl\u0131 bir sayfa a\u00e7acaks\u0131n\u0131z, onlarla ileti\u015fimi \u00e7ok iyi sa\u011flayacaks\u0131n\u0131z&#8221;<\/strong>&nbsp;diye konu\u015ftu.<\/p>\n\n\n\n<p><strong>&#8220;Vatanda\u015flar\u0131m\u0131z\u0131n yarar\u0131na olan ne varsa yap\u0131lacak&#8221;<\/strong><\/p>\n\n\n\n<p>Hizmetlerinin dur durak bilmeden devam edece\u011fini vurgulayan Se\u00e7er,&nbsp;<strong>&#8220;\u00c7ok daha g\u00fczel, etkin ve vatanda\u015flar\u0131m\u0131z\u0131n yarar\u0131na olan ne varsa yap\u0131lacak. Her zaman s\u00f6yl\u00fcyorum, moral \u00fcst\u00fcnl\u00fc\u011f\u00fcm\u00fcz \u00e7ok y\u00fcksek. \u00c7\u00fcnk\u00fc 5 y\u0131ll\u0131k bir deneyim var, bir hakimiyet var. \u015eehre, \u00e7al\u0131\u015fmalara, hizmetlere ve eksiklere; her \u015feye hakimiz. Mersinliler rahat olsunlar, 6 ay \u00f6nce \u00e7ok de\u011ferli bir tercih yapt\u0131lar ve bize destek verdiler&#8221;<\/strong>&nbsp;dedi. Mersinlilerin verdi\u011fi deste\u011fin T\u00fcrkiye&#8217;de ses getirdi\u011fini belirten Se\u00e7er,&nbsp;<strong>&#8220;Siyasi arena yerel sonu\u00e7lar\u0131 de\u011ferlendirirken mutlaka Mersin ya da Mersin B\u00fcy\u00fck\u015fehir Belediye Ba\u015fkan\u0131&#8217;n\u0131n durumu konu\u015fulmadan ge\u00e7ilmiyor. Mersin nas\u0131l marka kent olacak ve tan\u0131nacak?&#8217; \u0130\u015fte Mersin&#8217;i her platformda konu\u015fturacaks\u0131n\u0131z. Kimse merak etmesin \u00e7ok daha g\u00fczel i\u015fler olacak&#8221;<\/strong>&nbsp;s\u00f6zlerine yer verdi. Maratonun keyifli ge\u00e7ti\u011fini s\u00f6yleyen Se\u00e7er, Mersinlilere seslenerek,&nbsp;<strong>&#8220;Umar\u0131m hep beraber sadece Mersin de\u011fil, \u00fclkemiz \u00e7ok daha iyi noktalara gelecek&#8221;<\/strong>&nbsp;dedi.<\/p>\n","protected":false},"excerpt":{"rendered":"<p>Mersin B\u00fcy\u00fck\u015fehir Belediye Ba\u015fkan\u0131 Vahap se\u00e7er, bu y\u0131l 3.&#8217;s\u00fc ger\u00e7ekle\u015ftirilen&nbsp;&#8216;Uluslararas\u0131 Kilikya Ultra Maratonu&#8217;nun 8 kilometrelik Korykos ile 15 kilometrelik Sebaste Parkuru&#8217;nun start\u0131n\u0131 K\u0131zkalesi&#8217;nde verdi.&nbsp;&#8216;Do\u011fan\u0131n \u0130\u00e7inde Tarihe Ko\u015f&#8217;&nbsp;slogan\u0131yla ger\u00e7ekle\u015ftirilen maratonda toplam 550 sporcu yar\u0131\u015ft\u0131 ve maraton toplam 5 kategoriden olu\u015ftu. Bu maraton ile &#8216;Do\u011fan\u0131n \u0130\u00e7inde Tarihe Ko\u015fuldu&#8217; Mersin B\u00fcy\u00fck\u015fehir Belediyesi Gen\u00e7lik ve Spor Hizmetleri Dairesi Ba\u015fkanl\u0131\u011f\u0131 [&hellip;]<\/p>\n","protected":false},"author":2,"featured_media":35564,"comment_status":"closed","ping_status":"closed","sticky":false,"template":"","format":"standard","meta":{"footnotes":""},"categories":[7,3,10],"tags":[],"class_list":["post-35563","post","type-post","status-publish","format-standard","has-post-thumbnail","hentry","category-dunya","category-manset","category-spor"],"views":13,"_links":{"self":[{"href":"https:\/\/mersinkadingazetesi.com\/index.php?rest_route=\/wp\/v2\/posts\/35563"}],"collection":[{"href":"https:\/\/mersinkadingazetesi.com\/index.php?rest_route=\/wp\/v2\/posts"}],"about":[{"href":"https:\/\/mersinkadingazetesi.com\/index.php?rest_route=\/wp\/v2\/types\/post"}],"author":[{"embeddable":true,"href":"https:\/\/mersinkadingazetesi.com\/index.php?rest_route=\/wp\/v2\/users\/2"}],"replies":[{"embeddable":true,"href":"https:\/\/mersinkadingazetesi.com\/index.php?rest_route=%2Fwp%2Fv2%2Fcomments&post=35563"}],"version-history":[{"count":1,"href":"https:\/\/mersinkadingazetesi.com\/index.php?rest_route=\/wp\/v2\/posts\/35563\/revisions"}],"predecessor-version":[{"id":35565,"href":"https:\/\/mersinkadingazetesi.com\/index.php?rest_route=\/wp\/v2\/posts\/35563\/revisions\/35565"}],"wp:featuredmedia":[{"embeddable":true,"href":"https:\/\/mersinkadingazetesi.com\/index.php?rest_route=\/wp\/v2\/media\/35564"}],"wp:attachment":[{"href":"https:\/\/mersinkadingazetesi.com\/index.php?rest_route=%2Fwp%2Fv2%2Fmedia&parent=35563"}],"wp:term":[{"taxonomy":"category","embeddable":true,"href":"https:\/\/mersinkadingazetesi.com\/index.php?rest_route=%2Fwp%2Fv2%2Fcategories&post=35563"},{"taxonomy":"post_tag","embeddable":true,"href":"https:\/\/mersinkadingazetesi.com\/index.php?rest_route=%2Fwp%2Fv2%2Ftags&post=35563"}],"curies":[{"name":"wp","href":"https:\/\/api.w.org\/{rel}","templated":true}]}}