{"id":35566,"date":"2024-09-29T18:58:50","date_gmt":"2024-09-29T15:58:50","guid":{"rendered":"https:\/\/mersinkadingazetesi.com\/?p=35566"},"modified":"2024-09-29T18:58:50","modified_gmt":"2024-09-29T15:58:50","slug":"kgk-den-kuresel-basari-odulleri","status":"publish","type":"post","link":"https:\/\/mersinkadingazetesi.com\/?p=35566","title":{"rendered":"KGK den K\u00fcresel Ba\u015far\u0131 \u00d6d\u00fclleri"},"content":{"rendered":"\n<ul class=\"wp-block-list\">\n<li><a href=\"https:\/\/www.facebook.com\/sharer\/sharer.php?u=https:\/\/www.netgazete.com.tr\/kgk-den-kuresel-basari-odulleri\/\" target=\"_blank\" rel=\"noreferrer noopener\"><\/a><\/li>\n<\/ul>\n\n\n\n<p>K\u00fcresel Gazeteciler Konseyi (KGK) K\u00fcresel Medya Bulu\u015fmas\u0131\u2019n\u0131n 4\u2019\u00fcnc\u00fcs\u00fc T\u00fcrkiye ve 30\u2019a yak\u0131n \u00fclkeden \u00f6nemli T\u00fcrk ve yabanc\u0131 gazetecilerin kat\u0131l\u0131m\u0131yla 3-6 Ekim tarihleri aras\u0131nda yine Alanya\u2019da ger\u00e7ekle\u015ftirilecek. Dev organizasyonun onur konu\u011fu Gagavuzya Devlet Ba\u015fkan\u0131 Evghenia Gutul olacak.<\/p>\n\n\n\n<p>Geleneksel hale gelen ve ilk \u00fc\u00e7\u00fcne de Alanya\u2019n\u0131n ev sahipli\u011fi yapt\u0131\u011f\u0131 4\u2019\u00fcnc\u00fc K\u00fcresel Medya Bulu\u015fmas\u0131, Medya \u00c7al\u0131\u015ftay\u0131 ve \u00d6d\u00fcl T\u00f6reni ba\u015fta olmak \u00fczere bir dizi etkinlikten olu\u015fuyor. T\u00fcrkiye ve d\u00fcnyadan KGK mensubu gazeteciler ile 30\u2019a yak\u0131n \u00fclkeden \u00f6nemli yabanc\u0131 gazetecilerin kat\u0131laca\u011f\u0131 bulu\u015fma kapsam\u0131nda Alanya\u2019n\u0131n turistik noktalar\u0131na \u00e7e\u015fitli geziler de d\u00fczenlenecek.<br>Alanya\u2019n\u0131n \u00f6nemli turistik tesisleri Eftelia, Adin ve Lonicera otellerinin ev sahipli\u011findeki dev organizasyonda Gagavuzya Devlet Ba\u015fkan\u0131 Evghenia Gutul da \u00f6d\u00fcl alacak.<\/p>\n\n\n\n<p>KGK TAM KADRO<\/p>\n\n\n\n<p>Alanya bulu\u015fmas\u0131na KGK\u2019n\u0131n yayg\u0131n, yerel ve d\u0131\u015f medya meclisleri \u00fcyelerinin tamam\u0131na yak\u0131n\u0131 ile KGK\u2019n\u0131n \u00e7ok say\u0131da il temsilcisi ve 75 \u00fclkede bulunan d\u0131\u015f \u00fclke temsilcilerinden 30\u2019a yak\u0131n\u0131 da kat\u0131lacak. Bulu\u015fma kapsam\u0131nda 3 Ekim Per\u015fembe g\u00fcn\u00fc Alanya\u2019ya gelecek konuk gazeteciler, 4 Ekim Cuma g\u00fcn\u00fc d\u00fczenlenecek gezi ile Alanya\u2019y\u0131 ke\u015ffedecekler. 5 Ekim Cumartesi g\u00fcn\u00fc \u00f6\u011fleden sonra ba\u015flayacak Medya \u00c7al\u0131\u015ftay\u0131 \u00f6ncesinde, \u00f6\u011fleye kadar KGK\u2019n\u0131n se\u00e7ilmi\u015f kurullar\u0131 toplant\u0131lar\u0131n\u0131 yaparak \u00e7al\u0131\u015ftay g\u00fcndemini olu\u015fturacak olan mesleki ve sekt\u00f6rel g\u00fcndemi ve raporlar\u0131 isti\u015fare edecek. KGK y\u00f6netimi ile yayg\u0131n, yerel ve d\u0131\u015f medya meclislerinin ola\u011fan toplant\u0131lar\u0131n\u0131n ard\u0131ndan ba\u015flayacak \u00e7al\u0131\u015ftayda mesleki sorunlar ve \u00e7\u00f6z\u00fcm yollar\u0131n\u0131n yan\u0131s\u0131ra \u00e7e\u015fitli konularda sunumlar da ger\u00e7ekle\u015ftirilecek. Yerli ve yabanc\u0131 gazetecilerin de kat\u0131l\u0131m\u0131yla sekt\u00f6rel ve toplumsal i\u015fbirli\u011fi ve dayan\u0131\u015fma olanaklar\u0131 ele al\u0131nacak.<\/p>\n\n\n\n<p>D\u0130J\u0130TAL VE SOSYAL MEDYA G\u00dcNDEM\u0130<\/p>\n\n\n\n<p>Medya paneli ile mesleki geli\u015fim ve gazetecili\u011fin gelece\u011fi de (Dijitalle\u015fme ve yapay zeka vb gibi) konu\u015fulacak.<br>Ayn\u0131 zamanda gazeteci olan TBMM Dijital Mecralar Komisyonu Ba\u015fkan\u0131 Do\u00e7. Dr. H\u00fcseyin Yayman, Google ba\u015fta olmak \u00fczere g\u00fcn\u00fcm\u00fcz sosyal medya mecralar\u0131yla ilgili yasal d\u00fczenlemeler ve d\u00fc\u015f\u00fcn\u00fclen hukuki geli\u015fmeler hakk\u0131nda \u00f6nemli bilgiler verecek.<br>Medya panelinde ayr\u0131ca Yayman\u2019\u0131n moderat\u00f6rl\u00fc\u011f\u00fcnde Prof. Dr. Levent Eraslan \u201cSosyal medyan\u0131n geleneksel gazetecili\u011fe etkisi\u201d, Prof. Dr. Zakir Av\u015far \u201cG\u00fcncel olaylar \u0131\u015f\u0131\u011f\u0131nda medyada etik duru\u015f\u201d, Zafer K\u00fc\u00e7\u00fck\u015fabano\u011flu \u201cMedyada yapay zeka\u201d ve \u0130smail Bayaz\u0131t \u201cBig data\u201d konular\u0131n\u0131 aktaracaklar. Daha sonra sonu\u00e7 bildirgesi a\u00e7\u0131klanacak.<\/p>\n\n\n\n<p>7 DALDA K\u00dcRESEL BA\u015eARI \u00d6D\u00dcL\u00dc VER\u0130LECEK<\/p>\n\n\n\n<p>5 Ekim ak\u015fam\u0131 ise 5 y\u0131ld\u0131zl\u0131 Lonicera World Otel\u2019in balo salonunda ger\u00e7ekle\u015ftirilecek olan \u00f6d\u00fcl t\u00f6reninde, onur konu\u011fu olarak kat\u0131lacak olan Gagavuzya Devlet Ba\u015fkan\u0131 Evghenia Gutul\u2019un yan\u0131 s\u0131ra medya ve siyaset d\u00fcnyas\u0131ndan yerli ve yabanc\u0131 \u00f6nemli isimler de yerini alacak. \u00c7al\u0131\u015ftay ve \u00f6d\u00fcl t\u00f6renine Alanya Aktif Gazeteciler Cemiyeti (ALGC) \u00fcyesi Alanyal\u0131 gazeteciler de kat\u0131lacaklar.<\/p>\n\n\n\n<p>K\u00fcresel Ba\u015far\u0131 \u00d6d\u00fclleri bu y\u0131l yine 7 dalda verilecek. Moldova\u2019ya ba\u011fl\u0131 olan ve T\u00fcrklerin ya\u015fad\u0131\u011f\u0131 karde\u015f \u00f6zerk devletin ba\u015fkan\u0131 Gutul\u2019a KGK taraf\u0131ndan K\u00fcresel Diplomasi \u00d6d\u00fcl\u00fc verilecek. Gutul\u2019un yan\u0131 s\u0131ra medya ve spor camias\u0131ndan \u00f6nemli isimlere de \u00f6d\u00fclleri verilecek. \u00d6d\u00fcl alacaklar aras\u0131nda Filistin\u2019de g\u00f6rev yapan bir gazeteci ile yine Filistin\u2019de g\u00f6rev yapan bir medya kurulu\u015fu da bulunuyor.<\/p>\n\n\n\n<p>D\u0130M: HER YIL ARTAN \u0130VME MUTLULUK VER\u0130C\u0130<\/p>\n\n\n\n<p>KGK Genel Ba\u015fkan\u0131 Mehmet Ali Dim, geleneksel hale gelen Alanya bulu\u015fmalar\u0131n\u0131n her y\u0131l artan ilgi ve ivmesinin mutluluk verici oldu\u011funu s\u00f6yledi. Konseyin k\u00fcresel ve uluslararas\u0131 kimli\u011fine uygun olarak Alanya\u2019daki etkinli\u011fe T\u00fcrkiye dahil 30\u2019a yak\u0131n \u00fclkeden gazetecilerin kat\u0131laca\u011f\u0131n\u0131 ifade eden Dim \u201cD\u00fcnya markas\u0131 Alanya\u2019n\u0131n turistik imaj\u0131na da \u00f6nemli bir katk\u0131 sa\u011flam\u0131\u015f olaca\u011f\u0131z. Alanya\u2019n\u0131n resmi ve \u00f6zel t\u00fcm ki\u015fi ve kurumlar\u0131n\u0131n bu organizasyonu benimsemi\u015f olmalar\u0131 ve destek vermeleri \u00e7ok onur verici. Alanya bulu\u015fmam\u0131z\u0131n \u015fimdiden konseyimize, medya camiam\u0131za ve Alanyam\u0131za hay\u0131rl\u0131 olmas\u0131n\u0131 temenni ederim. Organizasyona destek veren ba\u015fta sponsorlar\u0131m\u0131z olmak \u00fczere katk\u0131 ve kat\u0131l\u0131m g\u00f6sterecek olan t\u00fcm meslekta\u015flar\u0131m\u0131za da \u015fimdiden te\u015fekk\u00fcr ederim\u201d dedi.<\/p>\n","protected":false},"excerpt":{"rendered":"<p>K\u00fcresel Gazeteciler Konseyi (KGK) K\u00fcresel Medya Bulu\u015fmas\u0131\u2019n\u0131n 4\u2019\u00fcnc\u00fcs\u00fc T\u00fcrkiye ve 30\u2019a yak\u0131n \u00fclkeden \u00f6nemli T\u00fcrk ve yabanc\u0131 gazetecilerin kat\u0131l\u0131m\u0131yla 3-6 Ekim tarihleri aras\u0131nda yine Alanya\u2019da ger\u00e7ekle\u015ftirilecek. Dev organizasyonun onur konu\u011fu Gagavuzya Devlet Ba\u015fkan\u0131 Evghenia Gutul olacak. Geleneksel hale gelen ve ilk \u00fc\u00e7\u00fcne de Alanya\u2019n\u0131n ev sahipli\u011fi yapt\u0131\u011f\u0131 4\u2019\u00fcnc\u00fc K\u00fcresel Medya Bulu\u015fmas\u0131, Medya \u00c7al\u0131\u015ftay\u0131 ve \u00d6d\u00fcl [&hellip;]<\/p>\n","protected":false},"author":2,"featured_media":35567,"comment_status":"closed","ping_status":"closed","sticky":false,"template":"","format":"standard","meta":{"footnotes":""},"categories":[1,2,5],"tags":[],"class_list":["post-35566","post","type-post","status-publish","format-standard","has-post-thumbnail","hentry","category-genel","category-gundem","category-mersin"],"views":1,"_links":{"self":[{"href":"https:\/\/mersinkadingazetesi.com\/index.php?rest_route=\/wp\/v2\/posts\/35566"}],"collection":[{"href":"https:\/\/mersinkadingazetesi.com\/index.php?rest_route=\/wp\/v2\/posts"}],"about":[{"href":"https:\/\/mersinkadingazetesi.com\/index.php?rest_route=\/wp\/v2\/types\/post"}],"author":[{"embeddable":true,"href":"https:\/\/mersinkadingazetesi.com\/index.php?rest_route=\/wp\/v2\/users\/2"}],"replies":[{"embeddable":true,"href":"https:\/\/mersinkadingazetesi.com\/index.php?rest_route=%2Fwp%2Fv2%2Fcomments&post=35566"}],"version-history":[{"count":1,"href":"https:\/\/mersinkadingazetesi.com\/index.php?rest_route=\/wp\/v2\/posts\/35566\/revisions"}],"predecessor-version":[{"id":35568,"href":"https:\/\/mersinkadingazetesi.com\/index.php?rest_route=\/wp\/v2\/posts\/35566\/revisions\/35568"}],"wp:featuredmedia":[{"embeddable":true,"href":"https:\/\/mersinkadingazetesi.com\/index.php?rest_route=\/wp\/v2\/media\/35567"}],"wp:attachment":[{"href":"https:\/\/mersinkadingazetesi.com\/index.php?rest_route=%2Fwp%2Fv2%2Fmedia&parent=35566"}],"wp:term":[{"taxonomy":"category","embeddable":true,"href":"https:\/\/mersinkadingazetesi.com\/index.php?rest_route=%2Fwp%2Fv2%2Fcategories&post=35566"},{"taxonomy":"post_tag","embeddable":true,"href":"https:\/\/mersinkadingazetesi.com\/index.php?rest_route=%2Fwp%2Fv2%2Ftags&post=35566"}],"curies":[{"name":"wp","href":"https:\/\/api.w.org\/{rel}","templated":true}]}}