{"id":35572,"date":"2024-09-30T11:51:36","date_gmt":"2024-09-30T08:51:36","guid":{"rendered":"https:\/\/mersinkadingazetesi.com\/?p=35572"},"modified":"2024-09-30T11:51:36","modified_gmt":"2024-09-30T08:51:36","slug":"buyuksehirin-plastiksiz-mersin-sahilleri-icin-birlesiyoruz-projesi-remedies-2-programinda-en-yuksek-puanla-secilen-ilk-3-projeden-biri-oldu","status":"publish","type":"post","link":"https:\/\/mersinkadingazetesi.com\/?p=35572","title":{"rendered":"B\u00dcY\u00dcK\u015eEH\u0130R&#8217;\u0130N &#8216;PLAST\u0130KS\u0130Z MERS\u0130N SAH\u0130LLER\u0130 \u0130\u00c7\u0130N B\u0130RLE\u015e\u0130YORUZ&#8217; PROJES\u0130 REMEDIES-2 PROGRAMINDA EN Y\u00dcKSEK PUANLA SE\u00c7\u0130LEN \u0130LK 3 PROJEDEN B\u0130R\u0130 OLDU"},"content":{"rendered":"\n<p>Mersin B\u00fcy\u00fck\u015fehir Belediyesi&#8217;nin \u0130klim De\u011fi\u015fikli\u011fi ve S\u0131f\u0131r At\u0131k Dairesi Ba\u015fkanl\u0131\u011f\u0131 ile D\u0131\u015f \u0130li\u015fkiler ve Projeler \u015eube M\u00fcd\u00fcrl\u00fc\u011f\u00fc koordinesinde hayata ge\u00e7irece\u011fi&nbsp;<strong><em>&#8216;Plastiksiz Mersin Sahilleri \u0130\u00e7in Birle\u015fiyoruz&#8217;<\/em><\/strong>&nbsp;projesi, Avrupa Birli\u011fi (AB) taraf\u0131ndan finanse edilen REMEDIES-2 program\u0131 kapsam\u0131nda hibe almaya hak kazand\u0131. Proje; okyanuslardaki plasti\u011fi izlemek, toplamak, \u00f6nlemek ve de\u011ferlendirmek i\u00e7in yenilik\u00e7i \u00e7\u00f6z\u00fcmler ve teknolojiler yaratan Horizon Europe inovasyon program\u0131n\u0131n bir par\u00e7as\u0131 olan REMEDIES-2 program\u0131nda uluslararas\u0131 t\u00fcm ba\u015fvurular i\u00e7erisinde en y\u00fcksek puan\u0131 alarak hibe almaya hak kazanan 3 projeden biri olarak se\u00e7ildi.<\/p>\n\n\n\n<p>Kent genelinde plastik bilincine sahip bir toplum yarat\u0131lmas\u0131n\u0131n yan\u0131 s\u0131ra plastik kullan\u0131m\u0131n\u0131 \u00f6nlemeyi ve azaltmay\u0131 ama\u00e7layan proje ile vatanda\u015f fark\u0131ndal\u0131\u011f\u0131 art\u0131r\u0131larak, s\u0131f\u0131r at\u0131k felsefesi ile geri d\u00f6n\u00fc\u015ft\u00fcr\u00fclebilir at\u0131klar\u0131n kayna\u011f\u0131nda ayr\u0131 olarak biriktirilmesinin \u00f6nemi vurgulanacak.<\/p>\n\n\n\n<p><strong>Proje ile vatanda\u015flar\u0131n plastik kullan\u0131m\u0131 fark\u0131ndal\u0131\u011f\u0131 daha da artacak<\/strong><\/p>\n\n\n\n<p>Proje kapsam\u0131nda; Adnan Menderes sahil \u015feridinde belirlenen alanlara&nbsp;<a>6 adet i\u00e7me suyu<\/a>&nbsp;\u00e7e\u015fmesi ve 6 adet plastik toplama kumbaras\u0131 yerle\u015ftirilerek vatanda\u015flar\u0131n plastik \u015fi\u015fe ile su almalar\u0131n\u0131n ve at\u0131k olu\u015fturmalar\u0131n\u0131n \u00f6n\u00fcne ge\u00e7ilecek. Mersin B\u00fcy\u00fck\u015fehir Belediyesi Denizk\u0131z\u0131 A.\u015e. b\u00fcnyesinde hizmet veren Bizden Kafe&#8217;de&nbsp;<strong>&#8216;Ak\u0131ll\u0131 At\u0131k&#8217;<\/strong>&nbsp;otomat\u0131 kurularak vatanda\u015flar\u0131n kullan\u0131m\u0131 sonras\u0131 olu\u015fan at\u0131klar\u0131n geri d\u00f6n\u00fc\u015f\u00fcm s\u00fcrecine dahil edilmesi sa\u011flanacak.<\/p>\n\n\n\n<p>Toplanan plastik at\u0131klardan k\u00fc\u00e7\u00fck saks\u0131lar \u00fcretilerek \u00fcretilen saks\u0131lar bitki ekiminde yeniden kullan\u0131lacak. Geri d\u00f6n\u00fc\u015f\u00fcm s\u00fcrecine dahil olan vatanda\u015flara Mersin B\u00fcy\u00fck\u015fehir Belediyesi taraf\u0131ndan organik at\u0131klardan \u00fcretilen kompost ve \u00fcretilen saks\u0131lar hediye edilecek.<\/p>\n\n\n\n<p>Su ekosisteminin de korunmas\u0131n\u0131 ama\u00e7layan proje ile 6 farkl\u0131 noktada k\u0131y\u0131 \u015feridi ve nehir temizli\u011fi ger\u00e7ekle\u015ftirilecek. 100. Y\u0131l Mercan \u0130klim ve \u00c7evre Bilim Merkezi&#8217;nde 6- 18 ya\u015f aras\u0131 vatanda\u015flara at\u0131k ayr\u0131\u015ft\u0131rma, geri d\u00f6n\u00fc\u015f\u00fcm ve s\u0131f\u0131r at\u0131k konular\u0131nda bilgilendirici e\u011fitim faaliyetleri ger\u00e7ekle\u015ftirilecek.<\/p>\n\n\n\n<p><strong>Dr. Zorlu: &#8220;Projemiz, uluslararas\u0131 camia taraf\u0131ndan desteklenen ilk 3 projeden biri oldu&#8221;<\/strong><\/p>\n\n\n\n<p>Afet \u0130\u015fleri Dairesi Ba\u015fkan\u0131 Dr. Kemal Zorlu, proje ile b\u00fcy\u00fckten k\u00fc\u00e7\u00fc\u011fe herkesin gereksiz plastik kullanmaktan ka\u00e7\u0131nmas\u0131 ile ilgili fark\u0131ndal\u0131k olu\u015fturulmas\u0131n\u0131 ama\u00e7lad\u0131klar\u0131n\u0131 s\u00f6yledi. Avrupa Birli\u011fi&#8217;nin Horizon program\u0131n\u0131n bir par\u00e7as\u0131 olan REMEDIES-2 kapsam\u0131nda projeye ba\u015fvurduklar\u0131n\u0131 aktaran Zorlu,&nbsp;<strong>&#8220;T\u00fcm ba\u015fvurular i\u00e7erisinde 3 tane proje uluslararas\u0131 camiada desteklenmeye de\u011fer g\u00f6r\u00fcld\u00fc. Bunlardan bir tanesi de bizim projemiz oldu\u011fu i\u00e7in olduk\u00e7a mutuyuz. Bu projemiz yakla\u015f\u0131k 98 bin 500 Euroluk bir destek alacak. Biz bu proje kapsam\u0131nda \u00f6zellikle tek kullan\u0131ml\u0131k plastiklerin azalt\u0131lmas\u0131 i\u00e7in Mersin gibi s\u0131cak bir kentte insanlar\u0131n su ihtiya\u00e7lar\u0131n\u0131 giderecek 6 tane \u00e7e\u015fme yapaca\u011f\u0131z. B\u00f6ylece tek kullan\u0131ml\u0131k plastik i\u00e7erisindeki sular\u0131n kullan\u0131lmas\u0131n\u0131 azaltaca\u011f\u0131z&#8221;<\/strong>&nbsp;dedi.<\/p>\n\n\n\n<p><strong>&#8220;Plastiklerin azalt\u0131lmas\u0131 ve geri d\u00f6n\u00fc\u015f\u00fcme entegre edilmesi i\u00e7in \u00e7al\u0131\u015fmalar y\u00fcr\u00fct\u00fcyoruz&#8221;<\/strong><\/p>\n\n\n\n<p>Zorlu, ek olarak sahil \u015feridinde 6 adet plastik toplama sepetleri yerle\u015ftireceklerini ve toplanan bu plastiklerin saks\u0131ya d\u00f6n\u00fc\u015ft\u00fcr\u00fclece\u011fini belirtti. B\u00fcy\u00fck\u015fehir Belediyesi olarak organik at\u0131klardan kompost \u00fcretiminin ger\u00e7ekle\u015ftirildi\u011fini hat\u0131rlatan Zorlu, bu s\u00fcre\u00e7te plaj temizli\u011fi de yapacaklar\u0131n\u0131 dile getirdi. Zorlu,&nbsp;<strong>&#8220;Bu plaj temizlikleri ger\u00e7ekle\u015ftirilmesi esnas\u0131nda \u00e7ocuklar\u0131m\u0131za plasti\u011fin do\u011faya zararlar\u0131n\u0131, do\u011fal s\u00fcre\u00e7ler i\u00e7erisinde geri d\u00f6n\u00fc\u015f\u00fcm\u00fcn\u00fcn \u00e7ok uzun oldu\u011funu, bu nedenle plastiklerin do\u011faya at\u0131lmamas\u0131 gerekti\u011fini ve olabildi\u011fince tek kullan\u0131ml\u0131k plastiklerin kullan\u0131m\u0131n\u0131n azalt\u0131lmas\u0131n\u0131 ve yerine ba\u015fka materyallerin kullan\u0131m\u0131na y\u00f6nlendirilecek e\u011fitici faaliyetlerde bulunaca\u011f\u0131z&#8221;&nbsp;<\/strong>diye konu\u015ftu.<\/p>\n\n\n\n<p>Projenin bir di\u011fer \u00f6nemli k\u0131sm\u0131n\u0131 da Mercan 100.Y\u0131l \u0130klim ve \u00c7evre Bilim Merkezi&#8217;nin olu\u015fturdu\u011funu s\u00f6yleyen Zorlu,&nbsp;<strong>&#8220;Mercan&#8217;da bizler zaten deney d\u00fczenekleri ile t\u00fcm geri d\u00f6n\u00fc\u015f\u00fcm s\u00fcrecini anlatan anlatan bir fark\u0131ndal\u0131k olu\u015fturuyoruz. Bu proje kapsam\u0131nda \u00f6zellikle okullardan Mercan&#8217;a gelen \u00f6\u011frencilerimizin oraya gelirken yanlar\u0131nda plastik petler getirmesini \u00f6zendirece\u011fiz. O plastik petlerin kullan\u0131labilir, geri d\u00f6n\u00fc\u015ft\u00fcr\u00fclebilir k\u0131s\u0131mlar\u0131n\u0131 kendimiz d\u00f6n\u00fc\u015ft\u00fcr\u00fcp saks\u0131ya \u00e7evirece\u011fiz. Di\u011fer k\u0131s\u0131mlar\u0131n\u0131 da geri d\u00f6n\u00fc\u015f\u00fcm sistemi i\u00e7erisine entegre ederek plastiklerin kullan\u0131m\u0131n azalt\u0131lmas\u0131 i\u00e7in \u00e7al\u0131\u015fmalar y\u00fcr\u00fctece\u011fiz&#8221;<\/strong>&nbsp;ifadelerine yer verdi.<\/p>\n\n\n\n<p><strong>\u00d6zg\u00f6k\u00e7eler: &#8220;8 ay s\u00fcrecek proje 2025 Nisan ay\u0131nda son bulacak&#8221;<\/strong><\/p>\n\n\n\n<p>D\u0131\u015f \u0130li\u015fkiler ve Projeler \u015eube M\u00fcd\u00fcrl\u00fc\u011f\u00fc&#8217;nde Proje Uzman\u0131 Nis \u00d6zg\u00f6k\u00e7eler, projenin Horizon projesi oldu\u011funu ve proje kapsam\u0131nda plastiklerin kullan\u0131lmas\u0131n\u0131n azalt\u0131lmas\u0131n\u0131 ama\u00e7lad\u0131klar\u0131n\u0131 s\u00f6yledi. Belirledikleri ilk pilot b\u00f6lge Adnan Menderes Bulvar\u0131 sahilinde \u00e7al\u0131\u015fmalar\u0131n yak\u0131n zamanda ba\u015flayaca\u011f\u0131n\u0131 dile getiren \u00d6zg\u00f6k\u00e7eler, yap\u0131lmas\u0131 planlanan di\u011fer \u00e7al\u0131\u015fmalar\u0131 da anlatarak,&nbsp;<strong>&#8220;Mersin B\u00fcy\u00fck\u015fehir Blediyesi Denizk\u0131z\u0131 A.\u015e.&#8217;nin Bizden Kafe&#8217;sine ak\u0131ll\u0131 plastik otomat\u0131 yerle\u015ftirece\u011fiz ve plastik \u015fi\u015felerini bu otomata atan vatanda\u015flar\u0131m\u0131z kar\u015f\u0131l\u0131\u011f\u0131nda bir kompost kesesi alacaklar. Bu sayede geri d\u00f6n\u00fc\u015f\u00fcm\u00fc te\u015fvik etmeyi ve kompost kullan\u0131m\u0131n\u0131 da artt\u0131rmay\u0131 planl\u0131yoruz. \u00c7\u00fcnk\u00fc belediyemiz kompost \u00fcretimine ba\u015flad\u0131. Bunu da halk\u0131m\u0131za duyurmay\u0131 hedefliyoruz&#8221;<\/strong>&nbsp;dedi.<\/p>\n\n\n\n<p>Projenin 8 ay\u0131 kapsad\u0131\u011f\u0131n\u0131 ve 2025 Nisan sonuna kadar devam edece\u011fini vurgulayan \u00d6zg\u00f6k\u00e7eler,&nbsp;<strong>&#8220;Adnan Menderes sahil \u015feridinde belirledi\u011fimiz alanlara 6 tane plastik toplama kutular\u0131 koyaca\u011f\u0131z ve oradan toplad\u0131\u011f\u0131m\u0131z plastikleri saks\u0131ya \u00e7evirece\u011fiz. Bunu da kompostla birle\u015ftirerek Mercan 100. Y\u0131l \u0130klim ve \u00c7evre Bilim Merkezi&#8217;mizde \u00e7ocuklar\u0131 e\u011fitmeyi planl\u0131yoruz. Onlar\u0131n kompost kullan\u0131m\u0131n\u0131 \u00f6\u011frenmelerini sa\u011flamaya \u00e7al\u0131\u015faca\u011f\u0131z. Adnan Menderes&#8217;i pilot b\u00f6lge olarak se\u00e7tik ancak 4 farkl\u0131 sahil \u015feridinde ve g\u00f6l kenar\u0131nda plastik temizli\u011fi yapaca\u011f\u0131z<\/strong>&#8221; ifadelerini kulland\u0131.<br><\/p>\n","protected":false},"excerpt":{"rendered":"<p>Mersin B\u00fcy\u00fck\u015fehir Belediyesi&#8217;nin \u0130klim De\u011fi\u015fikli\u011fi ve S\u0131f\u0131r At\u0131k Dairesi Ba\u015fkanl\u0131\u011f\u0131 ile D\u0131\u015f \u0130li\u015fkiler ve Projeler \u015eube M\u00fcd\u00fcrl\u00fc\u011f\u00fc koordinesinde hayata ge\u00e7irece\u011fi&nbsp;&#8216;Plastiksiz Mersin Sahilleri \u0130\u00e7in Birle\u015fiyoruz&#8217;&nbsp;projesi, Avrupa Birli\u011fi (AB) taraf\u0131ndan finanse edilen REMEDIES-2 program\u0131 kapsam\u0131nda hibe almaya hak kazand\u0131. Proje; okyanuslardaki plasti\u011fi izlemek, toplamak, \u00f6nlemek ve de\u011ferlendirmek i\u00e7in yenilik\u00e7i \u00e7\u00f6z\u00fcmler ve teknolojiler yaratan Horizon Europe inovasyon program\u0131n\u0131n [&hellip;]<\/p>\n","protected":false},"author":2,"featured_media":35573,"comment_status":"closed","ping_status":"closed","sticky":false,"template":"","format":"standard","meta":{"footnotes":""},"categories":[7,3],"tags":[],"class_list":["post-35572","post","type-post","status-publish","format-standard","has-post-thumbnail","hentry","category-dunya","category-manset"],"views":6,"_links":{"self":[{"href":"https:\/\/mersinkadingazetesi.com\/index.php?rest_route=\/wp\/v2\/posts\/35572"}],"collection":[{"href":"https:\/\/mersinkadingazetesi.com\/index.php?rest_route=\/wp\/v2\/posts"}],"about":[{"href":"https:\/\/mersinkadingazetesi.com\/index.php?rest_route=\/wp\/v2\/types\/post"}],"author":[{"embeddable":true,"href":"https:\/\/mersinkadingazetesi.com\/index.php?rest_route=\/wp\/v2\/users\/2"}],"replies":[{"embeddable":true,"href":"https:\/\/mersinkadingazetesi.com\/index.php?rest_route=%2Fwp%2Fv2%2Fcomments&post=35572"}],"version-history":[{"count":1,"href":"https:\/\/mersinkadingazetesi.com\/index.php?rest_route=\/wp\/v2\/posts\/35572\/revisions"}],"predecessor-version":[{"id":35574,"href":"https:\/\/mersinkadingazetesi.com\/index.php?rest_route=\/wp\/v2\/posts\/35572\/revisions\/35574"}],"wp:featuredmedia":[{"embeddable":true,"href":"https:\/\/mersinkadingazetesi.com\/index.php?rest_route=\/wp\/v2\/media\/35573"}],"wp:attachment":[{"href":"https:\/\/mersinkadingazetesi.com\/index.php?rest_route=%2Fwp%2Fv2%2Fmedia&parent=35572"}],"wp:term":[{"taxonomy":"category","embeddable":true,"href":"https:\/\/mersinkadingazetesi.com\/index.php?rest_route=%2Fwp%2Fv2%2Fcategories&post=35572"},{"taxonomy":"post_tag","embeddable":true,"href":"https:\/\/mersinkadingazetesi.com\/index.php?rest_route=%2Fwp%2Fv2%2Ftags&post=35572"}],"curies":[{"name":"wp","href":"https:\/\/api.w.org\/{rel}","templated":true}]}}