{"id":35610,"date":"2024-10-01T12:18:11","date_gmt":"2024-10-01T09:18:11","guid":{"rendered":"https:\/\/mersinkadingazetesi.com\/?p=35610"},"modified":"2024-10-01T12:18:11","modified_gmt":"2024-10-01T09:18:11","slug":"perihan-koca-aile-bakanligi-ile-diyanet-arasinda-bir-protokol-mu-var","status":"publish","type":"post","link":"https:\/\/mersinkadingazetesi.com\/?p=35610","title":{"rendered":"Perihan Koca: Aile Bakanl\u0131\u011f\u0131 ile Diyanet Aras\u0131nda Bir Protokol m\u00fc Var?"},"content":{"rendered":"\n<p>Toplumsal \u00d6zg\u00fcrl\u00fck Partisi S\u00f6zc\u00fcler Kurulu \u00fcyesi ve DEM Parti Mersin Milletvekili Perihan Koca son y\u0131llarda s\u00fcrekli tart\u0131\u015fma konusu haline getirilen kad\u0131nlar\u0131n nafaka hakk\u0131na y\u00f6nelik Diyanet fetvas\u0131n\u0131 g\u00fcndeme ta\u015f\u0131d\u0131. Diyanet\u2019in, alo fetva hatt\u0131na gelen kad\u0131nlar\u0131n nafaka alma s\u00fcresi ile ilgili soruya verdi\u011fi yan\u0131t tart\u0131\u015fma yaratt\u0131. Diyanet \u0130\u015fleri Ba\u015fkanl\u0131\u011f\u0131\u2019na ba\u011fl\u0131 fetva hatt\u0131nda \u201cbo\u015fanm\u0131\u015f kad\u0131n\u0131n 90 g\u00fcn, e\u015fi \u00f6lm\u00fc\u015f olan kad\u0131n\u0131n ise 130 g\u00fcn\u00fc a\u015fan miktarda nafaka \u00f6demesini almas\u0131n\u0131n haram\u201d oldu\u011fu fetvas\u0131n\u0131 meclis g\u00fcndemine ta\u015f\u0131yan Perihan Koca, Aile ve Sosyal Politikalar Bakan\u0131 Mahinur \u00d6zdemir G\u00f6kta\u015f\u2019a \u015fu sorular\u0131 y\u00f6neltti:<\/p>\n\n\n\n<ol class=\"wp-block-list\">\n<li>Diyanet \u0130\u015fleri Ba\u015fkanl\u0131\u011f\u0131\u2019n\u0131n nafaka ile ilgili g\u00f6r\u00fc\u015f beyan edip yurtta\u015flar\u0131 yanl\u0131\u015f ve hukuk d\u0131\u015f\u0131 \u015fekilde y\u00f6nlendirmesi Diyanet \u0130\u015fleri Ba\u015fkanl\u0131\u011f\u0131\u2019n\u0131n yetki alan\u0131n\u0131 a\u015fmas\u0131 anlam\u0131na gelmiyor mu?<\/li>\n\n\n\n<li>Nafaka hakk\u0131n\u0131n Medeni Kanun ile belirlendi\u011fi \u00fclkemizde Diyanet \u0130\u015fleri Ba\u015fkanl\u0131\u011f\u0131\u2019n\u0131n bu konuda fikir beyan etmesi ve kad\u0131nlar\u0131n kazan\u0131lm\u0131\u015f nafaka hakk\u0131na sald\u0131rmas\u0131 kar\u015f\u0131s\u0131nda bakanl\u0131\u011f\u0131n\u0131z\u0131n hukuksal bir giri\u015fimi var m\u0131d\u0131r?<\/li>\n\n\n\n<li>Uzun bir s\u00fcredir ailenin korunmas\u0131 ad\u0131 alt\u0131nda hem D\u0130B hem de bakanl\u0131\u011f\u0131n\u0131zca kad\u0131nlar\u0131 hedef alan s\u00f6ylem ve politikalardaki ortakl\u0131k g\u00f6z \u00f6n\u00fcne al\u0131nd\u0131\u011f\u0131nda Diyanet \u0130\u015fleri Ba\u015fkanl\u0131\u011f\u0131 ile Aile ve Sosyal Politikalar Bakanl\u0131\u011f\u0131 aras\u0131nda kad\u0131nlar\u0131n kazan\u0131lm\u0131\u015f haklar\u0131n\u0131n ellerinden al\u0131nmas\u0131 i\u00e7in gizli bir protokol m\u00fc yap\u0131lm\u0131\u015ft\u0131r? B\u00f6yle bir anla\u015fma varsa bunu kamuoyuna a\u00e7\u0131klamay\u0131 d\u00fc\u015f\u00fcn\u00fcyor musunuz?<\/li>\n<\/ol>\n","protected":false},"excerpt":{"rendered":"<p>Toplumsal \u00d6zg\u00fcrl\u00fck Partisi S\u00f6zc\u00fcler Kurulu \u00fcyesi ve DEM Parti Mersin Milletvekili Perihan Koca son y\u0131llarda s\u00fcrekli tart\u0131\u015fma konusu haline getirilen kad\u0131nlar\u0131n nafaka hakk\u0131na y\u00f6nelik Diyanet fetvas\u0131n\u0131 g\u00fcndeme ta\u015f\u0131d\u0131. Diyanet\u2019in, alo fetva hatt\u0131na gelen kad\u0131nlar\u0131n nafaka alma s\u00fcresi ile ilgili soruya verdi\u011fi yan\u0131t tart\u0131\u015fma yaratt\u0131. Diyanet \u0130\u015fleri Ba\u015fkanl\u0131\u011f\u0131\u2019na ba\u011fl\u0131 fetva hatt\u0131nda \u201cbo\u015fanm\u0131\u015f kad\u0131n\u0131n 90 g\u00fcn, e\u015fi [&hellip;]<\/p>\n","protected":false},"author":2,"featured_media":35611,"comment_status":"closed","ping_status":"closed","sticky":false,"template":"","format":"standard","meta":{"footnotes":""},"categories":[3,6],"tags":[],"class_list":["post-35610","post","type-post","status-publish","format-standard","has-post-thumbnail","hentry","category-manset","category-siyaset-2"],"views":2,"_links":{"self":[{"href":"https:\/\/mersinkadingazetesi.com\/index.php?rest_route=\/wp\/v2\/posts\/35610"}],"collection":[{"href":"https:\/\/mersinkadingazetesi.com\/index.php?rest_route=\/wp\/v2\/posts"}],"about":[{"href":"https:\/\/mersinkadingazetesi.com\/index.php?rest_route=\/wp\/v2\/types\/post"}],"author":[{"embeddable":true,"href":"https:\/\/mersinkadingazetesi.com\/index.php?rest_route=\/wp\/v2\/users\/2"}],"replies":[{"embeddable":true,"href":"https:\/\/mersinkadingazetesi.com\/index.php?rest_route=%2Fwp%2Fv2%2Fcomments&post=35610"}],"version-history":[{"count":1,"href":"https:\/\/mersinkadingazetesi.com\/index.php?rest_route=\/wp\/v2\/posts\/35610\/revisions"}],"predecessor-version":[{"id":35612,"href":"https:\/\/mersinkadingazetesi.com\/index.php?rest_route=\/wp\/v2\/posts\/35610\/revisions\/35612"}],"wp:featuredmedia":[{"embeddable":true,"href":"https:\/\/mersinkadingazetesi.com\/index.php?rest_route=\/wp\/v2\/media\/35611"}],"wp:attachment":[{"href":"https:\/\/mersinkadingazetesi.com\/index.php?rest_route=%2Fwp%2Fv2%2Fmedia&parent=35610"}],"wp:term":[{"taxonomy":"category","embeddable":true,"href":"https:\/\/mersinkadingazetesi.com\/index.php?rest_route=%2Fwp%2Fv2%2Fcategories&post=35610"},{"taxonomy":"post_tag","embeddable":true,"href":"https:\/\/mersinkadingazetesi.com\/index.php?rest_route=%2Fwp%2Fv2%2Ftags&post=35610"}],"curies":[{"name":"wp","href":"https:\/\/api.w.org\/{rel}","templated":true}]}}