{"id":35640,"date":"2024-10-02T09:24:13","date_gmt":"2024-10-02T06:24:13","guid":{"rendered":"https:\/\/mersinkadingazetesi.com\/?p=35640"},"modified":"2024-10-02T09:24:14","modified_gmt":"2024-10-02T06:24:14","slug":"baskan-secer-ve-meral-secer-mersin-devlet-opera-ve-balesinin-sezon-acilis-gosterisine-katildi","status":"publish","type":"post","link":"https:\/\/mersinkadingazetesi.com\/?p=35640","title":{"rendered":"BA\u015eKAN SE\u00c7ER VE MERAL SE\u00c7ER, MERS\u0130N DEVLET OPERA VE BALES\u0130&#8217;N\u0130N &#8216;SEZON A\u00c7ILI\u015e G\u00d6STER\u0130S\u0130&#8217;NE KATILDI"},"content":{"rendered":"\n<p>Mersin B\u00fcy\u00fck\u015fehir Belediye Ba\u015fkan\u0131 Vahap Se\u00e7er, Meral Se\u00e7er ile birlikte Mersin Devlet Opera ve Balesi&#8217;nin&nbsp;<strong>&#8216;Sezon A\u00e7\u0131l\u0131\u015f G\u00f6sterisi&#8217;<\/strong>ne kat\u0131l\u0131m sa\u011flad\u0131. Mersin Devlet Opera ve Balesi, 2024-2025 sezonuna g\u00f6rkemli bir a\u00e7\u0131l\u0131\u015f ile ba\u015flad\u0131.<\/p>\n\n\n\n<p>Orkestra \u015eefli\u011fini Tulio Gagliardo Varas&#8217;\u0131n yapt\u0131\u011f\u0131 g\u00f6steri Mersinli sanatseverlerden b\u00fcy\u00fck alk\u0131\u015f ald\u0131. Mersin Devlet Opera ve Balesi Orkestras\u0131, Koro ve Bale Sanat\u00e7\u0131lar\u0131 ile birlikte yap\u0131lan g\u00f6rkemli g\u00f6steri, sanatseverlere unutulmaz bir ak\u015fam ya\u015fatt\u0131.<\/p>\n\n\n\n<p><strong>Sanatseverler unutulmaz bir gece ya\u015fad\u0131<\/strong><\/p>\n\n\n\n<p>Mersin K\u00fclt\u00fcr Merkezi Opera Sahnesi&#8217;nde ger\u00e7ekle\u015fen g\u00f6steri ile&nbsp; izleyiciler unutulmaz bir gece ya\u015fad\u0131. G\u00f6steri kapsam\u0131nda 2024-2025 sezonunda sezon boyunca sahnelenecek olan Carmen Operas\u0131&#8217;ndan Tarantalla&#8217;ya, Romeo ve Juliet Operas\u0131&#8217;ndan Muhte\u015fem Gatsby Balesi&#8217;ne, Evita M\u00fczikali&#8217;nden Maskeli Balo ile Tosca Operas\u0131&#8217;na kadar pek \u00e7ok eser izleyenleri b\u00fcy\u00fcledi. G\u00f6steri kapsam\u0131nda gecede 21 eser sahnelendi.<\/p>\n","protected":false},"excerpt":{"rendered":"<p>Mersin B\u00fcy\u00fck\u015fehir Belediye Ba\u015fkan\u0131 Vahap Se\u00e7er, Meral Se\u00e7er ile birlikte Mersin Devlet Opera ve Balesi&#8217;nin&nbsp;&#8216;Sezon A\u00e7\u0131l\u0131\u015f G\u00f6sterisi&#8217;ne kat\u0131l\u0131m sa\u011flad\u0131. Mersin Devlet Opera ve Balesi, 2024-2025 sezonuna g\u00f6rkemli bir a\u00e7\u0131l\u0131\u015f ile ba\u015flad\u0131. Orkestra \u015eefli\u011fini Tulio Gagliardo Varas&#8217;\u0131n yapt\u0131\u011f\u0131 g\u00f6steri Mersinli sanatseverlerden b\u00fcy\u00fck alk\u0131\u015f ald\u0131. Mersin Devlet Opera ve Balesi Orkestras\u0131, Koro ve Bale Sanat\u00e7\u0131lar\u0131 ile birlikte [&hellip;]<\/p>\n","protected":false},"author":2,"featured_media":35641,"comment_status":"closed","ping_status":"closed","sticky":false,"template":"","format":"standard","meta":{"footnotes":""},"categories":[3],"tags":[],"class_list":["post-35640","post","type-post","status-publish","format-standard","has-post-thumbnail","hentry","category-manset"],"views":15,"_links":{"self":[{"href":"https:\/\/mersinkadingazetesi.com\/index.php?rest_route=\/wp\/v2\/posts\/35640"}],"collection":[{"href":"https:\/\/mersinkadingazetesi.com\/index.php?rest_route=\/wp\/v2\/posts"}],"about":[{"href":"https:\/\/mersinkadingazetesi.com\/index.php?rest_route=\/wp\/v2\/types\/post"}],"author":[{"embeddable":true,"href":"https:\/\/mersinkadingazetesi.com\/index.php?rest_route=\/wp\/v2\/users\/2"}],"replies":[{"embeddable":true,"href":"https:\/\/mersinkadingazetesi.com\/index.php?rest_route=%2Fwp%2Fv2%2Fcomments&post=35640"}],"version-history":[{"count":1,"href":"https:\/\/mersinkadingazetesi.com\/index.php?rest_route=\/wp\/v2\/posts\/35640\/revisions"}],"predecessor-version":[{"id":35642,"href":"https:\/\/mersinkadingazetesi.com\/index.php?rest_route=\/wp\/v2\/posts\/35640\/revisions\/35642"}],"wp:featuredmedia":[{"embeddable":true,"href":"https:\/\/mersinkadingazetesi.com\/index.php?rest_route=\/wp\/v2\/media\/35641"}],"wp:attachment":[{"href":"https:\/\/mersinkadingazetesi.com\/index.php?rest_route=%2Fwp%2Fv2%2Fmedia&parent=35640"}],"wp:term":[{"taxonomy":"category","embeddable":true,"href":"https:\/\/mersinkadingazetesi.com\/index.php?rest_route=%2Fwp%2Fv2%2Fcategories&post=35640"},{"taxonomy":"post_tag","embeddable":true,"href":"https:\/\/mersinkadingazetesi.com\/index.php?rest_route=%2Fwp%2Fv2%2Ftags&post=35640"}],"curies":[{"name":"wp","href":"https:\/\/api.w.org\/{rel}","templated":true}]}}