{"id":35668,"date":"2024-10-03T10:31:54","date_gmt":"2024-10-03T07:31:54","guid":{"rendered":"https:\/\/mersinkadingazetesi.com\/?p=35668"},"modified":"2024-10-03T10:31:55","modified_gmt":"2024-10-03T07:31:55","slug":"mersin-smmmo-baskani-turkiliden-baskan-sariya-ziyaret","status":"publish","type":"post","link":"https:\/\/mersinkadingazetesi.com\/?p=35668","title":{"rendered":"Mersin SMMMO Ba\u015fkan\u0131 T\u00fcrkili\u2019den Ba\u015fkan Sar\u0131\u2019ya ziyaret"},"content":{"rendered":"\n<p>Mersin Serbest Muhasebeci Mali M\u00fc\u015favirler Odas\u0131 Ba\u015fkan\u0131 Emin Levent T\u00fcrkili ve y\u00f6netim kurulu Mersin Esnaf ve Sanatkarlar Odalar\u0131 Birli\u011fi Y\u00f6netim Kurulu Ba\u015fkan\u0131 Veysel Sar\u0131\u2019y\u0131 ziyaret etti.<\/p>\n\n\n\n<p>Mersin ESOB Y\u00f6netim Kurulu Ba\u015fkan\u0131 Veysel Sar\u0131, Mersin SMMMO Ba\u015fkan\u0131 Emin Levent T\u00fcrkili ve y\u00f6netim kurulu \u00fcyelerine nazik ziyaretlerinden dolay\u0131 te\u015fekk\u00fcrlerini iletti. Ba\u015fkan Sar\u0131, \u201cMali m\u00fc\u015favir ve muhasebeciler, temsil etti\u011fimiz esnaf <a><\/a>ve sanatkarlar\u0131m\u0131z\u0131n en b\u00fcy\u00fck payda\u015flar\u0131ndan. Ba\u015fkan\u0131m\u0131z ve y\u00f6netim kurulu \u00fcyelerinin bizleri ziyaretinden son derece mutluluk duydum. \u0130limizde kurulu t\u00fcm kent dinamikleriyle birlikte esnaf\u0131m\u0131za ve kentimize hizmetin en iyisini verme amac\u0131nday\u0131z. Bu ama\u00e7 do\u011frultusunda SMMMO Ba\u015fkan\u0131m\u0131zla birlik ve beraberlik i\u00e7erisinde i\u015f birli\u011fimizi s\u00fcrd\u00fcrmeye devam edece\u011fiz\u201d dedi.<\/p>\n\n\n\n<p>Mersin SMMMO Ba\u015fkan\u0131 Emin T\u00fcrkili\u2019nin g\u00fcn\u00fcn an\u0131s\u0131na bir buket \u00e7i\u00e7ek hediye etti\u011fi Mersin ESOB Ba\u015fkan Veysel Sar\u0131 ise SMMMO Ba\u015fkan\u0131 Emin Levent T\u00fcrkili ve y\u00f6netim kurulu \u00fcyelerine g\u00fcn\u00fcn an\u0131s\u0131na ipek kravat hediye etti.<\/p>\n\n\n\n<p>Kar\u015f\u0131l\u0131kl\u0131 olarak esnaf ve sanatkarlar\u0131n vergisel ve muhasebe sistemiyle ilgili sorunlar\u0131 ve \u00e7\u00f6z\u00fcm \u00f6nerileri konular\u0131nda de\u011ferlendirmelerde bulunulan ziyarette, Birlik Ba\u015fkanvekili Nihat Da\u011fdelen, Birlik Disiplin Kurulu Ba\u015fkan\u0131 Erdal Pekmez ile Mersin SMMMO y\u00f6netim kurulu \u00fcyeleri \u015eule G\u00fclmez, Ersin \u00d6zer, Mazhar \u00d6zg\u00fcr Biliz, Sava\u015f Takak, \u015eiyar Y\u00fcce, Disiplin Kurulu Ba\u015fkan\u0131 Ahu \u00d6nay, Dan\u0131\u015fma Meclisi Ba\u015fkan\u0131 Fevzi U\u011fur haz\u0131r bulundu<\/p>\n","protected":false},"excerpt":{"rendered":"<p>Mersin Serbest Muhasebeci Mali M\u00fc\u015favirler Odas\u0131 Ba\u015fkan\u0131 Emin Levent T\u00fcrkili ve y\u00f6netim kurulu Mersin Esnaf ve Sanatkarlar Odalar\u0131 Birli\u011fi Y\u00f6netim Kurulu Ba\u015fkan\u0131 Veysel Sar\u0131\u2019y\u0131 ziyaret etti. Mersin ESOB Y\u00f6netim Kurulu Ba\u015fkan\u0131 Veysel Sar\u0131, Mersin SMMMO Ba\u015fkan\u0131 Emin Levent T\u00fcrkili ve y\u00f6netim kurulu \u00fcyelerine nazik ziyaretlerinden dolay\u0131 te\u015fekk\u00fcrlerini iletti. Ba\u015fkan Sar\u0131, \u201cMali m\u00fc\u015favir ve muhasebeciler, temsil [&hellip;]<\/p>\n","protected":false},"author":2,"featured_media":35669,"comment_status":"closed","ping_status":"closed","sticky":false,"template":"","format":"standard","meta":{"footnotes":""},"categories":[3],"tags":[],"class_list":["post-35668","post","type-post","status-publish","format-standard","has-post-thumbnail","hentry","category-manset"],"views":5,"_links":{"self":[{"href":"https:\/\/mersinkadingazetesi.com\/index.php?rest_route=\/wp\/v2\/posts\/35668"}],"collection":[{"href":"https:\/\/mersinkadingazetesi.com\/index.php?rest_route=\/wp\/v2\/posts"}],"about":[{"href":"https:\/\/mersinkadingazetesi.com\/index.php?rest_route=\/wp\/v2\/types\/post"}],"author":[{"embeddable":true,"href":"https:\/\/mersinkadingazetesi.com\/index.php?rest_route=\/wp\/v2\/users\/2"}],"replies":[{"embeddable":true,"href":"https:\/\/mersinkadingazetesi.com\/index.php?rest_route=%2Fwp%2Fv2%2Fcomments&post=35668"}],"version-history":[{"count":1,"href":"https:\/\/mersinkadingazetesi.com\/index.php?rest_route=\/wp\/v2\/posts\/35668\/revisions"}],"predecessor-version":[{"id":35670,"href":"https:\/\/mersinkadingazetesi.com\/index.php?rest_route=\/wp\/v2\/posts\/35668\/revisions\/35670"}],"wp:featuredmedia":[{"embeddable":true,"href":"https:\/\/mersinkadingazetesi.com\/index.php?rest_route=\/wp\/v2\/media\/35669"}],"wp:attachment":[{"href":"https:\/\/mersinkadingazetesi.com\/index.php?rest_route=%2Fwp%2Fv2%2Fmedia&parent=35668"}],"wp:term":[{"taxonomy":"category","embeddable":true,"href":"https:\/\/mersinkadingazetesi.com\/index.php?rest_route=%2Fwp%2Fv2%2Fcategories&post=35668"},{"taxonomy":"post_tag","embeddable":true,"href":"https:\/\/mersinkadingazetesi.com\/index.php?rest_route=%2Fwp%2Fv2%2Ftags&post=35668"}],"curies":[{"name":"wp","href":"https:\/\/api.w.org\/{rel}","templated":true}]}}