{"id":35729,"date":"2024-10-04T12:24:24","date_gmt":"2024-10-04T09:24:24","guid":{"rendered":"https:\/\/mersinkadingazetesi.com\/?p=35729"},"modified":"2024-10-04T12:24:25","modified_gmt":"2024-10-04T09:24:25","slug":"depremzede-meryem-yildiz-buyuksehirin-evde-saglik-hizmetleri-ile-yeniden-ayaga-kalkti","status":"publish","type":"post","link":"https:\/\/mersinkadingazetesi.com\/?p=35729","title":{"rendered":"DEPREMZEDE MERYEM YILDIZ, B\u00dcY\u00dcK\u015eEH\u0130R&#8217;\u0130N EVDE SA\u011eLIK H\u0130ZMETLER\u0130 \u0130LE YEN\u0130DEN AYA\u011eA KALKTI"},"content":{"rendered":"\n<p>6 \u015eubat depremlerinde b\u00f6lgeye ilk giden kurumlar aras\u0131nda yer alan ve felaket sonras\u0131nda da yaralar\u0131n sar\u0131lmas\u0131 i\u00e7in t\u00fcm ekiplerini seferber eden Mersin B\u00fcy\u00fck\u015fehir Belediyesi, depremzede yurtta\u015flara hizmetlerini s\u00fcrd\u00fcr\u00fcyor. B\u00fcy\u00fck\u015fehir Belediyesi Sa\u011fl\u0131k \u0130\u015fleri Dairesi&#8217;ne ba\u011fl\u0131 olan Evde Sa\u011fl\u0131k Hizmetleri ekiplerinin d\u00fczenli \u00e7al\u0131\u015fmas\u0131yla, yata\u011fa ba\u011f\u0131ml\u0131 durumda olan depremzede aya\u011fa kalkmaya ve tekrar y\u00fcr\u00fcmeye ba\u015flad\u0131.<\/p>\n\n\n\n<p>Depreme, ya\u015fad\u0131klar\u0131 Hatay Defne&#8217;de yakalanan 60 ya\u015f\u0131ndaki Meryem Y\u0131ld\u0131z, e\u015fini kaybetti\u011fi bu felakette y\u0131k\u0131nt\u0131lar aras\u0131nda kalarak aya\u011f\u0131ndan a\u011f\u0131r \u015fekilde yaraland\u0131. Daha sonra Mersin&#8217;e getirilerek 4 defa ameliyat olan Meryem Y\u0131ld\u0131z, ard\u0131ndan Tarsus&#8217;ta \u015eehitishak Mahallesi&#8217;nde k\u0131zlar\u0131 ile bir eve yerle\u015fti. Aya\u011f\u0131nda meydana gelen \u00e7oklu k\u0131r\u0131k nedeniyle Mersin ve Tarsus&#8217;ta yap\u0131lan ameliyatlar\u0131n ard\u0131ndan yata\u011fa ba\u011f\u0131ml\u0131 hale gelen Meryem Y\u0131ld\u0131z&#8217;\u0131n durumu, B\u00fcy\u00fck\u015fehir Belediyesi Evde Sa\u011fl\u0131k Hizmetleri Birimi&#8217;ne bildirildi.<\/p>\n\n\n\n<p>B\u00fcy\u00fck\u015fehir&#8217;in uzman fizyoterapistlerinin nezaretinde ger\u00e7ekle\u015fen 6 ayl\u0131k tedavinin ard\u0131ndan Meryem Y\u0131ld\u0131z, y\u00fcr\u00fcmeye ba\u015flad\u0131 ve ev i\u00e7i ile d\u0131\u015f\u0131nda kendi ihtiya\u00e7lar\u0131n\u0131 kendi kar\u015f\u0131layabilir duruma geldi.<\/p>\n\n\n\n<p><strong>Dinsever: &#8220;Yata\u011fa ba\u011f\u0131ml\u0131 olan Meryem Teyze, 6 ay sonunda tekrar y\u00fcr\u00fcyebiliyor&#8221;<\/strong><\/p>\n\n\n\n<p>B\u00fcy\u00fck\u015fehir Belediyesi Sa\u011fl\u0131k \u0130\u015fleri Dairesi Ba\u015fkanl\u0131\u011f\u0131&#8217;na ba\u011fl\u0131 Evde Sa\u011fl\u0131k Hizmetleri Birimi&#8217;nde g\u00f6revli fizyoterapist Sevgi Dilan Dinsever,&nbsp;<strong>&#8220;Meryem Teyze, Hatay&#8217;da enkaz alt\u0131nda kalm\u0131\u015f. Daha sonra tedavi i\u00e7in Mersin&#8217;e getirilmi\u015f. Mersin&#8217;de 2.5 ayl\u0131k tedavi sonucunda, fizik tedavi i\u00e7in Belediyemize ba\u015fvuru yapt\u0131. Biz ilk geldi\u011fimizde Meryem Teyze&#8217;nin v\u00fccudunda k\u0131r\u0131klar mevcuttu, \u00e7ok a\u011fr\u0131s\u0131 vard\u0131 ve y\u00fcr\u00fcyemeyecek durumdayd\u0131. \u00d6ncelikle a\u011fr\u0131s\u0131n\u0131 dindirmeye y\u00f6nelik uygulamalar yapt\u0131k. Daha sonra k\u0131s\u0131tl\u0131 eklem hareketleri ve egzersizle kaslar\u0131n\u0131 g\u00fc\u00e7lendirdik. Yava\u015f yava\u015f y\u00fcr\u00fcmeye ba\u015flad\u0131. \u015eu an ba\u011f\u0131ms\u0131z bir \u015fekilde, kendi ihtiya\u00e7lar\u0131n\u0131 kendisi g\u00f6rebiliyor. Hem ev i\u00e7erisinde, hem ev d\u0131\u015f\u0131nda tek ba\u015f\u0131na hareket edebiliyor. Bu, Meryem Teyze&#8217;nin hayata tekrar tutunmak i\u00e7in g\u00f6sterdi\u011fi azim ve istikrar sayesinde oldu&#8221;<\/strong>&nbsp;diye konu\u015ftu.<\/p>\n\n\n\n<p><strong>Meryem Y\u0131ld\u0131z: &#8220;B\u00fcy\u00fck\u015fehir&#8217;in fizik tedavi hizmeti ile tekrar y\u00fcr\u00fcmeye ba\u015flad\u0131m&#8221;<\/strong><\/p>\n\n\n\n<p>Hatay Defne&#8217;de ailesi ile deprem felaketi ya\u015fayan ve y\u0131k\u0131lan evin kal\u0131nt\u0131lar\u0131ndan yaral\u0131 olarak \u00e7\u0131kart\u0131lan Meryem Y\u0131ld\u0131z, sa\u011f bacak b\u00f6lgesinden ciddi \u015fekilde yaraland\u0131\u011f\u0131n\u0131 kaydederek,&nbsp;<strong>&#8220;O y\u0131k\u0131nt\u0131lardan beni zorlukla \u00e7\u0131kartt\u0131lar. Mersin&#8217;e al\u0131p getirdiler. Bir ameliyat orada ge\u00e7irdim, sonra \u00d6mer Sayar&#8217;da 2.5 ay yatt\u0131m&#8221;<\/strong>&nbsp;dedi. Sonras\u0131nda Tarsus&#8217;a yerle\u015ftiklerini kaydeden Y\u0131ld\u0131z,&nbsp;<strong>&#8220;Yata\u011fa ba\u011f\u0131ml\u0131 hale geldim. B\u00fcy\u00fck\u015fehir Belediyesi&#8217;ne fizyoterapi hizmeti i\u00e7in ba\u015fvurduk. 6 ay s\u00fcren tedavi sonucunda yava\u015f yava\u015f y\u00fcr\u00fcmeye ve ihtiya\u00e7lar\u0131m\u0131 kendim g\u00f6rmeye ba\u015flad\u0131m. Ba\u015fkan\u0131m\u0131z Vahap Se\u00e7er&#8217;e ve ekibine \u00e7ok te\u015fekk\u00fcr ediyorum&#8221;<\/strong>&nbsp;diye konu\u015ftu.<\/p>\n\n\n\n<p><strong>Manolya Y\u0131ld\u0131z: &#8220;Annem dizini b\u00fckmeye ve y\u00fcr\u00fcmeye ba\u015flad\u0131&#8221;<\/strong><\/p>\n\n\n\n<p>Meryem Y\u0131ld\u0131z&#8217;\u0131n k\u0131z\u0131 Manolya Y\u0131ld\u0131z, annesinin hi\u00e7 kalkamaz durumda iken, g\u00f6rd\u00fc\u011f\u00fc tedavi ile y\u00fcr\u00fcmeye ba\u015flad\u0131\u011f\u0131n\u0131n alt\u0131n\u0131 \u00e7izerek,&nbsp;<strong>&#8220;Annem y\u00fcr\u00fcyemiyordu, hi\u00e7bir \u015fekilde aya\u011fa kalkam\u0131yordu. B\u00fcy\u00fck\u015fehir ekibi bize \u00e7ok yard\u0131mc\u0131 oldu ve tedavi sonucunda annem y\u00fcr\u00fcmeye ba\u015flad\u0131. G\u00fcnl\u00fck rutin hareketlerde bulunuyor, yemek yapabiliyor, markete gidebiliyor. Bu dereceye kadar geldi, bu kadar ilerledi. B\u00fcy\u00fck\u015fehir ekibine \u00e7ok te\u015fekk\u00fcr ediyoruz&#8221;<\/strong>&nbsp;dedi.<\/p>\n","protected":false},"excerpt":{"rendered":"<p>6 \u015eubat depremlerinde b\u00f6lgeye ilk giden kurumlar aras\u0131nda yer alan ve felaket sonras\u0131nda da yaralar\u0131n sar\u0131lmas\u0131 i\u00e7in t\u00fcm ekiplerini seferber eden Mersin B\u00fcy\u00fck\u015fehir Belediyesi, depremzede yurtta\u015flara hizmetlerini s\u00fcrd\u00fcr\u00fcyor. B\u00fcy\u00fck\u015fehir Belediyesi Sa\u011fl\u0131k \u0130\u015fleri Dairesi&#8217;ne ba\u011fl\u0131 olan Evde Sa\u011fl\u0131k Hizmetleri ekiplerinin d\u00fczenli \u00e7al\u0131\u015fmas\u0131yla, yata\u011fa ba\u011f\u0131ml\u0131 durumda olan depremzede aya\u011fa kalkmaya ve tekrar y\u00fcr\u00fcmeye ba\u015flad\u0131. Depreme, ya\u015fad\u0131klar\u0131 Hatay [&hellip;]<\/p>\n","protected":false},"author":2,"featured_media":35730,"comment_status":"closed","ping_status":"closed","sticky":false,"template":"","format":"standard","meta":{"footnotes":""},"categories":[3,9],"tags":[],"class_list":["post-35729","post","type-post","status-publish","format-standard","has-post-thumbnail","hentry","category-manset","category-saglik"],"views":13,"_links":{"self":[{"href":"https:\/\/mersinkadingazetesi.com\/index.php?rest_route=\/wp\/v2\/posts\/35729"}],"collection":[{"href":"https:\/\/mersinkadingazetesi.com\/index.php?rest_route=\/wp\/v2\/posts"}],"about":[{"href":"https:\/\/mersinkadingazetesi.com\/index.php?rest_route=\/wp\/v2\/types\/post"}],"author":[{"embeddable":true,"href":"https:\/\/mersinkadingazetesi.com\/index.php?rest_route=\/wp\/v2\/users\/2"}],"replies":[{"embeddable":true,"href":"https:\/\/mersinkadingazetesi.com\/index.php?rest_route=%2Fwp%2Fv2%2Fcomments&post=35729"}],"version-history":[{"count":1,"href":"https:\/\/mersinkadingazetesi.com\/index.php?rest_route=\/wp\/v2\/posts\/35729\/revisions"}],"predecessor-version":[{"id":35731,"href":"https:\/\/mersinkadingazetesi.com\/index.php?rest_route=\/wp\/v2\/posts\/35729\/revisions\/35731"}],"wp:featuredmedia":[{"embeddable":true,"href":"https:\/\/mersinkadingazetesi.com\/index.php?rest_route=\/wp\/v2\/media\/35730"}],"wp:attachment":[{"href":"https:\/\/mersinkadingazetesi.com\/index.php?rest_route=%2Fwp%2Fv2%2Fmedia&parent=35729"}],"wp:term":[{"taxonomy":"category","embeddable":true,"href":"https:\/\/mersinkadingazetesi.com\/index.php?rest_route=%2Fwp%2Fv2%2Fcategories&post=35729"},{"taxonomy":"post_tag","embeddable":true,"href":"https:\/\/mersinkadingazetesi.com\/index.php?rest_route=%2Fwp%2Fv2%2Ftags&post=35729"}],"curies":[{"name":"wp","href":"https:\/\/api.w.org\/{rel}","templated":true}]}}