{"id":35741,"date":"2024-10-04T15:50:44","date_gmt":"2024-10-04T12:50:44","guid":{"rendered":"https:\/\/mersinkadingazetesi.com\/?p=35741"},"modified":"2024-10-04T15:50:44","modified_gmt":"2024-10-04T12:50:44","slug":"toroslarda-liseli-gencler-kendi-urettikleri-deterjan-malzemeleriyle-park-temizligi-yapti","status":"publish","type":"post","link":"https:\/\/mersinkadingazetesi.com\/?p=35741","title":{"rendered":"TOROSLAR&#8217;DA L\u0130SEL\u0130 GEN\u00c7LER, KEND\u0130 \u00dcRETT\u0130KLER\u0130 DETERJAN MALZEMELER\u0130YLE PARK TEM\u0130ZL\u0130\u011e\u0130 YAPTI"},"content":{"rendered":"\n<p><strong>Toroslar Mimar Sinan Mesleki ve Teknik Anadolu Lisesi \u00f6\u011frencileri, \u00e7evre bilincini art\u0131rmak ve topluma \u00f6rnek olmak amac\u0131yla kendi \u00fcrettikleri temizlik malzemeleriyle \u00c7a\u011fda\u015fkent Mahallesi&#8217;nde bulunan Yavuz Park\u0131&#8217;nda etkinlik d\u00fczenledi.&nbsp;<\/strong><\/p>\n\n\n\n<p>Kimya b\u00f6l\u00fcm\u00fcnde e\u011fitim g\u00f6ren \u00f6\u011frenciler, projeleri kapsam\u0131nda okulda \u00fcrettikleri \u00e7evre dostu temizlik malzemeleriyle Yavuz Park\u0131&#8217;n\u0131 temizledi.<\/p>\n\n\n\n<p>Toroslar Belediyesi Park ve Bah\u00e7eler M\u00fcd\u00fcrl\u00fc\u011f\u00fc i\u015fbirli\u011finde yap\u0131lan bu etkinlik, il\u00e7ede takdirle kar\u015f\u0131land\u0131.<\/p>\n\n\n\n<p><strong>&#8220;GEN\u00c7LER\u0130M\u0130Z\u0130 KUTLUYORUM&#8221;<\/strong><\/p>\n\n\n\n<p>Toroslar Belediye Ba\u015fkan\u0131 Abdurrahman Y\u0131ld\u0131z, hem sosyal sorumluluk bilincini geli\u015ftiren hem de gen\u00e7lerin \u00e7evreye duyarl\u0131l\u0131klar\u0131n\u0131 somut bir \u015fekilde ortaya koyan bu \u00e7al\u0131\u015fmadan dolay\u0131 Toroslar Mimar Sinan Mesleki ve Teknik Anadolu Lisesi \u00f6\u011frencilerini ve \u00f6\u011fretmenlerini kutlad\u0131.<\/p>\n\n\n\n<p>\u00d6\u011frencilerin e\u011fitimlerinin yan\u0131nda hem meslek \u00f6\u011frenmeleri hem de \u00fcretmelerinin \u00e7ok \u00f6nemli oldu\u011funa dikkat \u00e7eken Ba\u015fkan Y\u0131ld\u0131z, &#8220;Meslek lisesi \u00f6\u011frencilerimizin bu ba\u015far\u0131s\u0131 hem il\u00e7emiz hem de \u00fclkemiz a\u00e7\u0131s\u0131ndan \u00f6rnek te\u015fkil edecek bir \u00e7al\u0131\u015fmad\u0131r. \u00d6\u011fretmenlerinin nezdinde t\u00fcm gen\u00e7lerimizi kutluyorum&#8221; dedi.<\/p>\n\n\n\n<p><strong>&#8220;DETERJANLARIMIZLA PARKLARI TEM\u0130ZLEME KARARI ALDIK&#8221;<\/strong><\/p>\n\n\n\n<p>Toroslar Belediye Ba\u015fkan\u0131 Abdurrahman Y\u0131ld\u0131z&#8217;a te\u015fekk\u00fcr eden Kimya \u00d6\u011fretmeni Hasan \u015een, &#8220;Okul olarak her ay d\u00fczenledi\u011fimiz sosyal etkinlik faaliyetlerinden bu ay kendi \u00fcretti\u011fimiz deterjanlarla park ve bah\u00e7eleri temizleme karar\u0131 ald\u0131k. \u00d6\u011frencilerimizle birlikte her zaman bu t\u00fcr sosyal projelerde yer almaya devam edece\u011fiz&#8221; dedi.<\/p>\n\n\n\n<p><strong>&#8220;\u00c7EVRE DUYARLILI\u011eINI ARTIRMAK \u0130ST\u0130YORUZ&#8221;<\/strong><\/p>\n\n\n\n<p>9. s\u0131n\u0131f kimya b\u00f6l\u00fcm\u00fc \u00f6\u011frencisi Eyl\u00fcl Y\u0131lmaz ise, arkada\u015flar\u0131yla birlikte park\u0131 temizlemek i\u00e7in bir araya geldiklerini ve bu etkinlikle \u00e7evre duyarl\u0131l\u0131klar\u0131n\u0131 g\u00f6stermeyi ama\u00e7lad\u0131klar\u0131n\u0131 belirtti.<\/p>\n\n\n\n<p>Bir di\u011fer \u00f6\u011frenci Miran Y\u00fccel, &#8220;\u00c7evre duyarl\u0131l\u0131\u011f\u0131m\u0131z\u0131 geli\u015ftirmek i\u00e7in okulumuzda kendi \u00fcretti\u011fimiz temizlik malzemeleriyle park\u0131 temizlemeye karar verdik&#8221; \u015feklinde konu\u015ftu.<\/p>\n\n\n\n<p>Ece Eyl\u00fcl adl\u0131 \u00f6\u011frenci de, &#8220;\u00c7evreyi temizlemek ve ya\u015fl\u0131lar\u0131 ziyaret etmek gibi faaliyetler ger\u00e7ekle\u015ftiriyoruz. Toroslar Mimar Sinan Mesleki ve Teknik Anadolu Lisesi olarak bu ay \u00e7ocuk park\u0131n\u0131 temizlemek istedik&#8221; diyerek, temizli\u011fi ger\u00e7ekle\u015ftiren t\u00fcm \u00f6\u011frenci arkada\u015flar\u0131yla birlikte \u00e7evreye olan duyarl\u0131l\u0131klar\u0131n\u0131 g\u00f6stermeye \u00e7al\u0131\u015ft\u0131klar\u0131n\u0131 ifade etti.<\/p>\n","protected":false},"excerpt":{"rendered":"<p>Toroslar Mimar Sinan Mesleki ve Teknik Anadolu Lisesi \u00f6\u011frencileri, \u00e7evre bilincini art\u0131rmak ve topluma \u00f6rnek olmak amac\u0131yla kendi \u00fcrettikleri temizlik malzemeleriyle \u00c7a\u011fda\u015fkent Mahallesi&#8217;nde bulunan Yavuz Park\u0131&#8217;nda etkinlik d\u00fczenledi.&nbsp; Kimya b\u00f6l\u00fcm\u00fcnde e\u011fitim g\u00f6ren \u00f6\u011frenciler, projeleri kapsam\u0131nda okulda \u00fcrettikleri \u00e7evre dostu temizlik malzemeleriyle Yavuz Park\u0131&#8217;n\u0131 temizledi. Toroslar Belediyesi Park ve Bah\u00e7eler M\u00fcd\u00fcrl\u00fc\u011f\u00fc i\u015fbirli\u011finde yap\u0131lan bu etkinlik, il\u00e7ede [&hellip;]<\/p>\n","protected":false},"author":2,"featured_media":35742,"comment_status":"closed","ping_status":"closed","sticky":false,"template":"","format":"standard","meta":{"footnotes":""},"categories":[34,1,2,3],"tags":[],"class_list":["post-35741","post","type-post","status-publish","format-standard","has-post-thumbnail","hentry","category-flas-haber","category-genel","category-gundem","category-manset"],"views":11,"_links":{"self":[{"href":"https:\/\/mersinkadingazetesi.com\/index.php?rest_route=\/wp\/v2\/posts\/35741"}],"collection":[{"href":"https:\/\/mersinkadingazetesi.com\/index.php?rest_route=\/wp\/v2\/posts"}],"about":[{"href":"https:\/\/mersinkadingazetesi.com\/index.php?rest_route=\/wp\/v2\/types\/post"}],"author":[{"embeddable":true,"href":"https:\/\/mersinkadingazetesi.com\/index.php?rest_route=\/wp\/v2\/users\/2"}],"replies":[{"embeddable":true,"href":"https:\/\/mersinkadingazetesi.com\/index.php?rest_route=%2Fwp%2Fv2%2Fcomments&post=35741"}],"version-history":[{"count":1,"href":"https:\/\/mersinkadingazetesi.com\/index.php?rest_route=\/wp\/v2\/posts\/35741\/revisions"}],"predecessor-version":[{"id":35743,"href":"https:\/\/mersinkadingazetesi.com\/index.php?rest_route=\/wp\/v2\/posts\/35741\/revisions\/35743"}],"wp:featuredmedia":[{"embeddable":true,"href":"https:\/\/mersinkadingazetesi.com\/index.php?rest_route=\/wp\/v2\/media\/35742"}],"wp:attachment":[{"href":"https:\/\/mersinkadingazetesi.com\/index.php?rest_route=%2Fwp%2Fv2%2Fmedia&parent=35741"}],"wp:term":[{"taxonomy":"category","embeddable":true,"href":"https:\/\/mersinkadingazetesi.com\/index.php?rest_route=%2Fwp%2Fv2%2Fcategories&post=35741"},{"taxonomy":"post_tag","embeddable":true,"href":"https:\/\/mersinkadingazetesi.com\/index.php?rest_route=%2Fwp%2Fv2%2Ftags&post=35741"}],"curies":[{"name":"wp","href":"https:\/\/api.w.org\/{rel}","templated":true}]}}