{"id":35753,"date":"2024-10-06T09:23:51","date_gmt":"2024-10-06T06:23:51","guid":{"rendered":"https:\/\/mersinkadingazetesi.com\/?p=35753"},"modified":"2024-10-06T09:23:52","modified_gmt":"2024-10-06T06:23:52","slug":"baskan-secer-ve-baskan-boltac-3-kleopatra-bisiklet-festivalinde-tarsus-sehir-turu-yapti","status":"publish","type":"post","link":"https:\/\/mersinkadingazetesi.com\/?p=35753","title":{"rendered":"BA\u015eKAN SE\u00c7ER VE BA\u015eKAN BOLTA\u00c7 3. KLEOPATRA B\u0130S\u0130KLET FEST\u0130VAL\u0130&#8217;NDE TARSUS \u015eEH\u0130R TURU YAPTI"},"content":{"rendered":"\n<p>Mersin B\u00fcy\u00fck\u015fehir Belediye Ba\u015fkan\u0131 Vahap Se\u00e7er, Tarsus Belediye Ba\u015fkan\u0131 Ali Bolta\u00e7 ile birlikte Mersin B\u00fcy\u00fck\u015fehir Belediyesi, Tarsus Belediyesi ve Tarsus Bisiklet Toplulu\u011fu i\u015f birli\u011finde 4-5-6 Ekim tarihlerini kapsayan&nbsp;<strong>&#8216;3. Kleopatra Bisiklet Festivali&#8217;<\/strong>nin a\u00e7\u0131l\u0131\u015f t\u00f6renine kat\u0131l\u0131m sa\u011flad\u0131. Ba\u015fkan Se\u00e7er&#8217;in start\u0131n\u0131n ard\u0131ndan bisikletlerle tarihi Kleopatra Kap\u0131s\u0131&#8217;ndan ge\u00e7ildi. Ba\u015fkan Se\u00e7er ve Ba\u015fkan Bolta\u00e7; festival kapsam\u0131nda bisikletlilerle birlikte Tarsus \u015fehir turu yapt\u0131.<\/p>\n\n\n\n<p><strong>Festivale 32 farkl\u0131 kentten 250 bisikletli kat\u0131l\u0131yor<\/strong><\/p>\n\n\n\n<p>Kat\u0131l\u0131mc\u0131lar 3 g\u00fcn boyunca Tarsus i\u00e7inde ve \u00e7evresinde bisiklete binerek bir yandan bisikletli ula\u015f\u0131m konusunda fark\u0131ndal\u0131k olu\u015fturulacak bir yandan da ya\u015fad\u0131klar\u0131 kentlere g\u00fczel an\u0131larla d\u00f6necek.&nbsp;Festivale 32 farkl\u0131 kentten 250 bisikletli kat\u0131l\u0131yor. Festival ile Tarsus&#8217;un tarihi ve turistik de\u011ferlerinin tan\u0131t\u0131m\u0131, sa\u011fl\u0131kl\u0131 bir ula\u015f\u0131m se\u00e7ene\u011fi olarak bisiklet kullan\u0131m\u0131n\u0131n yayg\u0131nla\u015fmas\u0131yla ilgili fark\u0131ndal\u0131k yaratmak ama\u00e7lan\u0131yor. Festival sayesinde bisiklet tutkunlar\u0131; hem tarihi ve turistik a\u00e7\u0131dan zengin Tarsus&#8217;u ke\u015ffediyor hem de bisikletin sa\u011fl\u0131kl\u0131 bir ula\u015f\u0131m arac\u0131 olarak kullan\u0131m\u0131n\u0131 te\u015fvik etme imk\u00e2n\u0131 sunuyorlar. Festival ile kat\u0131l\u0131mc\u0131lar spor yaparken, Tarsus&#8217;ta tarihi bir yolculu\u011fa da pedal \u00e7evirdiler.<\/p>\n\n\n\n<p><strong>&#8220;Bu t\u00fcr etkinlikler bizleri bir araya getiriyor, o y\u00fczden \u00f6nemsiyoruz&#8221;<\/strong><\/p>\n\n\n\n<p>Yurdun d\u00f6rt bir yan\u0131ndan Kleopatra Bisiklet Festivali&#8217;ne gelen bisiklet tutkunlar\u0131na seslenen Ba\u015fkan Se\u00e7er,&nbsp;&nbsp;<strong>&#8220;Kentimize renk katt\u0131n\u0131z. Her zaman bekleriz. Bu etkinlikler bizleri bir araya getiriyor. Bu nedenle de \u00f6nemsiyoruz&#8221;<\/strong>&nbsp;dedi.<\/p>\n\n\n\n<p><strong>&#8220;Bisiklet, son derece keyifli bir spor&#8221;<\/strong><\/p>\n\n\n\n<p>Bisiklet kullan\u0131m\u0131n\u0131n \u00f6nemine de\u011finen Ba\u015fkan Se\u00e7er,&nbsp;<strong>&#8220;Hem \u00e7evre dostu bir ula\u015f\u0131m arac\u0131 oldu\u011fu i\u00e7in hem de ger\u00e7ekten spor keyfi \u00e7ok g\u00fczel oldu\u011fu i\u00e7in kullanmam\u0131z gerekiyor.&nbsp;&nbsp;Ben en az\u0131ndan haftada bir g\u00fcn\u00fcm\u00fcn i\u00e7erisinde zaman ay\u0131rmaya \u00e7al\u0131\u015f\u0131yorum. Son derece de keyifli bir spor. Hepinizi bisiklet sporunu yapmaya davet ediyorum. Biz de bisiklet yollar\u0131 yap\u0131yoruz, daha fazlas\u0131n\u0131 yapal\u0131m&#8221;<\/strong>&nbsp;dedi.<\/p>\n\n\n\n<p>20 Ekim&#8217;de yap\u0131lacak Tarsus Yar\u0131 Maratonu&#8217;nu hat\u0131rlatarak vatanda\u015flar\u0131 davet eden Ba\u015fkan Se\u00e7er, bu t\u00fcr erkinliklerin Tarsus i\u00e7in \u00f6nemine de\u011finerek,&nbsp;<strong>&#8220;20 Ekim&#8217;de herkesi bekliyoruz. \u00d6zellikle Tarsuslu hem\u015ferilerimin de bu etkinliklere ilgi duymalar\u0131n\u0131 istiyorum. Tarsus&#8217;ta bir \u015feylerin de\u011fi\u015fti\u011fini hissetmemiz laz\u0131m. Tarsus&#8217;a; Tarsus&#8217;un d\u0131\u015f\u0131ndan hatta T\u00fcrkiye&#8217;nin d\u0131\u015f\u0131ndan ne kadar insan gelmesini sa\u011flarsak Tarsus o derece b\u00fcy\u00fcr, o derece tan\u0131nan bir kent olur, refah artar. \u0130nsanlar burada daha mutlu olur. Tarsuslular bunu \u00f6nemsemeli. Art\u0131k yeni bir anlay\u0131\u015fla d\u00f6n\u00fcp bakmal\u0131lar. D\u0131\u015fa a\u00e7\u0131lmal\u0131lar. Bu tarz etkinliklerle insanlar\u0131 buraya getirip; Tarsus&#8217;u tan\u0131tmak, tarihini, k\u00fclt\u00fcr\u00fcn\u00fc, insan\u0131n\u0131, gastronomisini anlatmak sadece belediyelerin de\u011fil, hepimizin g\u00f6revi&#8221;<\/strong>&nbsp;diye konu\u015ftu.<\/p>\n\n\n\n<p><strong>&#8220;E\u011fer bir olursak \u00fclkemizin yarar\u0131na \u00e7ok g\u00fczel i\u015fler \u00e7\u0131karabiliriz&#8221;<\/strong><\/p>\n\n\n\n<p>Bu y\u0131l festivale Tarsus Belediyesi&#8217;nin de destek verdi\u011fini s\u00f6yleyen Ba\u015fkan Se\u00e7er, i\u015f birli\u011finin \u00f6nemine de\u011finerek,&nbsp;<strong>&#8220;Biz e\u011fer bir olursak, ortak ak\u0131lla y\u00fcr\u00fcrsek; ger\u00e7ekten tek amac\u0131m\u0131z memleketimize, \u00fclkemize, milletimize yarar sa\u011flamaksa \u00e7ok g\u00fczel i\u015fler \u00e7\u0131kabilir. Bu nedenle buraday\u0131z. Bu nedenle sizlerleyiz. Burada olmaya da devam edece\u011fiz&#8221;<\/strong>&nbsp;ifadelerini kulland\u0131.<\/p>\n\n\n\n<p>Ba\u015fkan Se\u00e7er, 1-2-3 Kas\u0131m&#8217;da yap\u0131lacak Uluslararas\u0131 Tarsus Festivali&#8217;ni de hat\u0131rlatarak,&nbsp;<strong>&#8220;\u00d6nceki y\u0131llarda yapt\u0131\u011f\u0131m\u0131z festivaller \u00e7ok muhte\u015fem oldu. Uluslararas\u0131 Tarsus Festivali&#8217;nin bu y\u0131l 3.&#8217;s\u00fcn\u00fc yapaca\u011f\u0131z. \u00c7ok iyi, \u00e7ok keyifli olacak. Her ge\u00e7en y\u0131l i\u00e7eri\u011fi daha da art\u0131yor ve zenginle\u015fiyor. Bu y\u0131l Ali Ba\u015fkan\u0131m\u0131z\u0131n da bu konuda \u00f6zel \u00e7abas\u0131 var. Bizimle yine i\u015f birli\u011fi halinde olacaklar. G\u00f6receksiniz, \u00e7ok iyi bir sonu\u00e7 elde edece\u011fiz&#8221;<\/strong>&nbsp;dedi.<\/p>\n\n\n\n<p><strong>Bolta\u00e7: &#8220;Uyumla, huzurla, memnuniyetle sizler i\u00e7in \u00e7al\u0131\u015faca\u011f\u0131z&#8221;<\/strong><\/p>\n\n\n\n<p>Tarsus Belediye Ba\u015fkan\u0131 Ali Bolta\u00e7 ise konu\u015fmas\u0131nda bisikletin hem \u00e7evre hem de insan sa\u011fl\u0131\u011f\u0131na olan katk\u0131s\u0131na yer verdi. Tarsus&#8217;un bisiklet kullan\u0131m\u0131na \u00e7ok uygun bir kent oldu\u011funu s\u00f6yleyen Bolta\u00e7,&nbsp;<strong>&#8220;Her zaman her yerde karbon ayak izini azaltmak i\u00e7in hep bisiklet s\u00fcrelim, pedallar\u0131 \u00e7evirelim. Sa\u011fl\u0131kl\u0131 bir ya\u015fam, sa\u011fl\u0131kl\u0131 bir gelecek istiyorsak bisiklet toplulu\u011fumuzla beraber her zaman bir arada olaca\u011f\u0131m\u0131z\u0131n s\u00f6ylenmesini, bilinmesini istiyorum. Kentimiz bisiklet s\u00fcrmek anlam\u0131nda \u00e7ok elveri\u015fli bir kent. \u00c7ok yak\u0131\u015f\u0131kl\u0131 da\u011flar\u0131m\u0131z ve \u00e7ok da g\u00fczel bir denizimiz var. Ama maalesef \u00fcz\u00fclerek s\u00f6yl\u00fcyorum ki bunu karbon sal\u0131n\u0131m\u0131yla kirletmeye \u00e7ok meyilli bir kentiz. Ama hep birlikte bunu a\u015faca\u011f\u0131z. G\u00fczel i\u015fler ba\u015faraca\u011f\u0131z. Ben Mersin B\u00fcy\u00fck\u015fehir Belediye Ba\u015fkan\u0131m\u0131za 3. Kleopatra Bisiklet Festivali&#8217;nden dolay\u0131 te\u015fekk\u00fcr ediyorum. Biz de elimizden geldi\u011fince destek olmaya \u00e7al\u0131\u015f\u0131yoruz. Uyumla, huzurla, memnuniyetle sizler i\u00e7in \u00e7al\u0131\u015faca\u011f\u0131z&#8221;<\/strong>&nbsp;diye konu\u015ftu.<\/p>\n\n\n\n<p><strong>Dr. Cerraho\u011flu: &#8220;Yerel y\u00f6netimimiz her zaman yan\u0131m\u0131zda&#8221;<\/strong><\/p>\n\n\n\n<p>Festivalde Tarsus Bisiklet Toplulu\u011fu ad\u0131na konu\u015fan Dr. Ali Cerraho\u011flu da bisikletli ya\u015fam\u0131n \u00f6nemine ve g\u00fczelliklerine de\u011findi. Toplumda bisiklet kullan\u0131m\u0131n\u0131n yayg\u0131nla\u015fmas\u0131 ad\u0131na Mersin B\u00fcy\u00fck\u015fehir Belediyesi ile Tarsus Belediyesi&#8217;nin \u00f6nemli destekleri oldu\u011funu vurgulayarak,&nbsp;<strong>&#8220;Sa\u011fl\u0131kl\u0131, \u00e7evre dostu bir ula\u015f\u0131m \u015fekli olan bisikleti Tarsus&#8217;ta yayg\u0131nla\u015ft\u0131rmay\u0131 ba\u015faraca\u011f\u0131z. Sizler buna \u00e7ok g\u00fczel birer \u00f6rnek oluyorsunuz. Yerel y\u00f6netimimiz her zaman yan\u0131m\u0131zda. B\u00fcy\u00fck\u015fehir Belediye Ba\u015fkan\u0131m\u0131z Say\u0131n Vahap Se\u00e7er&#8217;e ve Tarsus Belediye Ba\u015fkan\u0131m\u0131z Ali Bolta\u00e7&#8217;a \u00e7ok te\u015fekk\u00fcr ediyoruz. Kendileri de bisiklet kullanarak her zaman yan\u0131m\u0131zda oldular, her zaman \u00f6nc\u00fcs\u00fc oldular&#8221;<\/strong>&nbsp;dedi.<\/p>\n\n\n\n<p><strong>Ta\u015f: &#8220;Kendi belediye ba\u015fkanlar\u0131m\u0131zdan da b\u00f6yle etkinlik bekliyoruz&#8221;<\/strong><\/p>\n\n\n\n<p>Kleopatra Bisiklet Festivali&#8217;ne Bal\u0131kesir Edremit&#8217;ten gelen Meral Ta\u015f,&nbsp;<strong>&#8220;Bu g\u00fczel organizasyon i\u00e7in Vahap Bey&#8217;e ve Ali Bey&#8217;e \u00e7ok te\u015fekk\u00fcr ediyoruz. Bizim kendi belediye ba\u015fkanlar\u0131m\u0131zdan da b\u00f6yle bir etkinlik bekliyoruz&#8221;&nbsp;<\/strong>dedi. Tarsus&#8217;u \u00e7ok be\u011fendi\u011fini kaydeden Ta\u015f,&nbsp;<strong>&#8220;Tarsus&#8217;a hi\u00e7 gelmemi\u015ftim. \u00c7ok be\u011fendim. \u00c7ok g\u00fczel tarih turu yapt\u0131k&#8221;<\/strong>&nbsp;diye konu\u015ftu.<\/p>\n\n\n\n<p><strong>\u00c7uhac\u0131: &#8220;Bisiklet bir k\u00fclt\u00fcr&#8221;<\/strong><\/p>\n\n\n\n<p>Kemal \u00c7uhac\u0131 da hem festivali hem de Tarsus&#8217;u \u00e7ok be\u011fenen kat\u0131l\u0131mc\u0131lardan. \u00c7uhac\u0131, duygu ve d\u00fc\u015f\u00fcncelerini,&nbsp;<strong>&#8220;Tarsus&#8217;a ilk defa geldim ve \u00e7ok be\u011fendim. Tarsus&#8217;un b\u00f6yle bir medeniyet \u015fehri oldu\u011funu ya\u015fayarak \u00f6\u011frendim. M\u00fckemmel bir \u015fehir&#8221;<\/strong>&nbsp;c\u00fcmleleriyle anlatt\u0131. Bisiklet kullan\u0131m\u0131n\u0131n \u00f6nemine de\u011finen \u00c7uhac\u0131,&nbsp;<strong>&#8220;Bu bir k\u00fclt\u00fcr. Sa\u011fl\u0131k i\u00e7in gerekli. 7&#8217;den 77&#8217;ye herkesin sa\u011fl\u0131k i\u00e7in bisiklete binmesini \u00f6neriyorum&#8221;<\/strong>&nbsp;dedi.<\/p>\n","protected":false},"excerpt":{"rendered":"<p>Mersin B\u00fcy\u00fck\u015fehir Belediye Ba\u015fkan\u0131 Vahap Se\u00e7er, Tarsus Belediye Ba\u015fkan\u0131 Ali Bolta\u00e7 ile birlikte Mersin B\u00fcy\u00fck\u015fehir Belediyesi, Tarsus Belediyesi ve Tarsus Bisiklet Toplulu\u011fu i\u015f birli\u011finde 4-5-6 Ekim tarihlerini kapsayan&nbsp;&#8216;3. Kleopatra Bisiklet Festivali&#8217;nin a\u00e7\u0131l\u0131\u015f t\u00f6renine kat\u0131l\u0131m sa\u011flad\u0131. Ba\u015fkan Se\u00e7er&#8217;in start\u0131n\u0131n ard\u0131ndan bisikletlerle tarihi Kleopatra Kap\u0131s\u0131&#8217;ndan ge\u00e7ildi. Ba\u015fkan Se\u00e7er ve Ba\u015fkan Bolta\u00e7; festival kapsam\u0131nda bisikletlilerle birlikte Tarsus \u015fehir [&hellip;]<\/p>\n","protected":false},"author":2,"featured_media":35754,"comment_status":"closed","ping_status":"closed","sticky":false,"template":"","format":"standard","meta":{"footnotes":""},"categories":[7,3,10],"tags":[],"class_list":["post-35753","post","type-post","status-publish","format-standard","has-post-thumbnail","hentry","category-dunya","category-manset","category-spor"],"views":6,"_links":{"self":[{"href":"https:\/\/mersinkadingazetesi.com\/index.php?rest_route=\/wp\/v2\/posts\/35753"}],"collection":[{"href":"https:\/\/mersinkadingazetesi.com\/index.php?rest_route=\/wp\/v2\/posts"}],"about":[{"href":"https:\/\/mersinkadingazetesi.com\/index.php?rest_route=\/wp\/v2\/types\/post"}],"author":[{"embeddable":true,"href":"https:\/\/mersinkadingazetesi.com\/index.php?rest_route=\/wp\/v2\/users\/2"}],"replies":[{"embeddable":true,"href":"https:\/\/mersinkadingazetesi.com\/index.php?rest_route=%2Fwp%2Fv2%2Fcomments&post=35753"}],"version-history":[{"count":1,"href":"https:\/\/mersinkadingazetesi.com\/index.php?rest_route=\/wp\/v2\/posts\/35753\/revisions"}],"predecessor-version":[{"id":35755,"href":"https:\/\/mersinkadingazetesi.com\/index.php?rest_route=\/wp\/v2\/posts\/35753\/revisions\/35755"}],"wp:featuredmedia":[{"embeddable":true,"href":"https:\/\/mersinkadingazetesi.com\/index.php?rest_route=\/wp\/v2\/media\/35754"}],"wp:attachment":[{"href":"https:\/\/mersinkadingazetesi.com\/index.php?rest_route=%2Fwp%2Fv2%2Fmedia&parent=35753"}],"wp:term":[{"taxonomy":"category","embeddable":true,"href":"https:\/\/mersinkadingazetesi.com\/index.php?rest_route=%2Fwp%2Fv2%2Fcategories&post=35753"},{"taxonomy":"post_tag","embeddable":true,"href":"https:\/\/mersinkadingazetesi.com\/index.php?rest_route=%2Fwp%2Fv2%2Ftags&post=35753"}],"curies":[{"name":"wp","href":"https:\/\/api.w.org\/{rel}","templated":true}]}}