{"id":35771,"date":"2024-10-06T09:35:18","date_gmt":"2024-10-06T06:35:18","guid":{"rendered":"https:\/\/mersinkadingazetesi.com\/?p=35771"},"modified":"2024-10-06T09:35:19","modified_gmt":"2024-10-06T06:35:19","slug":"baskan-yildiz-sehrimize-hep-birlikte-sahip-cikalim","status":"publish","type":"post","link":"https:\/\/mersinkadingazetesi.com\/?p=35771","title":{"rendered":"BA\u015eKAN YILDIZ, &#8220;\u015eEHR\u0130M\u0130ZE HEP B\u0130RL\u0130KTE SAH\u0130P \u00c7IKALIM&#8221;"},"content":{"rendered":"\n<p>\u00c7evre temizli\u011fine dikkat \u00e7ekmeyi ve daha ya\u015fanabilir bir kent olu\u015fturmay\u0131 hedefleyen Toroslar Belediye Ba\u015fkan\u0131 Abdurrahman Y\u0131ld\u0131z&#8217;\u0131n g\u00f6reve gelir gelmez ba\u015flatt\u0131\u011f\u0131 &#8220;Mahallede Temizlik Var&#8221; Kampanyas\u0131, 11&#8217;inci haftas\u0131nda Sa\u011fl\u0131k Mahallesi&#8217;nde devam etti.<\/p>\n\n\n\n<p>Sabah\u0131n erken saatlerinde belediye ba\u015fkan yard\u0131mc\u0131lar\u0131, meclis \u00fcyeleri, sivil toplum kurulu\u015flar\u0131n\u0131n temsilcileri ve mahalle sakinleri ile bulu\u015fan Ba\u015fkan Y\u0131ld\u0131z, &#8220;Halk\u0131m\u0131zla beraber ya\u015fam alanlar\u0131m\u0131z daha temiz ve g\u00fczel oluyor. \u015eehrimize hep birlikte sahip \u00e7\u0131kal\u0131m&#8221; dedi.<\/p>\n\n\n\n<p>Mahalleli ve esnaftan b\u00fcy\u00fck ilgi g\u00f6ren kampanyaya Sa\u011fl\u0131k Mahallesi&#8217;nde de yo\u011fun kat\u0131l\u0131m oldu. Temizlik g\u00f6n\u00fcll\u00fcleri, bo\u015f arsalar\u0131, sokaklar\u0131 temizledi, \u00e7\u00f6pleri toplad\u0131.<\/p>\n\n\n\n<p><strong>&#8220;TOPLUMSAL DUYARLILI\u011eIN ARTIRILMASI ADINA BU ETK\u0130NL\u0130K \u00d6NEML\u0130 SONU\u00c7LAR VERMEYE BA\u015eLADI&#8221;<\/strong><\/p>\n\n\n\n<p>Toroslar Belediye Ba\u015fkan\u0131 Abdurrahman Y\u0131ld\u0131z, temizlik \u00e7al\u0131\u015fmas\u0131n\u0131n ard\u0131ndan bir a\u00e7\u0131klama yaparak, &#8220;Her birimizin temizlik al\u0131\u015fkanl\u0131klar\u0131n\u0131 de\u011fi\u015ftirmek ve yeni hassasiyetler yaratmak ad\u0131na ba\u015flatm\u0131\u015f oldu\u011fumuz bu kampanyam\u0131za halk\u0131m\u0131z\u0131n kulak vermesini istiyorum&#8221; dedi.<\/p>\n\n\n\n<p>Mahalle&#8217;de Temizlik Var Kampanyas\u0131&#8217;n\u0131n 11&#8217;incisini Toroslar&#8217;\u0131n en merkezi ve eski mahallerinden biri olan Sa\u011fl\u0131k Mahallesi&#8217;nde ger\u00e7ekle\u015ftirdiklerinin bilgisini veren Ba\u015fkan Y\u0131ld\u0131z, &#8220;Bu kampanyam\u0131z ile halk\u0131m\u0131z art\u0131k temiz olman\u0131n kirletmemek oldu\u011funu anlamaya ba\u015flad\u0131. \u00d6zellikle bu tarz eski yerle\u015fim yerlerinde, bo\u015f parsellerin bulundu\u011fu alanlar\u0131 temiz tutmak belediyemiz a\u00e7\u0131s\u0131ndan ciddi bir sorun te\u015fkil ediyor. E\u011fer \u00e7\u00f6plerimizi konteynerlere b\u0131rakmazsak, ekmek at\u0131klar\u0131n\u0131 do\u011fru yerde depolay\u0131p do\u011fru yerde istiflemezsek bir s\u00fcre sonra r\u00fczgar\u0131n ve sokak hayvanlar\u0131n\u0131n etkisiyle savrulabiliyor. Her birimizin temizlik al\u0131\u015fkanl\u0131klar\u0131n\u0131 de\u011fi\u015ftirmesi ve yeni hassasiyetler yaratmak ad\u0131na bu kampanyam\u0131za halk\u0131m\u0131z\u0131n kulak vermesini istiyorum&#8221; dedi.<\/p>\n\n\n\n<p><strong>&#8220;C\u0130DD\u0130 MESAFE KAT ETT\u0130K&#8221;<\/strong><\/p>\n\n\n\n<p>&#8220;Toroslar,&nbsp; 1 Nisan&#8217;dan itibaren ba\u015fka bir vakti \u00e7al\u0131\u015ft\u0131r\u0131yor, ba\u015fka bir saat i\u015fliyor burada&#8221; diyen Ba\u015fkan Y\u0131ld\u0131z; &#8220;Bu yeni saatte, bu yeni vakitte Toroslar&#8217;\u0131n ba\u015fta temizlik meselesi olmak \u00fczere b\u00fct\u00fcn standart belediyecilik sorunlar\u0131n\u0131 biz \u00f6n\u00fcm\u00fczdeki bir y\u0131l i\u00e7erisinde \u00e7\u00f6zece\u011fimizi s\u00f6ylemi\u015ftik. Gerek alet edevatlar\u0131m\u0131z, gerekse personelimiz konusunda ciddi mesafe kat ettik. Bu kampanyaya kat\u0131lan ba\u015fkan yard\u0131mc\u0131lar\u0131m\u0131z, belediye meclis \u00fcyelerimiz, muhtarlar\u0131m\u0131z ve halk\u0131m\u0131z, hassasiyetin olu\u015fmas\u0131 konusunda da bizlere ciddi katk\u0131lar\u0131 oldu. Temiz kalman\u0131n ko\u015fulunun kirletmemekten ge\u00e7ti\u011fini yeniden hat\u0131rlatarak Toroslar halk\u0131m\u0131za te\u015fekk\u00fcr ediyorum&#8221; diye konu\u015ftu.<\/p>\n\n\n\n<p><strong>MUHTAR \u015eEN, &#8220;BA\u015eKANIMIZA ve EK\u0130B\u0130NE TE\u015eEKK\u00dcR ED\u0130YORUM&#8221;<\/strong><\/p>\n\n\n\n<p>Sa\u011fl\u0131k Mahallesi Muhtar\u0131 Ay\u015fe \u015een de Temizlik Kampanyas\u0131n\u0131n Toroslar&#8217;da etkili olaca\u011f\u0131n\u0131 kaydederek, &#8220;Ba\u015fkan\u0131m\u0131z Abdurrahman Y\u0131ld\u0131z&#8217;a ve ekibine bu kampanyay\u0131 d\u00fczenledi\u011fi i\u00e7in te\u015fekk\u00fcr ediyorum. Vatanda\u015flar\u0131m\u0131z\u0131n da temizlik konusunda daha duyarl\u0131 olmalar\u0131n\u0131 ve bu \u00e7al\u0131\u015fmalara destek vermelerini istiyorum&#8221; ifadelerini kulland\u0131.<\/p>\n","protected":false},"excerpt":{"rendered":"<p>\u00c7evre temizli\u011fine dikkat \u00e7ekmeyi ve daha ya\u015fanabilir bir kent olu\u015fturmay\u0131 hedefleyen Toroslar Belediye Ba\u015fkan\u0131 Abdurrahman Y\u0131ld\u0131z&#8217;\u0131n g\u00f6reve gelir gelmez ba\u015flatt\u0131\u011f\u0131 &#8220;Mahallede Temizlik Var&#8221; Kampanyas\u0131, 11&#8217;inci haftas\u0131nda Sa\u011fl\u0131k Mahallesi&#8217;nde devam etti. Sabah\u0131n erken saatlerinde belediye ba\u015fkan yard\u0131mc\u0131lar\u0131, meclis \u00fcyeleri, sivil toplum kurulu\u015flar\u0131n\u0131n temsilcileri ve mahalle sakinleri ile bulu\u015fan Ba\u015fkan Y\u0131ld\u0131z, &#8220;Halk\u0131m\u0131zla beraber ya\u015fam alanlar\u0131m\u0131z daha temiz [&hellip;]<\/p>\n","protected":false},"author":2,"featured_media":35772,"comment_status":"closed","ping_status":"closed","sticky":false,"template":"","format":"standard","meta":{"footnotes":""},"categories":[3,9],"tags":[],"class_list":["post-35771","post","type-post","status-publish","format-standard","has-post-thumbnail","hentry","category-manset","category-saglik"],"views":9,"_links":{"self":[{"href":"https:\/\/mersinkadingazetesi.com\/index.php?rest_route=\/wp\/v2\/posts\/35771"}],"collection":[{"href":"https:\/\/mersinkadingazetesi.com\/index.php?rest_route=\/wp\/v2\/posts"}],"about":[{"href":"https:\/\/mersinkadingazetesi.com\/index.php?rest_route=\/wp\/v2\/types\/post"}],"author":[{"embeddable":true,"href":"https:\/\/mersinkadingazetesi.com\/index.php?rest_route=\/wp\/v2\/users\/2"}],"replies":[{"embeddable":true,"href":"https:\/\/mersinkadingazetesi.com\/index.php?rest_route=%2Fwp%2Fv2%2Fcomments&post=35771"}],"version-history":[{"count":1,"href":"https:\/\/mersinkadingazetesi.com\/index.php?rest_route=\/wp\/v2\/posts\/35771\/revisions"}],"predecessor-version":[{"id":35773,"href":"https:\/\/mersinkadingazetesi.com\/index.php?rest_route=\/wp\/v2\/posts\/35771\/revisions\/35773"}],"wp:featuredmedia":[{"embeddable":true,"href":"https:\/\/mersinkadingazetesi.com\/index.php?rest_route=\/wp\/v2\/media\/35772"}],"wp:attachment":[{"href":"https:\/\/mersinkadingazetesi.com\/index.php?rest_route=%2Fwp%2Fv2%2Fmedia&parent=35771"}],"wp:term":[{"taxonomy":"category","embeddable":true,"href":"https:\/\/mersinkadingazetesi.com\/index.php?rest_route=%2Fwp%2Fv2%2Fcategories&post=35771"},{"taxonomy":"post_tag","embeddable":true,"href":"https:\/\/mersinkadingazetesi.com\/index.php?rest_route=%2Fwp%2Fv2%2Ftags&post=35771"}],"curies":[{"name":"wp","href":"https:\/\/api.w.org\/{rel}","templated":true}]}}