{"id":35796,"date":"2024-10-07T11:31:55","date_gmt":"2024-10-07T08:31:55","guid":{"rendered":"https:\/\/mersinkadingazetesi.com\/?p=35796"},"modified":"2024-10-07T11:31:56","modified_gmt":"2024-10-07T08:31:56","slug":"ekmenden-ak-parti-milletvekillerine-zor-soru-mevcut-egitimden-memnun-musunuz","status":"publish","type":"post","link":"https:\/\/mersinkadingazetesi.com\/?p=35796","title":{"rendered":"EKMEN\u2019DEN AK PART\u0130 M\u0130LLETVEK\u0130LLER\u0130NE ZOR SORU: MEVCUT E\u011e\u0130T\u0130MDEN MEMNUN MUSUNUZ?"},"content":{"rendered":"\n<p><strong>DEVA Parti Genel Ba\u015fkan Yard\u0131mc\u0131s\u0131 Mehmet Emin Ekmen, TBMM Genel Kurulu\u2019nda \u00d6\u011fretmenlik Meslek Kanun Teklifi ile ilgili konu\u015ftu.<\/strong><\/p>\n\n\n\n<p><strong>E\u011fitimde ya\u015fanan sorunlara dikkati \u00e7eken Ekmen, uyu\u015fturucu kullan\u0131m\u0131n\u0131n orta\u00f6\u011fretime d\u00fc\u015ft\u00fc\u011f\u00fcn\u00fc, bir\u00e7ok ilde \u00f6\u011fretmen a\u00e7\u0131\u011f\u0131n\u0131n oldu\u011funun alt\u0131n\u0131 \u00e7izdi. Kendisinin de \u00fc\u00e7 evlad\u0131n\u0131 da milli e\u011fitim okullar\u0131nda okutmu\u015f bir veli oldu\u011funu belirten Ekmen, iktidar partisi milletvekillerine e\u011fitimin d\u00f6rt temel payda\u015f\u0131 olan \u00f6\u011frencinin \u00f6\u011fretmenin ailenin ve ister kamu ister \u00f6zel sekt\u00f6r olsun mevcut e\u011fitimden memnun olup olmad\u0131\u011f\u0131n\u0131n sorgulanmas\u0131 gerekti\u011fini s\u00f6yledi.<\/strong><strong><\/strong><\/p>\n\n\n\n<p>DEVA Partisi Genel Ba\u015fkan Yard\u0131mc\u0131s\u0131 ve Mersin Milletvekili Mehmet Emin Ekmen, TBMM Plan ve B\u00fct\u00e7e Komisyonu\u2019nda sunum yapan Merkez Bankas\u0131 Ba\u015fkan\u0131 Fatih Karahan\u2019a vatanda\u015f\u0131n ve devletin s\u0131rt\u0131nda a\u011f\u0131r bir y\u00fck olu\u015fturan Kur Korumal\u0131 Mevduat (KKM) sistemiyle ilgili sorular y\u00f6neltti.<\/p>\n\n\n\n<p>KKM\u2019YE SON VERMEMEKTE NEDEN ISRAR ED\u0130YORSUNUZ!<\/p>\n\n\n\n<p>Ekmen hem piyasalar\u0131n hem de toplumun g\u00fcvenin ancak \u015feffafl\u0131kla m\u00fcmk\u00fcn oldu\u011funa dikkati \u00e7ekerek, \u201c21 Aral\u0131k 2021 tarihinde ba\u015flayan, elli d\u00f6rt y\u0131l \u00f6nce denenmi\u015f, rahmetli Turgut \u00d6zal&#8217;\u0131n bu modele son verirken \u2018kendilerini ak\u0131ll\u0131, uyan\u0131k salanlar b\u00f6yle bir yol buldular. Halbuki bilgisizli\u011fin vesikas\u0131. \u0130n\u015fallah sonraki iktidarlar ders al\u0131r\u2019 ifadelerini kulland\u0131\u011f\u0131 kur korumal\u0131 mevduat modelinin a\u011f\u0131rl\u0131\u011f\u0131n\u0131n sistemde azald\u0131\u011f\u0131n\u0131 belirttiniz ama buna kati bir \u015fekilde son vermemekte neden \u0131srar ediyorsunuz\u201d ifadelerini kulland\u0131.<\/p>\n\n\n\n<p>\u00d6DENEN FA\u0130Z M\u0130KTARI NED\u0130R?<\/p>\n\n\n\n<p>Ekmen konu\u015fmas\u0131n\u0131n devam\u0131nda Merkez Bankas\u0131 Ba\u015fkan\u0131 Fatih Karahan\u2019a kur korumal\u0131 mevduat sistemiyle ilgili \u015fu sorular\u0131 y\u00f6neltti; \u201cBu model nedeniyle 21 Aral\u0131k 2001 tarihinden bu yana Hazine ve Merkez Bankas\u0131 arac\u0131l\u0131\u011f\u0131yla \u00f6denen toplam faiz miktar\u0131 nedir? Hi\u00e7bir \u015feffaf ve a\u00e7\u0131k verinin a\u00e7\u0131k kaynaklarda olmad\u0131\u011f\u0131 bu hususta Ba\u015fkanl\u0131\u011f\u0131n\u0131z \u015feffaf davranarak bu maliyeti a\u00e7\u0131klamay\u0131 d\u00fc\u015f\u00fcn\u00fcr m\u00fc acaba? Tarihin en b\u00fcy\u00fck servet transferi olarak adland\u0131r\u0131lan bu model nedeniyle yap\u0131lan \u00f6deme ve zorunlu para basma durumunun enflasyona etkisi ve i\u00e7inde bulundu\u011fumuz ekonomik duruma maliyeti hakk\u0131ndaki kanaatlerinizi payla\u015fabilir misiniz?\u201d<\/p>\n","protected":false},"excerpt":{"rendered":"<p>DEVA Parti Genel Ba\u015fkan Yard\u0131mc\u0131s\u0131 Mehmet Emin Ekmen, TBMM Genel Kurulu\u2019nda \u00d6\u011fretmenlik Meslek Kanun Teklifi ile ilgili konu\u015ftu. E\u011fitimde ya\u015fanan sorunlara dikkati \u00e7eken Ekmen, uyu\u015fturucu kullan\u0131m\u0131n\u0131n orta\u00f6\u011fretime d\u00fc\u015ft\u00fc\u011f\u00fcn\u00fc, bir\u00e7ok ilde \u00f6\u011fretmen a\u00e7\u0131\u011f\u0131n\u0131n oldu\u011funun alt\u0131n\u0131 \u00e7izdi. Kendisinin de \u00fc\u00e7 evlad\u0131n\u0131 da milli e\u011fitim okullar\u0131nda okutmu\u015f bir veli oldu\u011funu belirten Ekmen, iktidar partisi milletvekillerine e\u011fitimin d\u00f6rt temel [&hellip;]<\/p>\n","protected":false},"author":2,"featured_media":35797,"comment_status":"closed","ping_status":"closed","sticky":false,"template":"","format":"standard","meta":{"footnotes":""},"categories":[3,6],"tags":[],"class_list":["post-35796","post","type-post","status-publish","format-standard","has-post-thumbnail","hentry","category-manset","category-siyaset-2"],"views":6,"_links":{"self":[{"href":"https:\/\/mersinkadingazetesi.com\/index.php?rest_route=\/wp\/v2\/posts\/35796"}],"collection":[{"href":"https:\/\/mersinkadingazetesi.com\/index.php?rest_route=\/wp\/v2\/posts"}],"about":[{"href":"https:\/\/mersinkadingazetesi.com\/index.php?rest_route=\/wp\/v2\/types\/post"}],"author":[{"embeddable":true,"href":"https:\/\/mersinkadingazetesi.com\/index.php?rest_route=\/wp\/v2\/users\/2"}],"replies":[{"embeddable":true,"href":"https:\/\/mersinkadingazetesi.com\/index.php?rest_route=%2Fwp%2Fv2%2Fcomments&post=35796"}],"version-history":[{"count":1,"href":"https:\/\/mersinkadingazetesi.com\/index.php?rest_route=\/wp\/v2\/posts\/35796\/revisions"}],"predecessor-version":[{"id":35798,"href":"https:\/\/mersinkadingazetesi.com\/index.php?rest_route=\/wp\/v2\/posts\/35796\/revisions\/35798"}],"wp:featuredmedia":[{"embeddable":true,"href":"https:\/\/mersinkadingazetesi.com\/index.php?rest_route=\/wp\/v2\/media\/35797"}],"wp:attachment":[{"href":"https:\/\/mersinkadingazetesi.com\/index.php?rest_route=%2Fwp%2Fv2%2Fmedia&parent=35796"}],"wp:term":[{"taxonomy":"category","embeddable":true,"href":"https:\/\/mersinkadingazetesi.com\/index.php?rest_route=%2Fwp%2Fv2%2Fcategories&post=35796"},{"taxonomy":"post_tag","embeddable":true,"href":"https:\/\/mersinkadingazetesi.com\/index.php?rest_route=%2Fwp%2Fv2%2Ftags&post=35796"}],"curies":[{"name":"wp","href":"https:\/\/api.w.org\/{rel}","templated":true}]}}