{"id":35812,"date":"2024-10-07T16:14:40","date_gmt":"2024-10-07T13:14:40","guid":{"rendered":"https:\/\/mersinkadingazetesi.com\/?p=35812"},"modified":"2024-10-07T16:14:41","modified_gmt":"2024-10-07T13:14:41","slug":"baskan-boltac-kadina-uretime-ve-saglikli-tuketime-destegimiz-hep-surecek","status":"publish","type":"post","link":"https:\/\/mersinkadingazetesi.com\/?p=35812","title":{"rendered":"BA\u015eKAN BOLTA\u00c7 &#8221; KADINA, \u00dcRET\u0130ME VE SA\u011eLIKLI T\u00dcKET\u0130ME DESTE\u011e\u0130M\u0130Z HEP S\u00dcRECEK&#8221;"},"content":{"rendered":"\n<p>D\u00fcnyan\u0131n en \u00f6nemli pazarlar\u0131ndan biri olan ve tek plastiksiz pazar olma \u00f6zelli\u011fi ta\u015f\u0131yan Slow Food Yery\u00fcz\u00fc Pazar\u0131 Tarsus&#8217;ta Kubatpa\u015fa medresesi \u00f6n\u00fcnde yeniden kuruldu.<\/p>\n\n\n\n<p>Slow Food Hareketi \u00f6nc\u00fcl\u00fc\u011f\u00fcnde kurulan d\u00fcnyada alt\u0131 pazardan biri olan ve y\u00fczde 80\u2019i kad\u0131nlardan olu\u015fan Tarsus Yery\u00fcz\u00fc Pazar\u0131\u2019nda \u00fcreticiler plastiksiz, temiz ve \u00e7evre dostu \u00fcr\u00fcnlerini t\u00fcketiciye sunuyor.<\/p>\n\n\n\n<p>Her y\u0131l ekim-haziran aras\u0131 kurulan pazar\u0131n yeni sezon a\u00e7\u0131l\u0131\u015f\u0131nda Tarsus Belediye Ba\u015fkan\u0131 Ali Bolta\u00e7 da haz\u0131r bulundu. \u00dcreticilerin stantlar\u0131n\u0131 tek tek ziyaret eden Ba\u015fkan Bolta\u00e7; &#8220;kad\u0131na, \u00fcretime ve sa\u011fl\u0131kl\u0131 t\u00fcketime deste\u011fimiz hep s\u00fcrecek&#8221; dedi.<\/p>\n\n\n\n<p>BOLTA\u00c7 &#8220;TARSUS&#8217;UN GELECE\u011e\u0130 \u0130\u00c7\u0130N \u00d6NEML\u0130 B\u0130R ADIM&#8221;<\/p>\n\n\n\n<p>Sezon a\u00e7\u0131l\u0131\u015f\u0131nda pazar\u0131 gezen Ba\u015fkan Ali Bolta\u00e7, \u00fcreticilerin emeklerini takdir etti\u011fini belirterek, &#8220;Slow Food Yery\u00fcz\u00fc Pazar\u0131, Tarsus\u2019un yerel \u00fcreticilerini ve tar\u0131msal de\u011ferlerini korumak i\u00e7in b\u00fcy\u00fck bir f\u0131rsat. Biz de belediye olarak bu pazara ve \u00fcreticilerimize her t\u00fcrl\u00fc deste\u011fi sunmaya devam edece\u011fiz. Do\u011fal ve s\u00fcrd\u00fcr\u00fclebilir tar\u0131m Tarsus\u2019un gelece\u011fi i\u00e7in \u00f6nemli bir ad\u0131m&#8221; dedi.<\/p>\n\n\n\n<p>LOKMANO\u011eLU &#8220;\u00dcLKEM\u0130Z\u0130N PLAST\u0130KS\u0130Z \u0130LK PAZARI&#8221;<\/p>\n\n\n\n<p>Tarsus Slow Food Yery\u00fcz\u00fc Pazar\u0131&#8217;n\u0131n yapt\u0131\u011f\u0131 \u00e7al\u0131\u015fmalarla \u00e7ok k\u0131sa s\u00fcrede kendini ispatlad\u0131\u011f\u0131n\u0131 ve Uluslararas\u0131 Slow Food a\u011f\u0131 taraf\u0131ndan &#8216;T\u00fcrkiye&#8217;nin En lyi Pazar\u0131&#8217; se\u00e7ildi\u011fini kaydeden Tarsus Slow Food Yery\u00fcz\u00fc Pazar\u0131 Derne\u011fi Ba\u015fkan\u0131 Yasmina \u015eelfun Lokmano\u011flu; \u201cSon 1 y\u0131ld\u0131r uygulad\u0131\u011f\u0131m\u0131z proje sayesinde pazar\u0131m\u0131zda art\u0131k s\u0131f\u0131r plastik kullan\u0131m\u0131 s\u00f6z konusu. Projemizi pazar\u0131n her a\u015famas\u0131nda hayata ge\u00e7irmi\u015f durumday\u0131z. Yapt\u0131\u011f\u0131m\u0131z kontrol mekanizmas\u0131, bilgilendirme ve fark\u0131ndal\u0131k \u00e7al\u0131\u015fmalar\u0131 sayesinde \u00fcreticimiz bilin\u00e7li. \u00dcr\u00fcnlerin \u00fcretim, sunum ve sat\u0131\u015f esnas\u0131nda pazar\u0131m\u0131zda hi\u00e7 plastik olmamas\u0131 bize \u00fclkemizin plastiksiz garantili ilk pazar\u0131 olma \u00f6zelli\u011fini kazand\u0131rd\u0131&#8221; dedi.<\/p>\n\n\n\n<p>\u0130K\u0130 HAFTADA B\u0130R PAZAR G\u00dcNLER\u0130 KURULUYOR<\/p>\n\n\n\n<p>Slow Food Yery\u00fcz\u00fc Pazar\u0131 iki haftada bir pazar g\u00fcnleri Kubatpa\u015fa Medresesi \u00f6n\u00fcnde kuruluyor ve yerel halk\u0131n do\u011fal \u00fcr\u00fcnlere ula\u015fmas\u0131n\u0131 sa\u011fl\u0131yor. B\u00f6lgedeki \u00e7ift\u00e7iler ve k\u00fc\u00e7\u00fck \u00f6l\u00e7ekli \u00fcreticiler, bu pazarda geleneksel y\u00f6ntemlerle \u00fcrettikleri sebze, meyve, zeytin, peynir, bal ve el yap\u0131m\u0131 bir\u00e7ok \u00fcr\u00fcn\u00fc do\u011frudan t\u00fcketiciye sunuyor. Pazarda yer alan t\u00fcm \u00fcr\u00fcnler, kimyasal katk\u0131 maddesi kullan\u0131lmadan do\u011fal yollarla \u00fcretiliyor.<\/p>\n\n\n\n<p>YEREL LEZZETLERLE K\u00dcLT\u00dcREL M\u0130RAS KORUNUYOR<\/p>\n\n\n\n<p>Pazar\u0131n bir di\u011fer \u00f6nemli misyonu, yerel mutfa\u011f\u0131 ve unutulmaya y\u00fcz tutmu\u015f lezzetleri yeniden canland\u0131rmak. Tarsus\u2019a \u00f6zg\u00fc pek \u00e7ok geleneksel \u00fcr\u00fcn bu pazarda sergileniyor. Yerel halk\u0131n yan\u0131 s\u0131ra d\u0131\u015far\u0131dan gelen ziyaret\u00e7iler de bu lezzetlere yo\u011fun ilgi g\u00f6steriyor. B\u00f6ylece hem yerel \u00fcreticiler destekleniyor hem de Tarsus\u2019un k\u00fclt\u00fcrel miras\u0131 korunarak gelecek nesillere aktar\u0131l\u0131yor.<\/p>\n\n\n\n<p>Slow Food Yery\u00fcz\u00fc Pazar\u0131, yeni sezonda da Tarsus\u2019un yerel \u00fcreticilerini desteklemeye ve do\u011fal \u00fcr\u00fcnleri t\u00fcketiciyle bulu\u015fturmaya devam edecek.<\/p>\n","protected":false},"excerpt":{"rendered":"<p>D\u00fcnyan\u0131n en \u00f6nemli pazarlar\u0131ndan biri olan ve tek plastiksiz pazar olma \u00f6zelli\u011fi ta\u015f\u0131yan Slow Food Yery\u00fcz\u00fc Pazar\u0131 Tarsus&#8217;ta Kubatpa\u015fa medresesi \u00f6n\u00fcnde yeniden kuruldu. Slow Food Hareketi \u00f6nc\u00fcl\u00fc\u011f\u00fcnde kurulan d\u00fcnyada alt\u0131 pazardan biri olan ve y\u00fczde 80\u2019i kad\u0131nlardan olu\u015fan Tarsus Yery\u00fcz\u00fc Pazar\u0131\u2019nda \u00fcreticiler plastiksiz, temiz ve \u00e7evre dostu \u00fcr\u00fcnlerini t\u00fcketiciye sunuyor. Her y\u0131l ekim-haziran aras\u0131 kurulan [&hellip;]<\/p>\n","protected":false},"author":2,"featured_media":35813,"comment_status":"closed","ping_status":"closed","sticky":false,"template":"","format":"standard","meta":{"footnotes":""},"categories":[3],"tags":[],"class_list":["post-35812","post","type-post","status-publish","format-standard","has-post-thumbnail","hentry","category-manset"],"views":7,"_links":{"self":[{"href":"https:\/\/mersinkadingazetesi.com\/index.php?rest_route=\/wp\/v2\/posts\/35812"}],"collection":[{"href":"https:\/\/mersinkadingazetesi.com\/index.php?rest_route=\/wp\/v2\/posts"}],"about":[{"href":"https:\/\/mersinkadingazetesi.com\/index.php?rest_route=\/wp\/v2\/types\/post"}],"author":[{"embeddable":true,"href":"https:\/\/mersinkadingazetesi.com\/index.php?rest_route=\/wp\/v2\/users\/2"}],"replies":[{"embeddable":true,"href":"https:\/\/mersinkadingazetesi.com\/index.php?rest_route=%2Fwp%2Fv2%2Fcomments&post=35812"}],"version-history":[{"count":1,"href":"https:\/\/mersinkadingazetesi.com\/index.php?rest_route=\/wp\/v2\/posts\/35812\/revisions"}],"predecessor-version":[{"id":35814,"href":"https:\/\/mersinkadingazetesi.com\/index.php?rest_route=\/wp\/v2\/posts\/35812\/revisions\/35814"}],"wp:featuredmedia":[{"embeddable":true,"href":"https:\/\/mersinkadingazetesi.com\/index.php?rest_route=\/wp\/v2\/media\/35813"}],"wp:attachment":[{"href":"https:\/\/mersinkadingazetesi.com\/index.php?rest_route=%2Fwp%2Fv2%2Fmedia&parent=35812"}],"wp:term":[{"taxonomy":"category","embeddable":true,"href":"https:\/\/mersinkadingazetesi.com\/index.php?rest_route=%2Fwp%2Fv2%2Fcategories&post=35812"},{"taxonomy":"post_tag","embeddable":true,"href":"https:\/\/mersinkadingazetesi.com\/index.php?rest_route=%2Fwp%2Fv2%2Ftags&post=35812"}],"curies":[{"name":"wp","href":"https:\/\/api.w.org\/{rel}","templated":true}]}}