{"id":35835,"date":"2024-10-08T12:35:44","date_gmt":"2024-10-08T09:35:44","guid":{"rendered":"https:\/\/mersinkadingazetesi.com\/?p=35835"},"modified":"2024-10-08T12:35:44","modified_gmt":"2024-10-08T09:35:44","slug":"deva-partili-ekmen-devlet-eliyle-dindarlik-tutmaz-gencler-kurdugunuz-duzene-bakip-dinden-uzaklasiyor","status":"publish","type":"post","link":"https:\/\/mersinkadingazetesi.com\/?p=35835","title":{"rendered":"DEVA Partili Ekmen: Devlet eliyle dindarl\u0131k tutmaz; gen\u00e7ler kurdu\u011funuz d\u00fczene bak\u0131p dinden uzakla\u015f\u0131yor\u00a0"},"content":{"rendered":"\n<figure class=\"wp-block-table\"><table class=\"has-fixed-layout\"><tbody><tr><td><strong>DEVA Partisi Genel Ba\u015fkan Yard\u0131mc\u0131s\u0131 Mehmet Emin Ekmen, TBMM Genel Kurulunda yapt\u0131\u011f\u0131 konu\u015fmada 22 y\u0131l\u0131n sonunda temel e\u011fitim, mesleki e\u011fitim ve bilimsel ilerlemede ba\u015far\u0131s\u0131z olundu\u011fu gibi, gen\u00e7lerin dinden ve manevi de\u011ferlerden de uzakla\u015ft\u0131\u011f\u0131n\u0131 vurgulad\u0131.&nbsp;<\/strong><strong>&nbsp;<\/strong><strong>\u201cSay\u0131larla T\u00fcrkiye\u2019de \u0130nan\u00e7 ve Dindarl\u0131k\u201d raporunu kaynak alarak konu\u015fan Ekmen, AK Parti\u2019nin \u201cdindar nesil yeti\u015ftirece\u011fiz\u201d diyerek e\u011fitim sistemi ve m\u00fcfredat\u0131 ile defalarca oynad\u0131\u011f\u0131n\u0131 ancak bunda da ba\u015far\u0131s\u0131z oldu\u011funu hat\u0131rlatarak milletvekillerine seslendi.&nbsp;<\/strong><strong>&nbsp;<\/strong><strong>&nbsp;<\/strong><strong>&nbsp;<\/strong><strong>\u201cAllah\u2019a en y\u00fcksek inan\u00e7s\u0131zl\u0131k, ibadet yapmada en d\u00fc\u015f\u00fck oranlar AK Parti d\u00f6neminde e\u011fitim g\u00f6ren gen\u00e7lerde g\u00f6r\u00fclm\u00fc\u015f\u201d<\/strong>DEVA Partisi Genel Ba\u015fkan Yard\u0131mc\u0131s\u0131 ve Mersin Milletvekili Mehmet Emin Ekmen, TBMM Genel Kurulunda \u00d6\u011fretmenlik Meslek Kanun Teklifi ile ilgili konu\u015ftu. AK Parti\u2019nin yerlilik ve millilik motosuyla her on okuldan birini imam hatibe \u00e7evirdi\u011fini, bir \u00e7ok kez m\u00fcfredat de\u011fi\u015ftirdi\u011fini ancak pozitif bilimlerde bir ba\u015far\u0131 elde edilemedi\u011fi gibi, bu d\u00f6nemde do\u011fan ve e\u011fitim alan gen\u00e7lerin s\u00f6ylenene de\u011fil, yap\u0131lanlara bakarak dini ve manevi alandan uzakla\u015ft\u0131\u011f\u0131n\u0131 anlatt\u0131. Ekmen konu\u015fmas\u0131nda Marmara \u00dcniversitesi ile \u0130bn Haldun \u00dcniversitesi\u2019nin birlikte yay\u0131nlad\u0131\u011f\u0131 \u2018Say\u0131larla T\u00fcrkiye&#8217;de \u0130nan\u00e7 ve Dindarl\u0131k Raporu&#8217;na dikkati \u00e7ekerek baz\u0131 rakamlar\u0131 aktard\u0131.&nbsp;Ekmen \u201cG\u00f6r\u00fclece\u011fi \u00fczere devlet eliyle dindarl\u0131k sa\u011flanam\u0131yor. Gen\u00e7ler s\u00f6ylenene de\u011fil yap\u0131lana bak\u0131yor.\u201d dedi.<strong>En y\u00fcksek inan\u00e7s\u0131zl\u0131k AK Parti d\u00f6nemine ya\u015fand\u0131&nbsp;<\/strong>S\u00f6z konusu raporun ayr\u0131nt\u0131lar\u0131n\u0131 TBMM Genel Kurulunda a\u00e7\u0131klayan Ekmen, \u201cS\u00fcrekli m\u00fcfredat, sistem de\u011fi\u015fikli\u011fiyle a\u011f\u0131rl\u0131\u011f\u0131 y\u00fczde 10&#8217;u ge\u00e7en imam hatip ortaokul ve liselerinden sonra maneviyat\u0131 y\u00fcksek bir gen\u00e7li\u011fe sahip olunaca\u011f\u0131 beklenirdi. \u00d6yle ya 2002&#8217;de AK Parti iktidara geldi\u011finde 6 ya\u015f\u0131nda ilkokul 1&#8217;e ba\u015flayan bir gen\u00e7 AK Parti d\u00f6neminde ilk, orta, lise, \u00fcniversite, y\u00fcksek lisans ve hatta doktora e\u011fitimi ald\u0131. AK Parti \u00dcniversite e\u011fitimi oran\u0131n\u0131 y\u00fczde 12&#8217;den y\u00fczde 46&#8217;ya \u00e7\u0131karmakla hep \u00f6v\u00fcnd\u00fc. Oysa bu \u00e7al\u0131\u015fma g\u00f6sterdi ki, en y\u00fcksek inan\u00e7s\u0131zl\u0131k ve ibadetlerde uzakla\u015fma i\u015fte bu gen\u00e7ler aras\u0131nda var.&nbsp;Bu rapora g\u00f6re, &nbsp;\u2018hep y\u00fczde 99&#8217;u M\u00fcsl\u00fcman olan bir \u00fclke\u2019 deriz ya Allah&#8217;a kesin inan\u00e7 oran\u0131 y\u00fczde 85&#8217;e d\u00fc\u015fm\u00fc\u015f; Allah&#8217;a kesin inan\u00e7 oran\u0131n\u0131 y\u00fczde 85, kesin inan\u00e7s\u0131zl\u0131k y\u00fczde 5,7; aradaki y\u00fczde 9 da bir \u00f6yle, bir b\u00f6yle, sal\u0131n\u0131p duruluyor. Allah&#8217;a kesin inan\u00e7s\u0131zl\u0131k durumuna bakt\u0131\u011f\u0131mda iki veri dikkatimi \u00e7ekiyor. Birincisi, Allah&#8217;a en y\u00fcksek inan\u00e7s\u0131zl\u0131k oran\u0131 AK Parti d\u00f6neminde e\u011fitim g\u00f6rm\u00fc\u015f gen\u00e7ler; ikincisi, Allah&#8217;a en y\u00fcksek inan\u00e7s\u0131zl\u0131k oran\u0131, AK Parti d\u00f6neminde \u00fcniversiteyi okumu\u015f gen\u00e7lerde.\u201d ifadelerini kulland\u0131.<strong>Gen\u00e7ler niye dinden uzakla\u015f\u0131yor?&nbsp;<\/strong>Namaz k\u0131lma, oru\u00e7 tutma s\u0131kl\u0131\u011f\u0131 ve ba\u015f\u00f6rt\u00fcs\u00fc gibi ba\u015fl\u0131klar\u0131n da raporda yer ald\u0131\u011f\u0131n\u0131 ifade eden Ekmen, \u015funlar\u0131 kaydetti:&nbsp;\u201cAK Parti d\u00f6neminde g\u00f6zlerini hayata a\u00e7\u0131p e\u011fitim alm\u0131\u015f b\u00fct\u00fcn gen\u00e7lerin ve \u00fcniversite mezunlar\u0131n\u0131n, T\u00fcrkiye&#8217;nin o be\u011fenmedi\u011fimiz koalisyonlar ve CHP d\u00f6nemi iktidar\u0131 d\u00f6nemlerinin \u00e7ok alt\u0131nda bir dindarl\u0131k seviyesinde oldu\u011funu g\u00f6r\u00fcyoruz. &nbsp;Bunun \u00fczerine kafa yormak gerekmez mi? Ni\u00e7in gen\u00e7ler dinden uzakla\u015f\u0131yor; tarz\u0131 siyasetinizden dolay\u0131 m\u0131, kurdu\u011funuz medya d\u00fczeninden dolay\u0131 m\u0131, yaratt\u0131\u011f\u0131n\u0131z adalet sisteminden dolay\u0131 m\u0131, yapt\u0131\u011f\u0131n\u0131z g\u00f6steri\u015f ve israf d\u00fczeninden dolay\u0131 m\u0131, yoksa ayyuka \u00e7\u0131kan yolsuzluklardan dolay\u0131 m\u0131? Fenni ilimlerde de bir ba\u015far\u0131 yok, manevi e\u011fitimde de. Yirmi iki y\u0131l\u0131n sonunda Ak Partili milletvekili arkada\u015flar\u0131m\u0131z\u0131 bu konu \u00fczerinde bir muhasebeye davet ediyorum.\u201d<\/td><\/tr><\/tbody><\/table><\/figure>\n","protected":false},"excerpt":{"rendered":"<p>DEVA Partisi Genel Ba\u015fkan Yard\u0131mc\u0131s\u0131 Mehmet Emin Ekmen, TBMM Genel Kurulunda yapt\u0131\u011f\u0131 konu\u015fmada 22 y\u0131l\u0131n sonunda temel e\u011fitim, mesleki e\u011fitim ve bilimsel ilerlemede ba\u015far\u0131s\u0131z olundu\u011fu gibi, gen\u00e7lerin dinden ve manevi de\u011ferlerden de uzakla\u015ft\u0131\u011f\u0131n\u0131 vurgulad\u0131.&nbsp;&nbsp;\u201cSay\u0131larla T\u00fcrkiye\u2019de \u0130nan\u00e7 ve Dindarl\u0131k\u201d raporunu kaynak alarak konu\u015fan Ekmen, AK Parti\u2019nin \u201cdindar nesil yeti\u015ftirece\u011fiz\u201d diyerek e\u011fitim sistemi ve m\u00fcfredat\u0131 ile defalarca [&hellip;]<\/p>\n","protected":false},"author":2,"featured_media":35836,"comment_status":"closed","ping_status":"closed","sticky":false,"template":"","format":"standard","meta":{"footnotes":""},"categories":[1,2,3,6],"tags":[],"class_list":["post-35835","post","type-post","status-publish","format-standard","has-post-thumbnail","hentry","category-genel","category-gundem","category-manset","category-siyaset-2"],"views":12,"_links":{"self":[{"href":"https:\/\/mersinkadingazetesi.com\/index.php?rest_route=\/wp\/v2\/posts\/35835"}],"collection":[{"href":"https:\/\/mersinkadingazetesi.com\/index.php?rest_route=\/wp\/v2\/posts"}],"about":[{"href":"https:\/\/mersinkadingazetesi.com\/index.php?rest_route=\/wp\/v2\/types\/post"}],"author":[{"embeddable":true,"href":"https:\/\/mersinkadingazetesi.com\/index.php?rest_route=\/wp\/v2\/users\/2"}],"replies":[{"embeddable":true,"href":"https:\/\/mersinkadingazetesi.com\/index.php?rest_route=%2Fwp%2Fv2%2Fcomments&post=35835"}],"version-history":[{"count":1,"href":"https:\/\/mersinkadingazetesi.com\/index.php?rest_route=\/wp\/v2\/posts\/35835\/revisions"}],"predecessor-version":[{"id":35837,"href":"https:\/\/mersinkadingazetesi.com\/index.php?rest_route=\/wp\/v2\/posts\/35835\/revisions\/35837"}],"wp:featuredmedia":[{"embeddable":true,"href":"https:\/\/mersinkadingazetesi.com\/index.php?rest_route=\/wp\/v2\/media\/35836"}],"wp:attachment":[{"href":"https:\/\/mersinkadingazetesi.com\/index.php?rest_route=%2Fwp%2Fv2%2Fmedia&parent=35835"}],"wp:term":[{"taxonomy":"category","embeddable":true,"href":"https:\/\/mersinkadingazetesi.com\/index.php?rest_route=%2Fwp%2Fv2%2Fcategories&post=35835"},{"taxonomy":"post_tag","embeddable":true,"href":"https:\/\/mersinkadingazetesi.com\/index.php?rest_route=%2Fwp%2Fv2%2Ftags&post=35835"}],"curies":[{"name":"wp","href":"https:\/\/api.w.org\/{rel}","templated":true}]}}