{"id":35841,"date":"2024-10-08T12:56:27","date_gmt":"2024-10-08T09:56:27","guid":{"rendered":"https:\/\/mersinkadingazetesi.com\/?p=35841"},"modified":"2024-10-08T12:56:28","modified_gmt":"2024-10-08T09:56:28","slug":"vali-ali-hamza-pehlivan-mersin-amator-spor-kulupleri-federasyonu-genel-baskani-mithat-ertas-ve-beraberindeki-heyeti-kabul-etti","status":"publish","type":"post","link":"https:\/\/mersinkadingazetesi.com\/?p=35841","title":{"rendered":"VAL\u0130 AL\u0130 HAMZA PEHL\u0130VAN, MERS\u0130N AMAT\u00d6R SPOR KUL\u00dcPLER\u0130 FEDERASYONU GENEL BA\u015eKANI M\u0130THAT ERTA\u015e VE BERABER\u0130NDEK\u0130 HEYET\u0130 KABUL ETT\u0130"},"content":{"rendered":"\n<p>Valimiz Ali Hamza Pehlivan, her y\u0131l geleneksel olarak d\u00fczenlenen Amat\u00f6r Spor Haftas\u0131 kapsam\u0131nda; Mersin Amat\u00f6r Spor Kul\u00fcpleri Federasyonu Genel Ba\u015fkan\u0131 Mithat Erta\u015f ve beraberindeki Gen\u00e7lik ve Spor \u0130l M\u00fcd\u00fcr\u00fc G\u00f6ksun \u00d6z, Spor Hizmetleri M\u00fcd\u00fcr\u00fc Osman Y\u0131ld\u0131zbakan, Milli Tak\u0131m Atletizm Antren\u00f6r\u00fc Mustafa Karaduman, Milli Sporcular\u0131m\u0131z Ersu \u015ea\u015fma ve Rabia \u00c7i\u00e7ek\u2019ten olu\u015fan heyeti kabul etti.<\/p>\n\n\n\n<p>Sporun her ya\u015ftan insan i\u00e7in \u00f6neminin bir kez daha vurguland\u0131\u011f\u0131 ziyarette Vali Pehlivan, milli sporcular\u0131 ba\u015far\u0131lar\u0131ndan dolay\u0131 tebrik etti.<\/p>\n\n\n\n<p>Valilik Makam\u0131nda ger\u00e7ekle\u015fen g\u00f6r\u00fc\u015fmede Vali Pehlivan, bu y\u0131l 7- 11 Ekim tarihleri aras\u0131nda kutlanacak olan \u2018Amat\u00f6r Spor Haftas\u0131\u2019n\u0131n t\u00fcm sporcular\u0131m\u0131za,spor severlere hay\u0131rl\u0131 olmas\u0131 temennisinde bulundu.<\/p>\n","protected":false},"excerpt":{"rendered":"<p>Valimiz Ali Hamza Pehlivan, her y\u0131l geleneksel olarak d\u00fczenlenen Amat\u00f6r Spor Haftas\u0131 kapsam\u0131nda; Mersin Amat\u00f6r Spor Kul\u00fcpleri Federasyonu Genel Ba\u015fkan\u0131 Mithat Erta\u015f ve beraberindeki Gen\u00e7lik ve Spor \u0130l M\u00fcd\u00fcr\u00fc G\u00f6ksun \u00d6z, Spor Hizmetleri M\u00fcd\u00fcr\u00fc Osman Y\u0131ld\u0131zbakan, Milli Tak\u0131m Atletizm Antren\u00f6r\u00fc Mustafa Karaduman, Milli Sporcular\u0131m\u0131z Ersu \u015ea\u015fma ve Rabia \u00c7i\u00e7ek\u2019ten olu\u015fan heyeti kabul etti. Sporun her [&hellip;]<\/p>\n","protected":false},"author":2,"featured_media":35842,"comment_status":"closed","ping_status":"closed","sticky":false,"template":"","format":"standard","meta":{"footnotes":""},"categories":[10],"tags":[],"class_list":["post-35841","post","type-post","status-publish","format-standard","has-post-thumbnail","hentry","category-spor"],"views":7,"_links":{"self":[{"href":"https:\/\/mersinkadingazetesi.com\/index.php?rest_route=\/wp\/v2\/posts\/35841"}],"collection":[{"href":"https:\/\/mersinkadingazetesi.com\/index.php?rest_route=\/wp\/v2\/posts"}],"about":[{"href":"https:\/\/mersinkadingazetesi.com\/index.php?rest_route=\/wp\/v2\/types\/post"}],"author":[{"embeddable":true,"href":"https:\/\/mersinkadingazetesi.com\/index.php?rest_route=\/wp\/v2\/users\/2"}],"replies":[{"embeddable":true,"href":"https:\/\/mersinkadingazetesi.com\/index.php?rest_route=%2Fwp%2Fv2%2Fcomments&post=35841"}],"version-history":[{"count":1,"href":"https:\/\/mersinkadingazetesi.com\/index.php?rest_route=\/wp\/v2\/posts\/35841\/revisions"}],"predecessor-version":[{"id":35843,"href":"https:\/\/mersinkadingazetesi.com\/index.php?rest_route=\/wp\/v2\/posts\/35841\/revisions\/35843"}],"wp:featuredmedia":[{"embeddable":true,"href":"https:\/\/mersinkadingazetesi.com\/index.php?rest_route=\/wp\/v2\/media\/35842"}],"wp:attachment":[{"href":"https:\/\/mersinkadingazetesi.com\/index.php?rest_route=%2Fwp%2Fv2%2Fmedia&parent=35841"}],"wp:term":[{"taxonomy":"category","embeddable":true,"href":"https:\/\/mersinkadingazetesi.com\/index.php?rest_route=%2Fwp%2Fv2%2Fcategories&post=35841"},{"taxonomy":"post_tag","embeddable":true,"href":"https:\/\/mersinkadingazetesi.com\/index.php?rest_route=%2Fwp%2Fv2%2Ftags&post=35841"}],"curies":[{"name":"wp","href":"https:\/\/api.w.org\/{rel}","templated":true}]}}