{"id":35844,"date":"2024-10-08T12:58:55","date_gmt":"2024-10-08T09:58:55","guid":{"rendered":"https:\/\/mersinkadingazetesi.com\/?p=35844"},"modified":"2024-10-08T12:58:55","modified_gmt":"2024-10-08T09:58:55","slug":"4-kuresel-basari-odulleri-sahiplerine-muhtesem-bir-torenle-verildi","status":"publish","type":"post","link":"https:\/\/mersinkadingazetesi.com\/?p=35844","title":{"rendered":"4. K\u00fcresel Ba\u015far\u0131 \u00d6d\u00fclleri sahiplerine muhte\u015fem bir t\u00f6renle verildi"},"content":{"rendered":"\n<p>K\u00fcresel Gazeteciler Konseyi\u2019nin (KGK) geleneksel K\u00fcresel Ba\u015far\u0131 \u00d6d\u00fclleri T\u00f6reni, Lonicera World Otel\u2019de yo\u011fun bir kat\u0131l\u0131mla ger\u00e7ekle\u015fti. Muhte\u015fem t\u00f6rende Gagavuzya Devlet Ba\u015fkan\u0131 Evghenia Gutul \u2018K\u00fcresel Diplomasi \u00d6d\u00fcl\u00fc\u2019 al\u0131rken, Prenses Skha ve B\u00fclent Ar\u0131n\u00e7\u2019\u0131n da yer ald\u0131klar\u0131 unutulmaz gecede Filistinli gazeteciler duygu sa\u011fana\u011f\u0131 yaratt\u0131lar<\/p>\n\n\n\n<p>K\u00fcresel Gazeteciler Konseyi\u2019nin (KGK) geleneksel K\u00fcresel Ba\u015far\u0131 \u00d6d\u00fclleri T\u00f6reni, d\u00fcn ak\u015fam 5 y\u0131ld\u0131zl\u0131 Lonicera World Otel\u2019in balo salonunda ger\u00e7ekle\u015fti.<\/p>\n\n\n\n<p>Daha \u00f6nceki y\u0131llarda Kuzey K\u0131br\u0131s T\u00fcrk Cumhuriyeti (KKTC) Cumhurba\u015fkan\u0131 Ersin Tatar, T\u00fcrkiye D\u0131\u015fi\u015fleri Bakan\u0131 Mevl\u00fct \u00c7avu\u015fo\u011flu, Rusya Federasyonu TASS Genel M\u00fcd\u00fcr Vekili Mikail Gusman ile Kuzey Irak T\u00fcrkmen Bakan\u0131 Ayd\u0131n Maruf Selim ve T\u00dcRKSOY Genel Sekreteri D\u00fcsen Kaseinov ile ilk T\u00fcrk Kozmonot (Kazak) Toktar Ebubekirov, \u00e7ok say\u0131da spor ve sanat insan\u0131 ile gazetecilerin de \u00f6d\u00fcl ald\u0131klar\u0131 KGK Geleneksel K\u00fcresel Ba\u015far\u0131 \u00d6d\u00fclleri t\u00f6reninde d\u00fcn ak\u015fam karde\u015f Gagavuzya Devlet Ba\u015fkan\u0131 Evghenia Gutul \u2018K\u00fcresel Diplomasi \u00d6d\u00fcl\u00fc\u2019 ald\u0131. Bahreyn Kral\u0131 Hamad Bin \u0130sa El Halife\u2019nin ye\u011feni Prenses Alkhal\u0131fa Fajer Skha da gecenin onur konuklar\u0131 aras\u0131nda yer ald\u0131. Geceye eski Cumhurba\u015fkan\u0131 Vekili, 22. TBMM Ba\u015fkan\u0131 ve Ba\u015fbakan Yard\u0131mc\u0131s\u0131 B\u00fclent Ar\u0131n\u00e7 da kat\u0131ld\u0131. Ayr\u0131ca, Filistin\u2019de (Gazze) g\u00f6rev yapan Al Aksa TV \u2018Medya \u00d6d\u00fcl\u00fc\u2019, Filistinli gazeteci Zahir Elbek ise \u2018Gazetecilik \u00d6d\u00fcl\u00fc\u2019 ald\u0131lar. T\u00fcrkiye B\u00fcy\u00fck Millet Meclisi Dijital Mecralar Komisyonu Ba\u015fkan\u0131 H\u00fcseyin Yayman ile duayen gazeteci Yavuz Donat da \u00f6d\u00fcle lay\u0131k g\u00f6r\u00fcld\u00fcler. \u00d6d\u00fcl t\u00f6renine Antalya ve Alanya protokol\u00fc, medya ve siyaset d\u00fcnyas\u0131ndan yerli ve yabanc\u0131 \u00f6nemli isimler ile 30\u2019a yak\u0131n \u00fclkeden 60\u2019a yak\u0131n\u0131 yabanc\u0131 olan 150 dolay\u0131nda gazeteci kat\u0131ld\u0131. \u00d6d\u00fcl t\u00f6reni Gagavuzya TV dahil 20\u2019yi a\u015fk\u0131n TV kanal\u0131 taraf\u0131ndan da canl\u0131 olarak yay\u0131nland\u0131.<\/p>\n\n\n\n<p>Kokteyl, ak\u015fam yeme\u011fi, sayg\u0131 duru\u015fu ve \u0130stiklal Mar\u015f\u0131\u2019n\u0131n okunmas\u0131yla ba\u015flayan \u00f6d\u00fcl t\u00f6reninde protokol konu\u015fmalar\u0131n\u0131 KGK Genel Ba\u015fkan\u0131&nbsp;<a href=\"https:\/\/www.kgk.org.tr\/my-profile\/?uid=391\">Mehmet Ali Dim<\/a>, Alanya Belediye Ba\u015fkan Yard\u0131mc\u0131s\u0131 Murat Ko\u00e7ak, Alanya Kaymakam\u0131 Dr. Fatih \u00dcrkmezer, TBMM Dijital Mecralar Komisyonu Ba\u015fkan\u0131 ve Hatay Milletvekili H\u00fcseyin Yayman, 22. D\u00f6nem TBMM Ba\u015fkan\u0131 B\u00fclent Ar\u0131n\u00e7 ve Gagavuzya Devlet Ba\u015fkan\u0131 Evghenia Gutul yapt\u0131lar.<\/p>\n\n\n\n<p><strong>\u2018BU ORGAN\u0130ZASYON ALANYA\u2019YA \u00c7OK YAKI\u015eTI\u2019<\/strong><\/p>\n\n\n\n<p>K\u00fcresel Gazeteciler Konseyi Genel Ba\u015fkan\u0131&nbsp;<a href=\"https:\/\/www.kgk.org.tr\/my-profile\/?uid=391\">Mehmet Ali Dim<\/a>, \u201c\u00c7ok g\u00fczel bir ambiyans, \u00e7ok g\u00fczel bir topluluk. Bu toplulu\u011fa hitap etmek ger\u00e7ekten onur verici. Bu \u00f6zel g\u00fcnde bizleri yaln\u0131z b\u0131rakmayan herkese \u00e7ok te\u015fekk\u00fcr ederiz. Alanya, K\u00fcresel Gazeteciler Konseyi\u2019nin organizasyonlar\u0131n\u0131 sevdi. Alanya\u2019n\u0131n tan\u0131t\u0131m\u0131 ve imaj\u0131 i\u00e7in bu organizasyonun \u00e7ok \u00f6nemli oldu\u011funu d\u00fc\u015f\u00fcn\u00fcyorum. 4. kez ger\u00e7ekle\u015ftirdi\u011fimiz organizasyonumuzun t\u00fcm sponsorlar\u0131na \u00e7ok te\u015fekk\u00fcr ediyorum. Filistin\u2019in Gazze kentinde bir insanl\u0131k dram\u0131 ya\u015fan\u0131yor. Maalesef T\u00fcrkiye d\u0131\u015f\u0131ndaki \u0130slam \u00fclkeleri bu duruma sessiz. T\u00fcrkiye, \u0130slam \u00fclkelerinin lideridir ve T\u00fcrkiye yeter diyoruz. Bu durumdan en \u00e7ok zarar g\u00f6ren meslek grubu gazeteciler. 174 Filistinli gazeteci \u015fehit oldu. Onlar\u0131 rahmetle an\u0131yorum. Bug\u00fcn Filistinli meslekta\u015flar\u0131m\u0131za da burada \u00f6d\u00fcl verece\u011fiz.<\/p>\n\n\n\n<p>Medyada dijitalle\u015fme denilen yeni bir devrim s\u00f6z konusu. Geleneksel medyan\u0131n pabucu dama at\u0131l\u0131yor. Dijitalle\u015fmenin bir kas\u0131rga gibi bizi ezip ge\u00e7ti\u011fi bir d\u00f6nem ya\u015f\u0131yoruz. De\u011fi\u015fimi yakalayamayanlar tarihin sayfalar\u0131na g\u00f6m\u00fclecek. Biz gazeteciler geli\u015fmeye ve teknolojik a\u00e7\u0131l\u0131mlara her zaman a\u00e7\u0131k olmak zorunday\u0131z. Bu noktada biz K\u00fcresel Gazeteciler Konseyi olarak bir\u00e7ok inisiyatif ald\u0131k. T\u00fcrkiye\u2019de yeni bir olu\u015fum, yeni bir dernek ortaya \u00e7\u0131kt\u0131. Yapay Zeka Politikalar\u0131 Derne\u011fi kuruldu. \u00d6te yandan karde\u015f Gagavuzya\u2019n\u0131n huzuru bozulmas\u0131n, karde\u015flerimiz huzur i\u00e7inde ya\u015fas\u0131nlar istiyoruz. Gagavuzya Devlet Ba\u015fkan\u0131 Say\u0131n Gutul\u2019a, bu ak\u015fam bizlerle oldu\u011fu i\u00e7in, K\u00fcresel Gazeteciler Konseyi ailesini yaln\u0131z b\u0131rakmad\u0131\u011f\u0131 i\u00e7in, bize olan deste\u011fi ve katk\u0131s\u0131 i\u00e7in \u00e7ok te\u015fekk\u00fcr ediyorum. Bu organizasyon Alanya\u2019ya \u00e7ok yak\u0131\u015ft\u0131. Elimizden geldi\u011fince bu organizasyonu Alanya\u2019da yapmaya devam edece\u011fiz\u201d ifadelerini kulland\u0131.<\/p>\n\n\n\n<p><strong>\u2018ALANYA \u00c7OK KATMANLI, \u00c7OK KAD\u0130M B\u0130R \u015eEH\u0130R\u2019<\/strong><\/p>\n\n\n\n<p>Alanya Belediye Ba\u015fkan Vekili Murat Ko\u00e7ak ise \u201cAlanya \u00e7ok katmanl\u0131, \u00e7ok kadim bir \u015fehir. Helenistik d\u00f6nemden, Roma\u2019dan, Bizans\u2019tan, Osmanl\u0131\u2019dan, Sel\u00e7uklu\u2019dan ve T\u00fcrkiye Cumhuriyeti\u2019nden izler g\u00f6rbilece\u011finiz d\u00fcnyan\u0131n nadide ve e\u015fsiz g\u00fczellikleriyle tan\u0131nan, bar\u0131\u015f\u0131n, sevginin, huzurun \u015fehri Alanya\u2019da bizleri bir araya getiren K\u00fcresel Gazeteciler Konseyi Genel Ba\u015fkan\u0131&nbsp;<a href=\"https:\/\/www.kgk.org.tr\/my-profile\/?uid=391\">Mehmet Ali Dim<\/a>\u2019e, y\u00f6netimine ve \u00fcyelerine \u00e7ok te\u015fekk\u00fcr ederiz. D\u00fcnya b\u00fcy\u00fck bir kaosa do\u011fru s\u00fcr\u00fcklenirken, temennimiz \u00fclkemizin d\u00fcnyan\u0131n bar\u0131\u015f adas\u0131 olarak kalabilmesini sa\u011flamak. D\u00fcnyay\u0131 bar\u0131\u015f\u0131n, huzurun ve sevginin kurtaraca\u011f\u0131na inan\u0131yoruz. Bar\u0131\u015f\u0131 ve huzuru sa\u011flayan\u0131n etik de\u011ferler oldu\u011funa inan\u0131yorum. Mesle\u011fini, i\u015fini iyi yapanlar\u0131n \u00f6ne \u00e7\u0131kar\u0131lmas\u0131 ad\u0131na \u00f6d\u00fcl \u00f6nemli bir ara\u00e7. D\u00fcnyan\u0131n ve \u00fclkemizin d\u00f6rt bir yan\u0131ndan gelen, halk\u0131n h\u0131zl\u0131, do\u011fru haber alma \u00f6zg\u00fcrl\u00fc\u011f\u00fcne hizmet eden \u00e7ok sevgili bas\u0131n mensuplar\u0131n\u0131 sayg\u0131yla, sevgiyle selaml\u0131yorum, hepinizi kutluyorum\u201d diye konu\u015ftu.<\/p>\n\n\n\n<p><strong>\u2018KGK ALANYA\u2019YA B\u00dcY\u00dcK KATKILAR SA\u011eLIYOR\u2019<\/strong><\/p>\n\n\n\n<p>Alanya Kaymakam\u0131 Dr. Fatih \u00dcrkmezer, \u201cD\u00fcnyan\u0131n ve \u00fclkemizin \u00e7e\u015fitli yerlerinden Alanyam\u0131za te\u015frif eden k\u0131ymetli medya mensuplar\u0131, hepiniz ho\u015f geldiniz. KGK 4. Medya Bulu\u015fmas\u0131\u2019nda bulunmaktan b\u00fcy\u00fck mutluluk duyuyorum. K\u00fcresel Gazeteciler Konseyi yerelden ulusala, ulusaldan k\u00fcresele giden bu yolda her ge\u00e7en y\u0131l ismini en iyi \u015fekilde duyurmaya devam ediyor. Alanya\u2019ya da b\u00fcy\u00fck katk\u0131 sa\u011fl\u0131yor. Alanya\u2019ya katk\u0131lar\u0131n\u0131zdan dolay\u0131 te\u015fekk\u00fcr ediyorum\u201d dedi.<\/p>\n\n\n\n<p><strong>\u2018K\u00dcRESEL GAZETEC\u0130LER KONSEY\u0130\u2019N\u0130 TAKD\u0130R ED\u0130YORUM\u2019<\/strong><\/p>\n\n\n\n<p>B\u00fclent Ar\u0131n\u00e7 ise \u201cBen anne taraf\u0131ndan Alanyal\u0131y\u0131m. Ge\u00e7mi\u015fimizle iftihar ediyoruz. K\u00fcresel Gazeteciler Konseyi\u2019ni \u00f6nemsiyorum. Yapt\u0131klar\u0131 \u00e7al\u0131\u015fmalar\u0131 takdirle izliyorum. Uluslararas\u0131 bir kampanya i\u00e7erisinde T\u00fcrkiye\u2019nin tan\u0131t\u0131m\u0131n\u0131 yap\u0131yorlar. Kamu diplomasisi alan\u0131nda \u00f6nemli bir g\u00f6rev ifa ettiklerine inan\u0131yorum. Aram\u0131zda \u00e7ok \u00fcst d\u00fczey konuklar var. Bas\u0131n, medya hem elimiz hem g\u00f6z\u00fcm\u00fcz hem kula\u011f\u0131m\u0131zd\u0131r. Yaz\u0131l\u0131 ve g\u00f6rsel medya de\u011ferini hi\u00e7bir zaman kaybetmeyecek. Gazetecilik sayg\u0131n bir meslek olmak zorunda. \u00dclkede g\u00fc\u00e7l\u00fc bir medyan\u0131n bulunmas\u0131 ger\u00e7ek bir hukuk devletinin, ger\u00e7ek bir demokrasinin bulundu\u011funu g\u00f6sterir. Hepinize ba\u015far\u0131lar diliyorum\u201d dedi.<\/p>\n\n\n\n<p><strong>\u2018B\u0130Z\u0130M DEVLETLER\u0130M\u0130Z B\u0130R\u2019<\/strong><\/p>\n\n\n\n<p>Gagavuzya Devlet Ba\u015fkan\u0131 Evghenia Gutul da konuklara T\u00fcrk\u00e7e hitab\u0131nda \u201cBu \u00f6nemli organizasyonda yer ald\u0131\u011f\u0131m i\u00e7in Gagavuzya vatanda\u015flar\u0131 ve kendi ad\u0131ma \u00e7ok te\u015fekk\u00fcr ederim. T\u00fcrk d\u00fcnyas\u0131n\u0131n bu \u00f6nemli isimleri aras\u0131ndan bulunmaktan gurur duyuyorum. Halklar\u0131m\u0131z\u0131n aras\u0131nda ba\u011flant\u0131lar kurma, i\u015f birli\u011fi ve diyalog kurmada kolayl\u0131k sa\u011flamak, hem Gagavuzya hem T\u00fcrkiye\u2019nin geli\u015fmesine katk\u0131 sa\u011flamak istiyoruz. Biriz, birlikteyiz. KGK Genel Ba\u015fkan\u0131 Say\u0131n Dim\u2019e, y\u00f6netimine ve sizlere \u00e7ok te\u015fekk\u00fcr ediyorum\u201d dedi.<\/p>\n\n\n\n<p><strong>\u2018S\u0130ZE GAZZE\u2019DEK\u0130 \u015eEH\u0130TLER\u0130N VE G\u00dc\u00c7L\u00dc HALKIN SELAMINI GET\u0130RD\u0130M\u2019<\/strong><\/p>\n\n\n\n<p>Filistinli gazeteci Zahir Elbek ise konu\u015fmas\u0131yla duygu sa\u011fana\u011f\u0131 yaratt\u0131. Elbek, \u201cFilistin\u2019in Gazze \u015fehrinde i\u015fgal alt\u0131nda do\u011fdum. Soyk\u0131r\u0131m alt\u0131nda yeti\u015ftim. Ambargo ve abluka alt\u0131nda b\u00fcy\u00fcd\u00fcm. Gazeteci olarak g\u00f6rev yaparken yaraland\u0131m. Benim ailemden 16 ki\u015fi \u015fehit oldu. \u00d6zg\u00fcr Filistin\u2019e kavu\u015fmak i\u00e7in can veriyoruz. Gazze\u2019de sadece bir y\u0131ld\u0131r \u015fehit olan 55 insan\u0131n aras\u0131nda 18 bin masum \u00e7ocuk, 13 bin kad\u0131n var. 174 gazeteci g\u00f6rev ba\u015f\u0131nda \u015fehit oldu. Gazze\u2019deki \u015fehitlerin ve g\u00fc\u00e7l\u00fc halk\u0131n selam\u0131n\u0131 size getirdim. Gazze\u2019den ve Filistin\u2019den vazge\u00e7medik vazge\u00e7meyece\u011fiz. Unutmad\u0131k, unutturmayaca\u011f\u0131z. Bu de\u011ferli \u00f6d\u00fcl\u00fc Gazzeli \u015fehit gazeteciler i\u00e7in al\u0131yorum. KGK\u2019ya deste\u011fi i\u00e7in te\u015fekk\u00fcr ediyorum\u201d dedi.<\/p>\n\n\n\n<p><strong>\u2018\u0130SRA\u0130L B\u0130ZE ENGEL OLAMAYACAK\u2019<\/strong><\/p>\n\n\n\n<p>Filistin\u2019de s\u0131k s\u0131k \u0130srail sald\u0131r\u0131lar\u0131na maruz kalan Al Aksa TV\u2019nin Genel M\u00fcd\u00fcr\u00fc Sulaimam Abuseta ise \u201cAl Aksa TV olarak te\u015fekk\u00fcr ederim. Esas hedefimiz Filistin halk\u0131n\u0131n ve gazetecilerin sesini duyurmak. Gazze\u2019de katledilenler sadece gazeteciler de\u011fil, gazetecilerin aileleri de katlediliyor. Filistin\u2019de herkes \u0130srail\u2019in hedefi haline gelmi\u015f durumda. Bizimle ortak duygular\u0131 payla\u015ft\u0131\u011f\u0131n\u0131z ve bizi buraya davet etti\u011finiz i\u00e7in \u00e7ok te\u015fekk\u00fcr ederim. Kanal\u0131m\u0131z \u0130srail taraf\u0131ndan 12 kez hedef al\u0131nd\u0131. Biz her \u015feye ra\u011fmen Gazze\u2019den mesajlar\u0131m\u0131z\u0131 iletmeye devam edece\u011fiz. \u0130srail bize engel olamayacak. KGK\u2019ya bizleri unutmad\u0131\u011f\u0131 i\u00e7in te\u015fekk\u00fcr ederim\u201d diye konu\u015ftu.<\/p>\n\n\n\n<p><strong>\u2018YAPAY ZEKAYI ISKALARSAK OYUN DI\u015eI KALACA\u011eIZ\u2019<\/strong><\/p>\n\n\n\n<p>Yapay Zeka Politikalar\u0131 Derne\u011fi (AIPA) Ba\u015fkan\u0131 Zafer K\u00fc\u00e7\u00fck\u015fabano\u011flu da, \u201cYapay zeka herkesin merak etti\u011fi b\u00fcy\u00fck bir teknoloji. Bu topraklar birinci, ikinci ve \u00fc\u00e7\u00fcnc\u00fc sanayi devrimlerini \u0131skalad\u0131 ve bunun da zararlar\u0131n\u0131 g\u00f6rd\u00fc. G\u00fcn\u00fcm\u00fczde d\u00f6rd\u00fcnc\u00fc sanayi devriminin sonlar\u0131n\u0131 ya\u015f\u0131yoruz ve itici g\u00fc\u00e7 yapay zeka. E\u011fer bunu da \u0131skalarsak geride de\u011fil, ge\u00e7 de\u011fil, oyun d\u0131\u015f\u0131 kalaca\u011f\u0131z. Biz de T\u00fcrkiye yapay zeka liginde oyun d\u0131\u015f\u0131 kalmas\u0131n, oyun kurucu olsun diye gece g\u00fcnd\u00fcz \u00e7al\u0131\u015f\u0131yoruz\u201d \u015feklinde konu\u015ftu.<\/p>\n\n\n\n<p><strong>\u2018\u00d6D\u00dcL\u00dc T\u00dcRK\u0130YE B\u0130S\u0130KLET FEDERASYONU ADINA ALIYORUM\u2019<\/strong><\/p>\n\n\n\n<p>Alanyal\u0131 T\u00fcrkiye Bisiklet Federasyonu Ba\u015fkan\u0131 Emin M\u00fcft\u00fco\u011flu da \u201cBu \u00f6d\u00fcl\u00fc kendi ad\u0131ma de\u011fil T\u00fcrkiye Bisiklet Federasyonu ad\u0131na al\u0131yorum. KGK Genel Ba\u015fkan\u0131&nbsp;<a href=\"https:\/\/www.kgk.org.tr\/my-profile\/?uid=391\">Mehmet Ali Dim<\/a>\u2019e ve t\u00fcm y\u00f6netim kuruluna te\u015fekk\u00fcr ediyorum. Bana \u00e7ok \u015fey \u00f6\u011freten Say\u0131n Yavuz Donat\u2019a ayr\u0131ca te\u015fekk\u00fcr ediyorum\u201d dedi.<\/p>\n\n\n\n<p>Duayen gazeteci Yavuz Donat da konu\u015fmas\u0131nda KGK Genel Ba\u015fkan\u0131&nbsp;<a href=\"https:\/\/www.kgk.org.tr\/my-profile\/?uid=391\">Mehmet Ali Dim<\/a>&nbsp;ve y\u00f6netimine te\u015fekk\u00fcr etti.<\/p>\n\n\n\n<p><strong>\u2018\u00c7OK \u00d6NEML\u0130 K\u00dcLT\u00dcREL B\u0130R D\u0130PLOMAS\u0130YE \u015eAH\u0130TL\u0130K ED\u0130YORUZ\u2019<\/strong><\/p>\n\n\n\n<p>T\u00fcrkiye B\u00fcy\u00fck Millet Meclisi Dijital Mecralar Komisyonu Ba\u015fkan\u0131 H\u00fcseyin Yayman da konu\u015fmas\u0131nda, \u201cBug\u00fcn \u00e7ok \u00f6nemli k\u00fclt\u00fcrel bir diplomasiye \u015fahitlik ediyoruz. Bu \u00f6d\u00fcl\u00fc \u015fahs\u0131ma lay\u0131k g\u00f6ren KGK\u2019ya, meslekta\u015flar\u0131ma ve eme\u011fi ge\u00e7en herkese te\u015fekk\u00fcr ediyorum. Medya d\u00f6rd\u00fcnc\u00fc kuvvettir. Dijital \u00e7a\u011f\u0131n ba\u015f\u0131nday\u0131z. Art\u0131k yeni s\u00f6zleri dijital d\u00fcnyada s\u00f6yleyece\u011fiz\u201d dedi.<\/p>\n\n\n\n<p><strong>K\u00dcRESEL BA\u015eARI \u00d6D\u00dcLLER\u0130 SAH\u0130PLER\u0130N\u0130 BULDU<\/strong><\/p>\n\n\n\n<p>Gecede Gagavuzya Devlet Ba\u015fkan\u0131 Evghenia Gutul\u2019a K\u00fcresel Diplomasi \u00d6d\u00fcl\u00fc, Filistinli gazeteci Dr. Zahir Elbek\u2019e K\u00fcresel Gazetecilik \u00d6d\u00fcl\u00fc, Filistin Al-Aksa TV Genel M\u00fcd\u00fcr\u00fc Sula\u0131man S.H. Abuseta\u2019ya K\u00fcresel Medya \u00d6d\u00fcl\u00fc, Yapay Zeka Derne\u011fi Ba\u015fkan\u0131 Zafer K\u00fc\u00e7\u00fck\u015fabano\u011flu\u2019na K\u00fcresel \u0130novasyon \u00d6d\u00fcl\u00fc, T\u00fcrkiye Bisiklet Federasyonu Ba\u015fkan\u0131 Emin M\u00fcft\u00fco\u011flu\u2019na K\u00fcresel Spor \u00d6d\u00fcl\u00fc, Duayen gazeteci yazar Yavuz Donat\u2019a Meslek Onur \u00d6d\u00fcl\u00fc ve<\/p>\n\n\n\n<p>T\u00fcrkiye B\u00fcy\u00fck Millet Meclisi Dijital Mecralar Komisyonu Ba\u015fkan\u0131 ve Hatay Milletvekili H\u00fcseyin Yayman\u2019a T\u00fcrk D\u00fcnyas\u0131 \u00d6d\u00fcl\u00fc verildi.<\/p>\n\n\n\n<p><strong>KGK\u2019DAN SPONSORLARA TE\u015eEKK\u00dcR<\/strong><\/p>\n\n\n\n<p>KGK, K\u00fcresel Medya Bulu\u015fmas\u0131\u2019n\u0131n sponsorlar\u0131na da te\u015fekk\u00fcr plaketi sundu. T\u00f6rende M.M.T. Tun\u00e7 Group \u0130n\u015faat Y\u00f6netim Kurulu Ba\u015fkan\u0131 Abdulkadir Tun\u00e7, Realtor Global Real Estate \u00d6ven\u00e7o\u011flu A.\u015e. Alanya \u015eube M\u00fcd\u00fcr\u00fc O\u011fuzhan Direk, Ponto MK Y\u00f6netim Kurulu Ba\u015fkan\u0131 Mehmet Ku\u015f, Su Yap\u0131 Y\u00f6netim Kurulu Ba\u015fkan\u0131 Fatih Uyar, Lonicera Otelleri Y\u00f6netim Kurulu Ba\u015fkan\u0131 U\u011fur Sipahio\u011flu, Eftalia Otelleri Y\u00f6netim Kurulu Ba\u015fkan\u0131 Mehmet Ayd\u0131nc\u0131, 7\/24 Transfer Y\u00f6netim Kurulu \u00dcyesi Yunus Emre \u00dczel, Adin Otel Y\u00f6netim Kurulu Ba\u015fkan\u0131 Hasan Uysal, T\u00dcRSAB Alanya BTK Ba\u015fkan\u0131 Kerim Sar\u0131kaya, Seven Seas Hotel Y\u00f6netim Kurulu Ba\u015fkan\u0131 Ramazan Caner, Tatilimo Y\u00f6netim Kurulu \u00dcyesi Mert Sefa \u00d6\u011f\u00fct\u00e7\u00fco\u011flu, Mylome Luxury Resort Hotel Sat\u0131\u015f Pazarlama M\u00fcd\u00fcr Yard\u0131mc\u0131s\u0131 Sefanur Kabaday\u0131, CK Kad\u0131o\u011flu \u0130n\u015faat Genel M\u00fcd\u00fcr\u00fc Ula\u015f Sa\u011f\u0131rkaya, Occo Beach \u0130\u015fletmecisi Yavuz \u0130lkan, Alanya Ticaret ve Sanayi Odas\u0131 Ba\u015fkan\u0131 Eray Erdem, Arsi Hotelleri Y\u00f6netim Kurulu Ba\u015fkan\u0131 Ali Boz, OFM Hastanesi ad\u0131na Kurumsal ve D\u0131\u015f \u0130li\u015fkiler M\u00fcd\u00fcr\u00fc Hakan Engin, En Vie Beach \u0130\u015fletmecisi Feridun Katak, Klas Otelleri Y\u00f6netim Kurulu Ba\u015fkan\u0131 Muzaffer Barc\u0131n, On Hotels Genel M\u00fcd\u00fcr\u00fc Elvan Altunta\u015f ve T\u00fcrksat Kurumsal \u0130leti\u015fim Direkt\u00f6r\u00fc Osman Y\u0131lmaz\u2019a te\u015fekk\u00fcr plaketi sunuldu. \u00dcrd\u00fcn\u2019den Majd\u0131 Tall, Umman\u2019dan Mohammed Ali Bakhit Alnahar\u0131, Prof. Dr. Zakir Av\u015far ve Bahreyn\u2019den Fajer Alkhal\u0131fa\u2019ya da \u015f\u00fckran plaketleri verildi. Unutulmaz gece, m\u00fczik ve e\u011flence ile sona erdi.<\/p>\n","protected":false},"excerpt":{"rendered":"<p>K\u00fcresel Gazeteciler Konseyi\u2019nin (KGK) geleneksel K\u00fcresel Ba\u015far\u0131 \u00d6d\u00fclleri T\u00f6reni, Lonicera World Otel\u2019de yo\u011fun bir kat\u0131l\u0131mla ger\u00e7ekle\u015fti. Muhte\u015fem t\u00f6rende Gagavuzya Devlet Ba\u015fkan\u0131 Evghenia Gutul \u2018K\u00fcresel Diplomasi \u00d6d\u00fcl\u00fc\u2019 al\u0131rken, Prenses Skha ve B\u00fclent Ar\u0131n\u00e7\u2019\u0131n da yer ald\u0131klar\u0131 unutulmaz gecede Filistinli gazeteciler duygu sa\u011fana\u011f\u0131 yaratt\u0131lar K\u00fcresel Gazeteciler Konseyi\u2019nin (KGK) geleneksel K\u00fcresel Ba\u015far\u0131 \u00d6d\u00fclleri T\u00f6reni, d\u00fcn ak\u015fam 5 y\u0131ld\u0131zl\u0131 [&hellip;]<\/p>\n","protected":false},"author":2,"featured_media":35845,"comment_status":"closed","ping_status":"closed","sticky":false,"template":"","format":"standard","meta":{"footnotes":""},"categories":[3],"tags":[],"class_list":["post-35844","post","type-post","status-publish","format-standard","has-post-thumbnail","hentry","category-manset"],"views":6,"_links":{"self":[{"href":"https:\/\/mersinkadingazetesi.com\/index.php?rest_route=\/wp\/v2\/posts\/35844"}],"collection":[{"href":"https:\/\/mersinkadingazetesi.com\/index.php?rest_route=\/wp\/v2\/posts"}],"about":[{"href":"https:\/\/mersinkadingazetesi.com\/index.php?rest_route=\/wp\/v2\/types\/post"}],"author":[{"embeddable":true,"href":"https:\/\/mersinkadingazetesi.com\/index.php?rest_route=\/wp\/v2\/users\/2"}],"replies":[{"embeddable":true,"href":"https:\/\/mersinkadingazetesi.com\/index.php?rest_route=%2Fwp%2Fv2%2Fcomments&post=35844"}],"version-history":[{"count":1,"href":"https:\/\/mersinkadingazetesi.com\/index.php?rest_route=\/wp\/v2\/posts\/35844\/revisions"}],"predecessor-version":[{"id":35846,"href":"https:\/\/mersinkadingazetesi.com\/index.php?rest_route=\/wp\/v2\/posts\/35844\/revisions\/35846"}],"wp:featuredmedia":[{"embeddable":true,"href":"https:\/\/mersinkadingazetesi.com\/index.php?rest_route=\/wp\/v2\/media\/35845"}],"wp:attachment":[{"href":"https:\/\/mersinkadingazetesi.com\/index.php?rest_route=%2Fwp%2Fv2%2Fmedia&parent=35844"}],"wp:term":[{"taxonomy":"category","embeddable":true,"href":"https:\/\/mersinkadingazetesi.com\/index.php?rest_route=%2Fwp%2Fv2%2Fcategories&post=35844"},{"taxonomy":"post_tag","embeddable":true,"href":"https:\/\/mersinkadingazetesi.com\/index.php?rest_route=%2Fwp%2Fv2%2Ftags&post=35844"}],"curies":[{"name":"wp","href":"https:\/\/api.w.org\/{rel}","templated":true}]}}