{"id":35871,"date":"2024-10-09T10:46:44","date_gmt":"2024-10-09T07:46:44","guid":{"rendered":"https:\/\/mersinkadingazetesi.com\/?p=35871"},"modified":"2024-10-09T10:46:44","modified_gmt":"2024-10-09T07:46:44","slug":"msk-super-ligin-2-macinda-kendi-evinde-ter-dokecek","status":"publish","type":"post","link":"https:\/\/mersinkadingazetesi.com\/?p=35871","title":{"rendered":"MSK, S\u00dcPER L\u0130G&#8217;\u0130N 2. MA\u00c7INDA KEND\u0130 EV\u0130NDE TER D\u00d6KECEK"},"content":{"rendered":"\n<p>2024-2025 Sezonu T\u00fcrkiye Sigorta Basketbol S\u00fcper Ligi&#8217;nde m\u00fccadele eden ve sezona h\u0131zl\u0131 bir ba\u015flang\u0131\u00e7 yapan Mersin Spor Kul\u00fcb\u00fc (MSK) deplasmanda ald\u0131\u011f\u0131 galibiyet sevincini kendi evinde de s\u00fcrd\u00fcrmeyi hedefliyor. Ligin ilk haftas\u0131nda Yukatel Merkezefendi Belediyesi&#8217;ni ma\u011flup eden Carettalar, 13 Ekim Pazar g\u00fcn\u00fc sezonun ikinci ma\u00e7\u0131nda Servet Tazeg\u00fcl Spor Salonu&#8217;nda Alia\u011fa Petkim Spor&#8217;u a\u011f\u0131rlayacak.<\/p>\n\n\n\n<p>Bu sezonda kendilerini \u00e7etin bir m\u00fccadelenin bekledi\u011finin fark\u0131nda olan Carettalar, kendi evlerinde oynayaca\u011f\u0131 ma\u00e7 \u00f6ncesi t\u00fcm haz\u0131rl\u0131klar\u0131n\u0131 tam gaz s\u00fcrd\u00fcr\u00fcyor. Evinde oynaman\u0131n avantaj\u0131n\u0131 sahaya yans\u0131tmak isteyen Carettalar, Mersinli basketbolseverlerin de deste\u011fi ile parkede puanla ayr\u0131lmay\u0131 hedefliyor.<\/p>\n\n\n\n<p>Yeni transferler ile kadrosunu daha da g\u00fc\u00e7lendiren MSK, bu sezonda&nbsp;<strong><em>&#8216;Ayn\u0131 rotada ayn\u0131 potada&#8217;<\/em><\/strong>&nbsp;diyerek s\u00fcrd\u00fcrd\u00fc\u011f\u00fc m\u00fccadelesinde ma\u00e7 co\u015fkusunu birlikte ya\u015famak i\u00e7in Mersinlilerin deste\u011fini bekliyor.<\/p>\n\n\n\n<p><strong>Sevim: &#8220;Taraftar\u0131m\u0131z\u0131n deste\u011fi ile yolumuza emin ad\u0131m devam edece\u011fiz&#8221;<\/strong><\/p>\n\n\n\n<p>MSK Ba\u015fantren\u00f6r\u00fc Can Sevim, S\u00fcper Lig&#8217;de deplasmanda ald\u0131klar\u0131 ilk galibiyetin olduk\u00e7a de\u011ferli ve \u00f6nemli oldu\u011funun alt\u0131n\u0131 \u00e7izerek, bu galibiyetin kendilerine \u00f6zg\u00fcven ve avantaj sa\u011flad\u0131\u011f\u0131n\u0131 ifade etti. Sevim,&nbsp;<strong>&#8220;Denizli gibi zor bir deplasmandan galibiyetle d\u00f6nm\u00fc\u015f olmak a\u00e7\u0131k\u00e7as\u0131 bizi \u00e7ok mutlu etti. \u015eimdi \u00f6n\u00fcm\u00fczde evimizde oynayaca\u011f\u0131m\u0131z ilk ma\u00e7 var. Alia\u011fa Petkim Spor&#8217;la Pazar g\u00fcn\u00fc saat 18.00&#8217;da oynayaca\u011f\u0131z. Umar\u0131m seyircilerimiz de bizimle beraber bu heyecan\u0131 payla\u015f\u0131yorlard\u0131r ve buray\u0131 doldurup sezonun ilk ma\u00e7\u0131nda bize her zaman oldu\u011fu gibi muhte\u015fem bir destek verirler. Biz de onlar\u0131n deste\u011fiyle ikinci ma\u00e7\u0131m\u0131z\u0131 kazan\u0131p emin ad\u0131mlarla yolumuz devam ederiz&#8221;<\/strong>&nbsp;dedi.<\/p>\n\n\n\n<p><strong>&#8220;G\u00fcn ge\u00e7tik\u00e7e birbirleriyle oynamay\u0131 \u00f6\u011frenen bir tak\u0131m var&#8221;<\/strong><\/p>\n\n\n\n<p>Ba\u015far\u0131lar\u0131n\u0131n arkas\u0131nda \u00e7ok b\u00fcy\u00fck bir emek, y\u00f6netim ve ekip deste\u011fi oldu\u011funu da s\u00f6zlerine ekleyen Sevim, yeni sezonla ilgili de;&nbsp;<strong>&#8220;B\u00fcy\u00fck de\u011fi\u015fiklikler yapt\u0131k ve kadromuza yeni oyuncular kat\u0131ld\u0131. Bu kadroyu kurarken de benim sistemimi en iyi \u015fekilde yerine getirebilecek oyuncular\u0131 bir araya getirmeye \u00e7al\u0131\u015ft\u0131k. Ge\u00e7en y\u0131ldan devam eden oyuncular\u0131m\u0131z da var. Bunlar\u0131 harmanlay\u0131p bug\u00fcnk\u00fc tak\u0131m\u0131m\u0131z\u0131 ortaya \u00e7\u0131kard\u0131k. \u015eimdi bu tak\u0131m\u0131n beraber oynamay\u0131 \u00f6\u011frenip geli\u015fmesi ve her g\u00fcn daha iyiye gitmesi gerekiyor ki sezon ba\u015flad\u0131\u011f\u0131ndan beri de g\u00f6zlemledi\u011fimiz o. G\u00fcn ge\u00e7tik\u00e7e daha iyi olan, daha birbirine al\u0131\u015fan, birbirleriyle oynamay\u0131 \u00f6\u011frenen bir tak\u0131m var elimizde. Sezon sonuna da bu \u00e7ok pozitif bir \u015fekilde yans\u0131yacakt\u0131r diye d\u00fc\u015f\u00fcn\u00fcyorum&#8221;<\/strong>&nbsp;ifadelerini kulland\u0131.<\/p>\n\n\n\n<p>Taraflar\u0131n deste\u011finin inan\u0131lmaz oldu\u011funu ve bu destekleri her zaman hissettiklerini vurgulayan Sevim,&nbsp;<strong>&#8220;Buras\u0131 Edip Buran&#8217;a g\u00f6re \u00fc\u00e7 kat\u0131 kadar seyirci alabilen bir salon. Buray\u0131 doldurup bize o deste\u011fi g\u00f6sterirlerse e\u011fer biz de onlara bu desteklerinin kar\u015f\u0131l\u0131\u011f\u0131n\u0131 verece\u011fimizin s\u00f6z\u00fcn\u00fc veriyoruz&#8221;&nbsp;<\/strong>diyerek yeni sezonda da taraftarlara kendilerini destekleme \u00e7a\u011fr\u0131s\u0131 yapt\u0131.<\/p>\n\n\n\n<p><strong>Ku\u015f: &#8220;Sezona iyi bir ba\u015flang\u0131\u00e7 yapt\u0131k&#8221;<\/strong><\/p>\n\n\n\n<p>Oyunculardan Canberk Ku\u015f, tak\u0131m kimyas\u0131n\u0131n her ge\u00e7en g\u00fcn daha da iyiye gitti\u011fini ve yo\u011fun bir kamp sezonu atlatt\u0131klar\u0131n\u0131 aktararak,&nbsp;<strong>&#8220;Sezona iyi bir ba\u015flang\u0131\u00e7 yapt\u0131k. Sezonun ileriki zamanlar\u0131nda bu galibiyeti daha iyi anlayaca\u011f\u0131z. \u00c7\u00fcnk\u00fc Denizli her zaman zor bir deplasmand\u0131r. Orada kazanmam\u0131z iyi oldu. Tak\u0131m\u0131m\u0131zda sakatlananlar olmas\u0131na ra\u011fmen iyi oynad\u0131\u011f\u0131m\u0131z\u0131 d\u00fc\u015f\u00fcn\u00fcyorum. Ben ge\u00e7en sene de buradayd\u0131m ama farkl\u0131 bir salonda oynuyorduk ama taraftar\u0131m\u0131z\u0131n deste\u011fi ile ev sahibi oldu\u011fumuz ma\u00e7lar\u0131 kaybetmek istemiyoruz. Ev sahibi oldu\u011fumuz ma\u00e7lar\u0131 kaybetmezsek de Play-off kotas\u0131nda seneye Avrupa&#8217;da oynamak i\u00e7in bize \u00e7ok daha yard\u0131mc\u0131 olaca\u011f\u0131n\u0131 d\u00fc\u015f\u00fcn\u00fcyorum&#8221;<\/strong>&nbsp;dedi. Taraftarlardan bu m\u00fccadelede kendilerine destek olmalar\u0131n\u0131 isteyen Ku\u015f,&nbsp;<strong>&#8220;Pazar g\u00fcn\u00fc salonumuzu doldural\u0131m. Bizler, sizin deste\u011finizle her zaman daha g\u00fc\u00e7l\u00fcy\u00fcz&#8221;&nbsp;<\/strong>diye konu\u015ftu.<\/p>\n\n\n\n<p><strong>Sinirlio\u011flu: &#8220;Bu ma\u00e7\u0131 da kazan\u0131p 2&#8217;de 2 yapmak istiyoruz&#8221;<\/strong><\/p>\n\n\n\n<p>Oyunculardan Berkay Sinirlio\u011flu da haz\u0131rl\u0131k kamplar\u0131 ile sezona \u00e7ok g\u00fczel bir \u015fekilde haz\u0131rland\u0131klar\u0131n\u0131 ve bu haz\u0131rl\u0131klar\u0131n deplasmanda galibiyeti getirdi\u011fini dile getirdi. Kendi evlerinde Alia\u011fa Petkim Spor ile oynayacaklar\u0131 ma\u00e7 i\u00e7in heyecanl\u0131 olduklar\u0131n\u0131 aktaran Sinirlio\u011flu,&nbsp;<strong>&#8220;Rakibimiz Avrupa kupalar\u0131nda oynayan, iyi oyuncularla kurulu bir ekip ama gerekli teknik ve taktik analizleri hafta i\u00e7inde hocam\u0131zla beraber yap\u0131p hocam\u0131z\u0131n bize aktard\u0131klar\u0131yla beraber bu ma\u00e7\u0131 da kazanarak 2&#8217;de 2 yapm\u0131\u015f olarak lige merhaba demek ve bir mesaj vermek istiyoruz. Umar\u0131m sezon bitti\u011finde hedefimiz olan Avrupa Kupalar\u0131&#8217;nda yer alma ba\u015far\u0131s\u0131n\u0131 elde ederiz diye d\u00fc\u015f\u00fcn\u00fcyorum. Bu sene tak\u0131m kimyam\u0131z \u00e7ok iyi. Seyircilerle de bir oldu\u011fumuz zaman gayet ba\u015far\u0131l\u0131 bir tak\u0131m haline gelebiliyoruz. Umar\u0131m Pazar g\u00fcn\u00fc de bunu g\u00f6sterebiliriz&#8221;<\/strong>&nbsp;ifadelerini kulland\u0131.<\/p>\n","protected":false},"excerpt":{"rendered":"<p>2024-2025 Sezonu T\u00fcrkiye Sigorta Basketbol S\u00fcper Ligi&#8217;nde m\u00fccadele eden ve sezona h\u0131zl\u0131 bir ba\u015flang\u0131\u00e7 yapan Mersin Spor Kul\u00fcb\u00fc (MSK) deplasmanda ald\u0131\u011f\u0131 galibiyet sevincini kendi evinde de s\u00fcrd\u00fcrmeyi hedefliyor. Ligin ilk haftas\u0131nda Yukatel Merkezefendi Belediyesi&#8217;ni ma\u011flup eden Carettalar, 13 Ekim Pazar g\u00fcn\u00fc sezonun ikinci ma\u00e7\u0131nda Servet Tazeg\u00fcl Spor Salonu&#8217;nda Alia\u011fa Petkim Spor&#8217;u a\u011f\u0131rlayacak. Bu sezonda kendilerini [&hellip;]<\/p>\n","protected":false},"author":2,"featured_media":35872,"comment_status":"closed","ping_status":"closed","sticky":false,"template":"","format":"standard","meta":{"footnotes":""},"categories":[3,10],"tags":[],"class_list":["post-35871","post","type-post","status-publish","format-standard","has-post-thumbnail","hentry","category-manset","category-spor"],"views":9,"_links":{"self":[{"href":"https:\/\/mersinkadingazetesi.com\/index.php?rest_route=\/wp\/v2\/posts\/35871"}],"collection":[{"href":"https:\/\/mersinkadingazetesi.com\/index.php?rest_route=\/wp\/v2\/posts"}],"about":[{"href":"https:\/\/mersinkadingazetesi.com\/index.php?rest_route=\/wp\/v2\/types\/post"}],"author":[{"embeddable":true,"href":"https:\/\/mersinkadingazetesi.com\/index.php?rest_route=\/wp\/v2\/users\/2"}],"replies":[{"embeddable":true,"href":"https:\/\/mersinkadingazetesi.com\/index.php?rest_route=%2Fwp%2Fv2%2Fcomments&post=35871"}],"version-history":[{"count":1,"href":"https:\/\/mersinkadingazetesi.com\/index.php?rest_route=\/wp\/v2\/posts\/35871\/revisions"}],"predecessor-version":[{"id":35873,"href":"https:\/\/mersinkadingazetesi.com\/index.php?rest_route=\/wp\/v2\/posts\/35871\/revisions\/35873"}],"wp:featuredmedia":[{"embeddable":true,"href":"https:\/\/mersinkadingazetesi.com\/index.php?rest_route=\/wp\/v2\/media\/35872"}],"wp:attachment":[{"href":"https:\/\/mersinkadingazetesi.com\/index.php?rest_route=%2Fwp%2Fv2%2Fmedia&parent=35871"}],"wp:term":[{"taxonomy":"category","embeddable":true,"href":"https:\/\/mersinkadingazetesi.com\/index.php?rest_route=%2Fwp%2Fv2%2Fcategories&post=35871"},{"taxonomy":"post_tag","embeddable":true,"href":"https:\/\/mersinkadingazetesi.com\/index.php?rest_route=%2Fwp%2Fv2%2Ftags&post=35871"}],"curies":[{"name":"wp","href":"https:\/\/api.w.org\/{rel}","templated":true}]}}