{"id":35947,"date":"2024-10-11T12:01:55","date_gmt":"2024-10-11T09:01:55","guid":{"rendered":"https:\/\/mersinkadingazetesi.com\/?p=35947"},"modified":"2024-10-11T12:01:56","modified_gmt":"2024-10-11T09:01:56","slug":"11-ekim-dunya-kiz-cocuklari-gunu-mersinde-kutlandi","status":"publish","type":"post","link":"https:\/\/mersinkadingazetesi.com\/?p=35947","title":{"rendered":"11 EK\u0130M D\u00dcNYA KIZ \u00c7OCUKLARI G\u00dcN\u00dc MERS\u0130N&#8217;DE KUTLANDI"},"content":{"rendered":"\n<p>&nbsp;&nbsp;&nbsp;&nbsp;&nbsp;&nbsp;&nbsp;&nbsp; Mersin Aile ve Sosyal Hizmetler \u0130l M\u00fcd\u00fcrl\u00fc\u011f\u00fcne ba\u011fl\u0131 \u00c7ocuk Haklar\u0131 \u00c7ocuk Komitesince&nbsp; 11 Ekim D\u00fcnya K\u0131z \u00c7ocuklar\u0131 G\u00fcn\u00fc Yeni\u015fehir Saya park Al\u0131\u015fveri\u015f Merkezinde a\u00e7\u0131lan stant ve m\u00fczikal g\u00f6steriyle kutland\u0131.<\/p>\n\n\n\n<p>&nbsp;&nbsp;&nbsp;&nbsp;&nbsp;&nbsp;&nbsp;&nbsp; Sayg\u0131 duru\u015fu ve \u0130stiklal Mar\u015f\u0131n\u0131n okundu\u011fu D\u00fcnya&nbsp; K\u0131z \u00c7ocuklar\u0131 g\u00fcn\u00fcnde bir konu\u015fma yapan Mersin aile ve Sosyal Hizmetler \u0130l \u00c7ocuk Haklar\u0131 koordinat\u00f6r\u00fc Bu g\u00fcn d\u00fcnyada bir milyar\u0131n \u00fcst\u00fcnde k\u0131z \u00e7ocu\u011fu vard\u0131r. Bu \u00e7ocuklar\u0131m\u0131z\u0131n hayalleri ve potansiyelleri d\u00fcnyan\u0131n \u00e7e\u015fitli \u00fclkelerinde ayr\u0131mc\u0131l\u0131k yap\u0131lmas\u0131 \u015fiddet toplumsal cinsiyet ayr\u0131mc\u0131l\u0131\u011f\u0131 erken ya\u015fta evlilik gibi&nbsp; insanca ya\u015fama ko\u015fullar\u0131n\u0131n zorlu\u011fu nedenlerden &nbsp;Birle\u015fmi\u015f Milletleri2o11 y\u0131l\u0131nda &nbsp;harekete ge\u00e7irmi\u015ftir.<\/p>\n\n\n\n<p>&nbsp;&nbsp;&nbsp;&nbsp; \u00dcye \u00dclkelerden <strong>T\u00fcrkiye<\/strong> kanada ve Peru nun giri\u015flimler i sonucu K\u0131z \u00e7ocuklar\u0131na kar\u015f\u0131 ayr\u0131mc\u0131l\u0131\u011f\u0131n \u00f6nlenmesi i\u00e7in temel insan haklar\u0131ndan e\u015fit yararlanmalar\u0131 i\u00e7in <strong>19 Aral\u0131k 2011<\/strong> de BM Genel kurulunda<\/p>\n\n\n\n<p>\u201c<strong>11 Ekim D\u00fcnya K\u0131z \u00c7ocuklar\u0131 G\u00fcn\u00fc<\/strong> olarak kabul edilmi\u015ftir.<\/p>\n\n\n\n<p>K\u0131z \u00c7ocuklar\u0131 g\u00fcn\u00fc \u0130lk kez 2012 y\u0131l\u0131nda kutlanmaya ba\u015flanm\u0131\u015ft\u0131r. Ayn\u0131 zamanda \u00fclkeler de kamuoyu duyarl\u0131l\u0131\u011f\u0131 yarat\u0131lmas\u0131 hedeflenmi\u015ftir.<\/p>\n\n\n\n<p>-\u00c7ocuk Ya\u015fta evliliklerin engellenmesi k\u0131z \u00e7ocuklar\u0131n\u0131n okulla\u015ft\u0131r\u0131lmas\u0131 \u015eiddet ve istismarlar\u0131n \u00f6nlenmesi i\u00e7in \u00fcye \u00fclkelerde harekete ge\u00e7ilmi\u015ftir.<\/p>\n\n\n\n<p>&nbsp; \u00dclkemizde de Ba\u015fta k\u0131z \u00e7ocuklar\u0131m\u0131z olmak \u00fczere t\u00fcm \u00e7ocuklar\u0131m\u0131z\u0131n e\u011fitime devam\u0131n\u0131n sa\u011flanmas\u0131na y\u00f6nelik ulusal eylem planlar\u0131 olu\u015fturulmu\u015ftur. Anayasam\u0131zda Ailenin Korunmas\u0131 ve \u00c7ocuk Haklar\u0131, \u00c7ocuk Koruma konumlar\u0131n\u0131n hayata ge\u00e7mesi ,&nbsp; K\u0131z \u00e7ocuklar\u0131m\u0131z ba\u015fta olmak \u00fczere t\u00fcm \u00e7ocuklar\u0131m\u0131z\u0131n korunmas\u0131 ve e\u011fitime kazand\u0131r\u0131lmas\u0131 hedeflenmi\u015ftir. <strong>G\u00fc\u00e7l\u00fc K\u0131zlar, G\u00fc\u00e7l\u00fc Yar\u0131nlar: Hedef 2030 <\/strong>tema olarak belirlenmi\u015ftir.Mustafa Sar\u0131 da kat\u0131l\u0131mc\u0131lara te\u015fekk\u00fcr ederek \u00c7ocuk Haklar\u0131 S\u00f6zle\u015fmesinin ,K\u0131z ve erkek ayr\u0131m\u0131 yapmaks\u0131z\u0131n 18 ya\u015f alt\u0131 herkesi \u00e7ocuk kabul&nbsp; kabul etti\u011fini,&nbsp; bu nedenle hi\u00e7bir \u00e7ocu\u011fun&nbsp; temel insan haklar\u0131 ve \u00e7ocuk haklar\u0131ndan yoksun b\u0131rak\u0131lmamas\u0131 gerekti\u011finin alt\u0131n\u0131 c\u0131zd\u0131.<\/p>\n\n\n\n<p>B\u00f6yle bir g\u00fcn\u00fcn kutlanmas\u0131n\u0131 sa\u011flayan \u00fc\u00e7 \u00fclkeden birininim <strong>T\u00fcrkiye<\/strong> oldu\u011fu g\u00f6zden ka\u00e7mamal\u0131d\u0131r.<\/p>\n\n\n\n<p>Bu vesile ile T\u00fcm k\u0131z \u00e7ocuklar\u0131m\u0131z\u0131n g\u00fcn\u00fcn\u00fc kutluyorum. dedi.<\/p>\n\n\n\n<p>Daha sonra K\u0131z \u00e7ocuklar\u0131 i \u00e7e\u015fitli \u015fiirler okudu m\u00fczikal g\u00f6sterilerde bulunup sark\u0131llar t\u00fcrk\u00fcler s\u00f6yleyip halay \u00e7ektiler. K\u0131z \u00e7ocuklar\u0131 g\u00fcn\u00fcnde yeti\u015fkinlerde, k\u0131z \u00e7ocuklar\u0131n\u0131n etkinliklerine kat\u0131ld\u0131lar onlarla birlikte e\u011flendiler.<\/p>\n","protected":false},"excerpt":{"rendered":"<p>&nbsp;&nbsp;&nbsp;&nbsp;&nbsp;&nbsp;&nbsp;&nbsp; Mersin Aile ve Sosyal Hizmetler \u0130l M\u00fcd\u00fcrl\u00fc\u011f\u00fcne ba\u011fl\u0131 \u00c7ocuk Haklar\u0131 \u00c7ocuk Komitesince&nbsp; 11 Ekim D\u00fcnya K\u0131z \u00c7ocuklar\u0131 G\u00fcn\u00fc Yeni\u015fehir Saya park Al\u0131\u015fveri\u015f Merkezinde a\u00e7\u0131lan stant ve m\u00fczikal g\u00f6steriyle kutland\u0131. &nbsp;&nbsp;&nbsp;&nbsp;&nbsp;&nbsp;&nbsp;&nbsp; Sayg\u0131 duru\u015fu ve \u0130stiklal Mar\u015f\u0131n\u0131n okundu\u011fu D\u00fcnya&nbsp; K\u0131z \u00c7ocuklar\u0131 g\u00fcn\u00fcnde bir konu\u015fma yapan Mersin aile ve Sosyal Hizmetler \u0130l \u00c7ocuk Haklar\u0131 koordinat\u00f6r\u00fc Bu g\u00fcn [&hellip;]<\/p>\n","protected":false},"author":2,"featured_media":35948,"comment_status":"closed","ping_status":"closed","sticky":false,"template":"","format":"standard","meta":{"footnotes":""},"categories":[3,5],"tags":[],"class_list":["post-35947","post","type-post","status-publish","format-standard","has-post-thumbnail","hentry","category-manset","category-mersin"],"views":2,"_links":{"self":[{"href":"https:\/\/mersinkadingazetesi.com\/index.php?rest_route=\/wp\/v2\/posts\/35947"}],"collection":[{"href":"https:\/\/mersinkadingazetesi.com\/index.php?rest_route=\/wp\/v2\/posts"}],"about":[{"href":"https:\/\/mersinkadingazetesi.com\/index.php?rest_route=\/wp\/v2\/types\/post"}],"author":[{"embeddable":true,"href":"https:\/\/mersinkadingazetesi.com\/index.php?rest_route=\/wp\/v2\/users\/2"}],"replies":[{"embeddable":true,"href":"https:\/\/mersinkadingazetesi.com\/index.php?rest_route=%2Fwp%2Fv2%2Fcomments&post=35947"}],"version-history":[{"count":1,"href":"https:\/\/mersinkadingazetesi.com\/index.php?rest_route=\/wp\/v2\/posts\/35947\/revisions"}],"predecessor-version":[{"id":35949,"href":"https:\/\/mersinkadingazetesi.com\/index.php?rest_route=\/wp\/v2\/posts\/35947\/revisions\/35949"}],"wp:featuredmedia":[{"embeddable":true,"href":"https:\/\/mersinkadingazetesi.com\/index.php?rest_route=\/wp\/v2\/media\/35948"}],"wp:attachment":[{"href":"https:\/\/mersinkadingazetesi.com\/index.php?rest_route=%2Fwp%2Fv2%2Fmedia&parent=35947"}],"wp:term":[{"taxonomy":"category","embeddable":true,"href":"https:\/\/mersinkadingazetesi.com\/index.php?rest_route=%2Fwp%2Fv2%2Fcategories&post=35947"},{"taxonomy":"post_tag","embeddable":true,"href":"https:\/\/mersinkadingazetesi.com\/index.php?rest_route=%2Fwp%2Fv2%2Ftags&post=35947"}],"curies":[{"name":"wp","href":"https:\/\/api.w.org\/{rel}","templated":true}]}}