{"id":35952,"date":"2024-10-11T12:40:35","date_gmt":"2024-10-11T09:40:35","guid":{"rendered":"https:\/\/mersinkadingazetesi.com\/?p=35952"},"modified":"2024-10-11T12:40:36","modified_gmt":"2024-10-11T09:40:36","slug":"kgk-ve-hegem-yillardir-uyariyordu-nihayet-destek-geldi","status":"publish","type":"post","link":"https:\/\/mersinkadingazetesi.com\/?p=35952","title":{"rendered":"KGK ve HEGEM y\u0131llard\u0131r uyar\u0131yordu: Nihayet destek geldi"},"content":{"rendered":"\n<p>K\u00fcresel Gazeteciler Konseyi (KGK) ve \u015eiddetle M\u00fccadele Vakf\u0131\u2019n\u0131n (HEGEM) projeler ve analizlerle dikkat \u00e7ekti\u011fi \u201c\u015eiddetle m\u00fccadele\u201d konusu i\u00e7in Cumhurba\u015fkan\u0131 Erdo\u011fan ve MHP Genel Ba\u015fkan\u0131 Bah\u00e7eli\u2019den tam destek geldi<\/p>\n\n\n\n<p>\u015e\u0130DDETLE M\u00fccadele Vakf\u0131 (HEGEM), y\u0131llard\u0131r yapt\u0131\u011f\u0131 bilimsel \u00e7al\u0131\u015fmalar, yay\u0131nlar, projeler ve a\u00e7\u0131klamalar ile \u201c\u015eiddetle m\u00fccadele\u201d konusuna dikkat \u00e7ekmi\u015f, \u00e7arp\u0131c\u0131 rapor ve analizlerle gelinen s\u00fcrecin korkun\u00e7 bir hal ald\u0131\u011f\u0131n\u0131 defalarca dile getirmi\u015f ve uyarm\u0131\u015ft\u0131. K\u00fcresel Gazeteciler Konseyi (KGK) ise bu tepkilerin kamuoyuna ula\u015fmas\u0131 noktas\u0131nda her t\u00fcrl\u00fc deste\u011fi vermi\u015fti.<\/p>\n\n\n\n<p><strong>ERDO\u011eAN VE BAH\u00c7EL\u0130: \u015e\u0130DDETLE M\u00dcCADELE \u015eART<\/strong><\/p>\n\n\n\n<p>HEGEM ve KGK\u2019n\u0131n sesine nihayet devletin en \u00fcst noktas\u0131ndan kulak verildi. Cumhurba\u015fkan\u0131 Recep Tayyip Erdo\u011fan, \u201cSu\u00e7 ve \u015fiddetin \u00f6nlenmesi i\u00e7in her t\u00fcrl\u00fc ad\u0131m\u0131 at\u0131n, bu konuda elimden gelen t\u00fcm deste\u011fi verece\u011fim\u201d derken, Cumhur \u0130ttifak\u0131\u2019n\u0131n orta\u011f\u0131 MHP Genel Ba\u015fkan\u0131 Dr. Devlet Bah\u00e7eli de \u015fiddetin \u00fclkemiz i\u00e7in bir beka konusu haline geldi\u011fi, seferberlik yaparak bu sorunun k\u00f6k\u00fcnden \u00e7\u00f6z\u00fclmesi gerekti\u011fi uyar\u0131s\u0131nda bulundu.<\/p>\n\n\n\n<p><strong>\u2018YETER K\u0130 DESTEK VER\u0130LS\u0130N, B\u0130Z SORUNU \u00c7\u00d6ZECE\u011e\u0130Z\u2019<\/strong><\/p>\n\n\n\n<p>HEGEM Kurucu Ba\u015fkan\u0131 Adem Solak, y\u00fczlerce bilim insan\u0131 ile y\u0131llard\u0131r sahada \u00e7al\u0131\u015fmalar yapt\u0131klar\u0131n\u0131 ve bu konu \u00fczerinde bilimsel raporlar haz\u0131rlad\u0131klar\u0131n\u0131 belirterek, \u201c\u015eiddetle M\u00fccadele ve Sosyal Arabuluculuk Projesi kapsam\u0131nda \u00e7ok \u00f6nemli bir \u00e7al\u0131\u015fma i\u00e7indeyiz. Gerekli hassasiyet ve destek gelirse, \u00e7ok net s\u00f6yl\u00fcyorum, \u015fiddet sorununu \u00e7\u00f6zmek bize nasip olacak. Yeter ki bize g\u00fcvensinler, maddi ve manevi destek versinler\u201d dedi.<\/p>\n\n\n\n<p><strong>SAM\u0130M\u0130YET \u00c7OK \u00d6NEML\u0130<\/strong><\/p>\n\n\n\n<p>\u015eiddetle M\u00fccadele konusunda HEGEM olarak ola\u011fan\u00fcst\u00fc \u00e7aba g\u00f6sterdiklerini belirten Prof. Dr. Yahya Mustafa Keskin de, \u201cDevletimiz bu konuda bir irade koymak istiyor ve bu noktada ad\u0131mlar at\u0131yor. Fakat ilgili kurumlar\u0131n ve b\u00fcrokrasinin daha samimi, daha gayretli olmas\u0131 gerekir. \u00d6n\u00fcne gelen bu konuda deme\u00e7 veriyor, s\u00f6ylemde bulunuyor. \u00d6tesi yok. Bu sorunun \u00e7\u00f6z\u00fcm\u00fc i\u00e7in sab\u0131r ve gayret gerekir. E\u011fitim faaliyetleri ve bilimsel \u00e7al\u0131\u015fmalar olmadan afaki konu\u015fur dururuz\u201d \u015feklinde konu\u015ftu.<\/p>\n\n\n\n<p><strong>HER T\u00dcRL\u00dc DESTE\u011e\u0130 VERMEYE DEVAM EDECE\u011e\u0130Z<\/strong><\/p>\n\n\n\n<p>\u015eiddetle M\u00fccadele ve Sosyal Arabuluculuk Projesi payda\u015f\u0131 olan ve bu noktada at\u0131lan her ad\u0131ma \u00f6nc\u00fcl\u00fck eden K\u00fcresel Gazeteciler Konseyi (KGK) Genel Ba\u015fkan\u0131&nbsp;<a href=\"https:\/\/www.kgk.org.tr\/my-profile\/?uid=391\">Mehmet Ali Dim<\/a>&nbsp;de yapt\u0131\u011f\u0131 a\u00e7\u0131klamada, \u201cBug\u00fcne kadar oldu\u011fu gibi bundan sonra da sadece \u00fclkemiz de\u011fil, d\u00fcnyay\u0131 sarsan ve b\u00fcy\u00fck bir tehlike arz eden \u015fiddet ve su\u00e7 olaylar\u0131n\u0131n \u00f6n\u00fcne ge\u00e7ebilmek i\u00e7in KGK ailesi olarak her t\u00fcrl\u00fc deste\u011fi vermeye devam edece\u011fiz\u201d ifadelerini kulland\u0131.<\/p>\n","protected":false},"excerpt":{"rendered":"<p>K\u00fcresel Gazeteciler Konseyi (KGK) ve \u015eiddetle M\u00fccadele Vakf\u0131\u2019n\u0131n (HEGEM) projeler ve analizlerle dikkat \u00e7ekti\u011fi \u201c\u015eiddetle m\u00fccadele\u201d konusu i\u00e7in Cumhurba\u015fkan\u0131 Erdo\u011fan ve MHP Genel Ba\u015fkan\u0131 Bah\u00e7eli\u2019den tam destek geldi \u015e\u0130DDETLE M\u00fccadele Vakf\u0131 (HEGEM), y\u0131llard\u0131r yapt\u0131\u011f\u0131 bilimsel \u00e7al\u0131\u015fmalar, yay\u0131nlar, projeler ve a\u00e7\u0131klamalar ile \u201c\u015eiddetle m\u00fccadele\u201d konusuna dikkat \u00e7ekmi\u015f, \u00e7arp\u0131c\u0131 rapor ve analizlerle gelinen s\u00fcrecin korkun\u00e7 bir hal [&hellip;]<\/p>\n","protected":false},"author":2,"featured_media":35953,"comment_status":"closed","ping_status":"closed","sticky":false,"template":"","format":"standard","meta":{"footnotes":""},"categories":[3],"tags":[],"class_list":["post-35952","post","type-post","status-publish","format-standard","has-post-thumbnail","hentry","category-manset"],"views":3,"_links":{"self":[{"href":"https:\/\/mersinkadingazetesi.com\/index.php?rest_route=\/wp\/v2\/posts\/35952"}],"collection":[{"href":"https:\/\/mersinkadingazetesi.com\/index.php?rest_route=\/wp\/v2\/posts"}],"about":[{"href":"https:\/\/mersinkadingazetesi.com\/index.php?rest_route=\/wp\/v2\/types\/post"}],"author":[{"embeddable":true,"href":"https:\/\/mersinkadingazetesi.com\/index.php?rest_route=\/wp\/v2\/users\/2"}],"replies":[{"embeddable":true,"href":"https:\/\/mersinkadingazetesi.com\/index.php?rest_route=%2Fwp%2Fv2%2Fcomments&post=35952"}],"version-history":[{"count":1,"href":"https:\/\/mersinkadingazetesi.com\/index.php?rest_route=\/wp\/v2\/posts\/35952\/revisions"}],"predecessor-version":[{"id":35954,"href":"https:\/\/mersinkadingazetesi.com\/index.php?rest_route=\/wp\/v2\/posts\/35952\/revisions\/35954"}],"wp:featuredmedia":[{"embeddable":true,"href":"https:\/\/mersinkadingazetesi.com\/index.php?rest_route=\/wp\/v2\/media\/35953"}],"wp:attachment":[{"href":"https:\/\/mersinkadingazetesi.com\/index.php?rest_route=%2Fwp%2Fv2%2Fmedia&parent=35952"}],"wp:term":[{"taxonomy":"category","embeddable":true,"href":"https:\/\/mersinkadingazetesi.com\/index.php?rest_route=%2Fwp%2Fv2%2Fcategories&post=35952"},{"taxonomy":"post_tag","embeddable":true,"href":"https:\/\/mersinkadingazetesi.com\/index.php?rest_route=%2Fwp%2Fv2%2Ftags&post=35952"}],"curies":[{"name":"wp","href":"https:\/\/api.w.org\/{rel}","templated":true}]}}