{"id":35973,"date":"2024-10-13T10:17:11","date_gmt":"2024-10-13T07:17:11","guid":{"rendered":"https:\/\/mersinkadingazetesi.com\/?p=35973"},"modified":"2024-10-13T10:17:12","modified_gmt":"2024-10-13T07:17:12","slug":"dijital-benim-isim-projesi-egitici-bilgilendirme-toplantisi-yapildi","status":"publish","type":"post","link":"https:\/\/mersinkadingazetesi.com\/?p=35973","title":{"rendered":"&#8220;D\u0130J\u0130TAL BEN\u0130M \u0130\u015e\u0130M&#8221; PROJES\u0130 E\u011e\u0130T\u0130C\u0130 B\u0130LG\u0130LEND\u0130RME TOPLANTISI YAPILDI"},"content":{"rendered":"\n<p>Mill\u00ee E\u011fitim Bakanl\u0131\u011f\u0131 Hayat Boyu \u00d6\u011frenme Genel M\u00fcd\u00fcrl\u00fc\u011f\u00fc ile Vodafone Vakf\u0131 aras\u0131nda yap\u0131lan i\u015f birli\u011fi protokol\u00fc ile halk e\u011fitimi merkezlerinde \u00f6\u011frenim g\u00f6ren kad\u0131nlara dijital okuryazarl\u0131k becerileri kazand\u0131r\u0131lmas\u0131 ve dijital alanlarda mesleki geli\u015fimlerini destekleyerek aktif i\u015fg\u00fcc\u00fcne kat\u0131lmalar\u0131na olanak sa\u011flanmas\u0131 amac\u0131yla hayata ge\u00e7irilen &#8220;Dijital Benim \u0130\u015fim&#8221; projesinin e\u011fitici bilgilendirme toplant\u0131s\u0131 yap\u0131ld\u0131.<\/p>\n\n\n\n<p>&#8220;Dijital Benim \u0130\u015fim&#8221; projesi e\u011fitici bilgilendirme toplant\u0131s\u0131na Bakanl\u0131\u011f\u0131m\u0131z Hayat Boyu \u00d6\u011frenme Genel M\u00fcd\u00fcr\u00fc Say\u0131n Cengiz Mete, Hayat Boyu \u00d6\u011frenme Genel M\u00fcd\u00fcrl\u00fc\u011f\u00fc Genel M\u00fcd\u00fcr Yard\u0131mc\u0131s\u0131 Say\u0131n H\u00fcseyin Kendirci, \u0130l Mill\u00ee E\u011fitim M\u00fcd\u00fcr\u00fc Fazilet Durmu\u015f, \u0130l Mill\u00ee E\u011fitim M\u00fcd\u00fcr Yard\u0131mc\u0131s\u0131 Nazmi Kendigelen ve Vodafone Vakf\u0131 Ba\u015fkan\u0131 Hasan S\u00fcel kat\u0131ld\u0131.<\/p>\n\n\n\n<p>Sayg\u0131 duru\u015funda bulunulmas\u0131 ve \u0130stiklal Mar\u015f\u0131&#8217;n\u0131n okunmas\u0131n\u0131n ard\u0131ndan program a\u00e7\u0131l\u0131\u015f konu\u015fmalar\u0131 ile ba\u015flad\u0131.<\/p>\n\n\n\n<p>Fazilet Durmu\u015f konu\u015fmas\u0131nda: &#8220;Dijital d\u00fcnyay\u0131 yapan, y\u00f6neten, pazarlayan ve bu d\u00fcnyan\u0131n tam da i\u00e7inde olmas\u0131 gereken kad\u0131nlar\u0131m\u0131z T\u00fcrkiye Y\u00fczy\u0131l\u0131&#8217;n\u0131n in\u015fas\u0131nda toplumsal mimarlar\u0131m\u0131z olacakt\u0131r.<\/p>\n\n\n\n<p>T\u00fcrk kad\u0131n\u0131 \u00e7a\u011flar boyu cesaretiyle ve kabiliyetleriyle her alanda tarihe damgas\u0131n\u0131 vurmu\u015ftur ve g\u00fcn\u00fcm\u00fczde de farkl\u0131 alanlarda ba\u015far\u0131 hik\u00e2yeleri yazmaya devam etmi\u015ftir.<\/p>\n\n\n\n<p>2020 y\u0131l\u0131nda Bakanl\u0131\u011f\u0131m\u0131z Hayat Boyu \u00d6\u011frenme Genel M\u00fcd\u00fcrl\u00fc\u011f\u00fc ile Vodafone Vakf\u0131 aras\u0131nda yap\u0131lan i\u015f birli\u011fi protokol\u00fc ile hayata ge\u00e7irilen &#8220;Dijital Benim \u0130\u015fim Projesi E\u011fitici Bilgilendirme Toplant\u0131m\u0131za&#8221; hepiniz Ho\u015f geldiniz.&#8221; diyerek ba\u015flad\u0131. Durmu\u015f konu\u015fmas\u0131n\u0131: &#8220;Proje ile halk e\u011fitimi merkezlerinde \u00f6\u011frenim g\u00f6ren kad\u0131nlara, dijital okuryazarl\u0131k becerileri kazand\u0131r\u0131lmas\u0131 ve dijital pazarlama alanlarda mesleki geli\u015fimlerini destekleyerek aktif i\u015fg\u00fcc\u00fcne kat\u0131lmalar\u0131na olanak sa\u011flanmas\u0131 ama\u00e7lanm\u0131\u015ft\u0131r. Proje kapsam\u0131nda ilimizde bu alanda 45 kurs a\u00e7\u0131lm\u0131\u015f, 623 kursiyere kat\u0131l\u0131m belgesi verilmi\u015ftir. Projenin 3. ve 4. Fazlar\u0131nda deprem b\u00f6lgesindeki 15 bin kad\u0131n arkada\u015f\u0131m\u0131za ula\u015f\u0131lmas\u0131 da ayr\u0131ca gurur verici bir ba\u015far\u0131d\u0131r.<\/p>\n\n\n\n<p>Projenin hayata ge\u00e7irilmesinde \u00f6nc\u00fc olan Bakanl\u0131\u011f\u0131m\u0131z Hayat Boyu \u00d6\u011frenme Genel M\u00fcd\u00fcrl\u00fc\u011f\u00fcne ve Vodafone Vakf\u0131na kad\u0131nlar\u0131m\u0131z\u0131n hayat\u0131na dokunduklar\u0131 i\u00e7in evvela bir kad\u0131n olarak te\u015fekk\u00fcr ederim. Ayr\u0131ca projemizin ba\u015far\u0131yla y\u00fcr\u00fct\u00fclmesini sa\u011flayan Halk E\u011fitimi Merkezi \u00e7al\u0131\u015fanlar\u0131m\u0131za da te\u015fekk\u00fcr eder, \u00e7al\u0131\u015fmalar\u0131nda ba\u015far\u0131lar dilerim.&#8221; diyerek tamamlad\u0131.<\/p>\n\n\n\n<p>Vodafone Vakf\u0131 Ba\u015fkan\u0131 Hasan S\u00fcel: &#8220;Mill\u00ee E\u011fitim Bakanl\u0131\u011f\u0131 ile i\u015f birli\u011fi yapmak bizim i\u00e7in \u00e7ok anlaml\u0131 oldu. Bu i\u015f birli\u011fi vesilesiyle \u00e7ok daha fazla insana ula\u015fma imk\u00e2n\u0131m\u0131z oldu. Kad\u0131nlara destek olmak ve onlar\u0131 dijital d\u00fcnyada s\u00f6z sahibi edebilmek i\u00e7in \u00e7ok g\u00fczel bir proje i\u00e7erisindeyiz. Ben kurumumuz ad\u0131na Say\u0131n Cengiz Mete&#8217;ye hem de Say\u0131n Bakan&#8217;\u0131m\u0131za te\u015fekk\u00fcrlerimi iletmek istiyorum.&#8221; dedi.<\/p>\n\n\n\n<p>Bakanl\u0131\u011f\u0131m\u0131z Hayat Boyu \u00d6\u011frenme Genel M\u00fcd\u00fcr\u00fc Say\u0131n Cengiz Mete: &#8220;Biz bug\u00fcn burada e\u011fitici e\u011fitimi ger\u00e7ekle\u015ftiriyoruz. Sizler buradaki e\u011fitimlerin ard\u0131ndan direkt sahaya gideceksiniz. Buradan sizin heybenizin ne kadar dolu gitti\u011fi bizim i\u00e7in \u00e7ok k\u0131ymetli.&#8221; diyerek e\u011fitim almak i\u00e7in bulunan kat\u0131l\u0131mc\u0131lara ve ev sahipli\u011fi yapan Mersin \u0130l Mill\u00ee E\u011fitim M\u00fcd\u00fcrl\u00fc\u011f\u00fcne te\u015fekk\u00fcr etti. Toplumsal kalk\u0131nman\u0131n, toplumun t\u00fcm kesimlerinin bir arada olmas\u0131yla m\u00fcmk\u00fcn oldu\u011funu vurgulayan Say\u0131n Cengiz Mete, Bakanl\u0131k olarak bu t\u00fcr \u00e7al\u0131\u015fmalar\u0131 destekleyeceklerini ifade etti.<\/p>\n\n\n\n<p>Toplant\u0131n\u0131n devam\u0131nda proje tan\u0131t\u0131m\u0131 yap\u0131ld\u0131. Toplant\u0131, deneyim payla\u015f\u0131m\u0131 paneli ve kursiyerlerin ba\u015far\u0131 hik\u00e2yeleri payla\u015f\u0131m\u0131 ile sona erdi.<\/p>\n\n\n\n<p>&#8220;Dijital Benim \u0130\u015fim&#8221; projesi kapsam\u0131nda kad\u0131n kursiyerlere ve \u00f6zellikle 11 deprem ilimizdeki kad\u0131nlara e\u011fitimler verilmi\u015f olup her ilden en az iki kad\u0131na istihdam sa\u011flanmas\u0131 hedeflenmi\u015f olup bu do\u011frultuda haz\u0131rlanan toplant\u0131ya 11 ilde yer alan 80&#8217;i Dijital Okuryazarl\u0131k ve 33&#8217;\u00fc Dijital Pazarlama olmak \u00fczere 113 e\u011fitici kat\u0131ld\u0131.<\/p>\n","protected":false},"excerpt":{"rendered":"<p>Mill\u00ee E\u011fitim Bakanl\u0131\u011f\u0131 Hayat Boyu \u00d6\u011frenme Genel M\u00fcd\u00fcrl\u00fc\u011f\u00fc ile Vodafone Vakf\u0131 aras\u0131nda yap\u0131lan i\u015f birli\u011fi protokol\u00fc ile halk e\u011fitimi merkezlerinde \u00f6\u011frenim g\u00f6ren kad\u0131nlara dijital okuryazarl\u0131k becerileri kazand\u0131r\u0131lmas\u0131 ve dijital alanlarda mesleki geli\u015fimlerini destekleyerek aktif i\u015fg\u00fcc\u00fcne kat\u0131lmalar\u0131na olanak sa\u011flanmas\u0131 amac\u0131yla hayata ge\u00e7irilen &#8220;Dijital Benim \u0130\u015fim&#8221; projesinin e\u011fitici bilgilendirme toplant\u0131s\u0131 yap\u0131ld\u0131. &#8220;Dijital Benim \u0130\u015fim&#8221; projesi e\u011fitici bilgilendirme [&hellip;]<\/p>\n","protected":false},"author":2,"featured_media":35974,"comment_status":"closed","ping_status":"closed","sticky":false,"template":"","format":"standard","meta":{"footnotes":""},"categories":[3,11],"tags":[],"class_list":["post-35973","post","type-post","status-publish","format-standard","has-post-thumbnail","hentry","category-manset","category-teknoloji"],"views":9,"_links":{"self":[{"href":"https:\/\/mersinkadingazetesi.com\/index.php?rest_route=\/wp\/v2\/posts\/35973"}],"collection":[{"href":"https:\/\/mersinkadingazetesi.com\/index.php?rest_route=\/wp\/v2\/posts"}],"about":[{"href":"https:\/\/mersinkadingazetesi.com\/index.php?rest_route=\/wp\/v2\/types\/post"}],"author":[{"embeddable":true,"href":"https:\/\/mersinkadingazetesi.com\/index.php?rest_route=\/wp\/v2\/users\/2"}],"replies":[{"embeddable":true,"href":"https:\/\/mersinkadingazetesi.com\/index.php?rest_route=%2Fwp%2Fv2%2Fcomments&post=35973"}],"version-history":[{"count":1,"href":"https:\/\/mersinkadingazetesi.com\/index.php?rest_route=\/wp\/v2\/posts\/35973\/revisions"}],"predecessor-version":[{"id":35975,"href":"https:\/\/mersinkadingazetesi.com\/index.php?rest_route=\/wp\/v2\/posts\/35973\/revisions\/35975"}],"wp:featuredmedia":[{"embeddable":true,"href":"https:\/\/mersinkadingazetesi.com\/index.php?rest_route=\/wp\/v2\/media\/35974"}],"wp:attachment":[{"href":"https:\/\/mersinkadingazetesi.com\/index.php?rest_route=%2Fwp%2Fv2%2Fmedia&parent=35973"}],"wp:term":[{"taxonomy":"category","embeddable":true,"href":"https:\/\/mersinkadingazetesi.com\/index.php?rest_route=%2Fwp%2Fv2%2Fcategories&post=35973"},{"taxonomy":"post_tag","embeddable":true,"href":"https:\/\/mersinkadingazetesi.com\/index.php?rest_route=%2Fwp%2Fv2%2Ftags&post=35973"}],"curies":[{"name":"wp","href":"https:\/\/api.w.org\/{rel}","templated":true}]}}