{"id":35979,"date":"2024-10-13T10:20:11","date_gmt":"2024-10-13T07:20:11","guid":{"rendered":"https:\/\/mersinkadingazetesi.com\/?p=35979"},"modified":"2024-10-13T10:20:12","modified_gmt":"2024-10-13T07:20:12","slug":"mersin-buyuksehir-dunya-kiz-cocuklari-gununu-kutladi","status":"publish","type":"post","link":"https:\/\/mersinkadingazetesi.com\/?p=35979","title":{"rendered":"MERS\u0130N B\u00dcY\u00dcK\u015eEH\u0130R &#8216;D\u00dcNYA KIZ \u00c7OCUKLARI G\u00dcN\u00dc&#8217;N\u00dc KUTLADI"},"content":{"rendered":"\n<p>Mersin B\u00fcy\u00fck\u015fehir Belediyesi Kad\u0131n ve Aile Hizmetleri Dairesi Ba\u015fkanl\u0131\u011f\u0131 b\u00fcnyesinde&nbsp;<strong>&#8216;D\u00fcnya K\u0131z \u00c7ocuklar\u0131 G\u00fcn\u00fc&#8217;<\/strong>&nbsp;kutland\u0131. Etkinlik ve Sanat Merkezi&#8217;nin bah\u00e7esinde kurulan at\u00f6lyelerde d\u00fczenlenen etkinliklerde k\u0131z \u00e7ocuklar\u0131 g\u00f6n\u00fcllerince e\u011flendi, g\u00fcnlerini kutlad\u0131.<\/p>\n\n\n\n<p><strong>Sahil \u00e7ocuk ne\u015fesiyle kapland\u0131<\/strong><\/p>\n\n\n\n<p>B\u00fcy\u00fck\u015fehir Belediyesi her \u00f6zel g\u00fcnde oldu\u011fu gibi&nbsp;<strong>&#8216;D\u00fcnya K\u0131z \u00c7ocuklar\u0131 G\u00fcn\u00fc&#8217;<\/strong>n\u00fc de unutmad\u0131 ve k\u0131z \u00e7ocuklar\u0131na dolu dolu etkinliklerin oldu\u011fu bir g\u00fcn haz\u0131rlad\u0131. Kent genelinde bir\u00e7ok okuldan \u00e7ocuklar\u0131n kat\u0131ld\u0131\u011f\u0131 etkinliklerde; seramik, anne-k\u0131z bileklik, drama, \u00e7i\u00e7ek dikim, spor gibi pek \u00e7ok alanda kurulan at\u00f6lyeler \u00e7ocuklar doyas\u0131ya e\u011flenirken, uzmanlar taraf\u0131ndan da mahremiyet e\u011fitimi verildi.<\/p>\n\n\n\n<p>Etkinli\u011fe Kad\u0131n ve Aile Hizmetleri Dairesi Ba\u015fkan\u0131 \u015eerife Haso\u011flu Dokucu ile ilgili m\u00fcd\u00fcrler ve personel kat\u0131l\u0131m sa\u011flad\u0131. MESK\u0130 m\u00fcd\u00fcrlerinin ve personelin de yer ald\u0131\u011f\u0131 etkinlikte \u00e7ocuklara suyun \u00f6nemi e\u011flenceli bir dille aktar\u0131ld\u0131. Y\u00fczlerce \u00e7ocu\u011fun kat\u0131l\u0131m sa\u011flad\u0131\u011f\u0131 ve t\u00fcm g\u00fcn s\u00fcren etkinlikte sahil \u00e7ocuk kahkahalar\u0131yla \u015fenlendi. \u00c7ocuklara ayr\u0131ca patlam\u0131\u015f m\u0131s\u0131r ve pamuk \u015feker ikram edildi.<\/p>\n\n\n\n<p><strong>Dursun: &#8220;\u00c7ocuklar\u0131m\u0131za mutlu olduklar\u0131 g\u00fcn\u00fc hediye etmek istedik&#8221;<\/strong><\/p>\n\n\n\n<p>Kad\u0131n ve Aile Hizmetleri Dairesi Aile ve \u00c7ocuk \u015eube M\u00fcd\u00fcr\u00fc Nazl\u0131 Cemre Dursun, D\u00fcnya K\u0131z \u00c7ocuklar\u0131 G\u00fcn\u00fc kapsam\u0131nda 14 farkl\u0131 at\u00f6lye d\u00fczenlediklerini anlatarak<strong>, &#8220;Bug\u00fcn hem psikomotor, psikososyal geli\u015fimlerini de destekleyecek nitelikte at\u00f6lyeler d\u00fczenledik. Bu at\u00f6lyelerimiz i\u00e7erisinde drama at\u00f6lyesi, resim at\u00f6lyesi, sanat terapisi, seramik at\u00f6lyesi, spor, yoga at\u00f6lyesi gibi \u00e7e\u015fitli at\u00f6lyelerimiz var. \u00c7ocuklar\u0131n g\u00fcvenli\u011fi, ya\u015fam haklar\u0131, kendini ifade edebilme \u00f6zg\u00fcrl\u00fc\u011f\u00fc bizim i\u00e7in \u00e7ok \u00f6nemli konular. Bu y\u00fczden mahremiyet e\u011fitimi ve \u00e7ocuk haklar\u0131 at\u00f6lyesi de ger\u00e7ekle\u015ftirdik&#8221;&nbsp;<\/strong>dedi.<\/p>\n\n\n\n<p>\u00c7ocuklar\u0131n birbirleriyle ileti\u015fime ge\u00e7erek sosyalle\u015fti\u011fini ifade eden Dursun,<strong>&nbsp;&#8220;Bu psikososyal becerilerini geli\u015ftirmelerine destek oldu. Ayn\u0131 zamanda ileti\u015fimlerini destekleyecek ve kendi fark\u0131ndal\u0131klar\u0131n\u0131 sa\u011flayacak at\u00f6lyelerimiz de buna destek sa\u011flad\u0131. Ulu \u00d6nder Atat\u00fcrk&#8217;\u00fcn s\u00f6z\u00fcyle &#8216;\u00c7ocuklar bizim gelece\u011fimizin g\u00fcvencesi, ayn\u0131 zamanda ya\u015fama sevincimiz.&#8217; Bizim i\u00e7in \u00e7ok \u00f6nemli. Biz de k\u0131z \u00e7ocuklar\u0131m\u0131za mutlu olduklar\u0131 g\u00fcn\u00fc hediye etmek istedik&#8221;&nbsp;&nbsp;<\/strong>diye konu\u015ftu.<\/p>\n\n\n\n<p><strong>Terzio\u011flu: &#8220;K\u0131z \u00e7ocuklar\u0131n\u0131 d\u00fc\u015f\u00fcnmek kadar g\u00fczel bir \u015fey yok&#8221;<\/strong><\/p>\n\n\n\n<p>Etkinlik ve Sanat Merkezi&#8217;nin bir\u00e7ok etkinli\u011fine \u00e7ocu\u011funu getirdi\u011fini anlatan ve D\u00fcnya K\u0131z \u00c7ocuklar\u0131 G\u00fcn\u00fc&#8217;nde b\u00f6yle bir etkinlik yap\u0131lmas\u0131n\u0131n \u00e7ok mutluluk verici oldu\u011funu dile getiren velilerden Dilek Terzio\u011flu,&nbsp;<strong>&#8220;\u00c7ocu\u011fumu s\u00fcrekli buraya getiriyorum. \u00c7ok g\u00fczel e\u011fleniyor, \u00e7ok memnunuz. K\u0131z \u00e7ocuklar\u0131n\u0131 d\u00fc\u015f\u00fcnmek kadar g\u00fczel bir \u015fey yok.<\/strong>&nbsp;<strong>Belediyemizin b\u00f6yle bir etkinlik yapmas\u0131 \u00e7ok g\u00fczel&#8221;<\/strong>&nbsp;dedi.<\/p>\n\n\n\n<p><strong>Bedir: &#8220;Bug\u00fcn bizim g\u00fcn\u00fcm\u00fcz&#8221;<\/strong><\/p>\n\n\n\n<p>Kendileri i\u00e7in d\u00fczenlenen etkinliklerde g\u00f6nl\u00fcnce e\u011flenen Elif Sude Bedir,&nbsp;<strong>&#8220;Y\u00fcz\u00fcm\u00fc boyad\u0131m. Balonlar yapt\u0131k. Kilden kase yapt\u0131k. Bir\u00e7ok at\u00f6lye kuruldu. Tek tek b\u00fct\u00fcn at\u00f6lyelere bakt\u0131m. Bug\u00fcn bizim g\u00fcn\u00fcm\u00fcz. D\u00fcnya K\u0131z \u00c7ocuklar\u0131 G\u00fcn\u00fc kutlu olsun&#8221;&nbsp;<\/strong>dedi.<\/p>\n\n\n\n<p>Etkinlik ve Sanat Merkezi&#8217;ne s\u00fcrekli geldi\u011fini anlatan Naz Esen,&nbsp;<strong>&#8220;Resim yapt\u0131m, ta\u015f boyama yapt\u0131m. Arkada\u015flar\u0131mla Etkinlik ve Sanat Merkezi&#8217;ne geldik. E\u011flenceli, iyi ki b\u00f6yle bir etkinlik olmu\u015f. Biz zaten buraya hep geliyoruz. Etkinlik ve Sanat Merkezi&#8217;ni \u00e7ok seviyorum&#8221;<\/strong>&nbsp;dedi.<\/p>\n\n\n\n<p>Bir\u00e7ok at\u00f6lyede e\u011flenceli etkinliklere kat\u0131ld\u0131\u011f\u0131n\u0131 s\u00f6yleyen miniklerden Esila Ayd\u0131n,&nbsp;<strong>&#8220;Burada bileklik yapt\u0131m, resim ve boyama yapt\u0131m. Bug\u00fcn D\u00fcnya K\u0131z \u00c7ocuklar\u0131 G\u00fcn\u00fc, biz de burada \u00e7ok e\u011fleniyoruz. Buray\u0131 sevdim. Arkada\u015flar\u0131mla e\u011fleniyorum&#8221;<\/strong>&nbsp;dedi.&nbsp;&nbsp;<\/p>\n","protected":false},"excerpt":{"rendered":"<p>Mersin B\u00fcy\u00fck\u015fehir Belediyesi Kad\u0131n ve Aile Hizmetleri Dairesi Ba\u015fkanl\u0131\u011f\u0131 b\u00fcnyesinde&nbsp;&#8216;D\u00fcnya K\u0131z \u00c7ocuklar\u0131 G\u00fcn\u00fc&#8217;&nbsp;kutland\u0131. Etkinlik ve Sanat Merkezi&#8217;nin bah\u00e7esinde kurulan at\u00f6lyelerde d\u00fczenlenen etkinliklerde k\u0131z \u00e7ocuklar\u0131 g\u00f6n\u00fcllerince e\u011flendi, g\u00fcnlerini kutlad\u0131. Sahil \u00e7ocuk ne\u015fesiyle kapland\u0131 B\u00fcy\u00fck\u015fehir Belediyesi her \u00f6zel g\u00fcnde oldu\u011fu gibi&nbsp;&#8216;D\u00fcnya K\u0131z \u00c7ocuklar\u0131 G\u00fcn\u00fc&#8217;n\u00fc de unutmad\u0131 ve k\u0131z \u00e7ocuklar\u0131na dolu dolu etkinliklerin oldu\u011fu bir g\u00fcn haz\u0131rlad\u0131. Kent [&hellip;]<\/p>\n","protected":false},"author":2,"featured_media":35980,"comment_status":"closed","ping_status":"closed","sticky":false,"template":"","format":"standard","meta":{"footnotes":""},"categories":[3],"tags":[],"class_list":["post-35979","post","type-post","status-publish","format-standard","has-post-thumbnail","hentry","category-manset"],"views":1,"_links":{"self":[{"href":"https:\/\/mersinkadingazetesi.com\/index.php?rest_route=\/wp\/v2\/posts\/35979"}],"collection":[{"href":"https:\/\/mersinkadingazetesi.com\/index.php?rest_route=\/wp\/v2\/posts"}],"about":[{"href":"https:\/\/mersinkadingazetesi.com\/index.php?rest_route=\/wp\/v2\/types\/post"}],"author":[{"embeddable":true,"href":"https:\/\/mersinkadingazetesi.com\/index.php?rest_route=\/wp\/v2\/users\/2"}],"replies":[{"embeddable":true,"href":"https:\/\/mersinkadingazetesi.com\/index.php?rest_route=%2Fwp%2Fv2%2Fcomments&post=35979"}],"version-history":[{"count":1,"href":"https:\/\/mersinkadingazetesi.com\/index.php?rest_route=\/wp\/v2\/posts\/35979\/revisions"}],"predecessor-version":[{"id":35981,"href":"https:\/\/mersinkadingazetesi.com\/index.php?rest_route=\/wp\/v2\/posts\/35979\/revisions\/35981"}],"wp:featuredmedia":[{"embeddable":true,"href":"https:\/\/mersinkadingazetesi.com\/index.php?rest_route=\/wp\/v2\/media\/35980"}],"wp:attachment":[{"href":"https:\/\/mersinkadingazetesi.com\/index.php?rest_route=%2Fwp%2Fv2%2Fmedia&parent=35979"}],"wp:term":[{"taxonomy":"category","embeddable":true,"href":"https:\/\/mersinkadingazetesi.com\/index.php?rest_route=%2Fwp%2Fv2%2Fcategories&post=35979"},{"taxonomy":"post_tag","embeddable":true,"href":"https:\/\/mersinkadingazetesi.com\/index.php?rest_route=%2Fwp%2Fv2%2Ftags&post=35979"}],"curies":[{"name":"wp","href":"https:\/\/api.w.org\/{rel}","templated":true}]}}