{"id":35982,"date":"2024-10-13T10:22:54","date_gmt":"2024-10-13T07:22:54","guid":{"rendered":"https:\/\/mersinkadingazetesi.com\/?p=35982"},"modified":"2024-10-13T10:22:54","modified_gmt":"2024-10-13T07:22:54","slug":"chpli-yilmazdan-kocaeli-gebzedeki-hayvan-katliamina-tepki","status":"publish","type":"post","link":"https:\/\/mersinkadingazetesi.com\/?p=35982","title":{"rendered":"CHP\u2019li Y\u0131lmaz\u2019dan Kocaeli Gebze&#8217;deki hayvan katliam\u0131na tepki\u00a0"},"content":{"rendered":"\n<p>Cumhuriyet Halk Partisi Mezitli \u0130l\u00e7e Ba\u015fkan\u0131 Av. Ula\u015f Y\u0131lmaz, ya\u015fam savunucular\u0131n\u0131n &#8216;katliam yasas\u0131&#8217; olarak adland\u0131rd\u0131\u011f\u0131, CHP&#8217;nin AYM&#8217;ye ta\u015f\u0131d\u0131\u011f\u0131 yasan\u0131n bu sonu\u00e7lar\u0131 do\u011furaca\u011f\u0131 konusunda uyard\u0131klar\u0131n\u0131 an\u0131msatarak, &nbsp;&#8220;AKP \u00e7\u00f6z\u00fcm \u00f6nerilerine kulak t\u0131kad\u0131. Bilerek, isteyerek bu tabloyu yaratt\u0131.&#8221; dedi.<\/p>\n\n\n\n<p>Cumhuriyet Halk Partisi Mezitli \u0130l\u00e7e Ba\u015fkan\u0131 Av. Ula\u015f Y\u0131lmaz, Kocaeli Gebze Belediyesi Sokak Hayvanlar\u0131 Tedavi, Rehabilitasyon Merkezi&#8217;nde aralar\u0131nda yavru kedi ve k\u00f6peklerin de oldu\u011fu 50&#8217;ye yak\u0131n hayvan\u0131n zehirlenerek \u00f6ld\u00fcr\u00fclmesine tepki g\u00f6sterdi.<br>Kamuoyunda &#8220;katliam yasas\u0131&#8221; olarak bilinen yasan\u0131n t\u00fcm tepkilere ra\u011fmen kabul edildi\u011fine i\u015faret ederek, \u015funlar\u0131 s\u00f6yledi:<\/p>\n\n\n\n<p>KAMU V\u0130CDANINDA HAPSOLDULAR<br>&#8220;Yasan\u0131n do\u011furaca\u011f\u0131 sonu\u00e7lar konusunda iktidar mensuplar\u0131n\u0131 uyard\u0131k. Cumhuriyet Halk Partisi, ya\u015fam savunucular\u0131n\u0131n &#8216;katliam yasas\u0131&#8217; olarak adland\u0131rd\u0131\u011f\u0131 kanunun iptali ve y\u00fcr\u00fcrl\u00fc\u011f\u00fcn\u00fcn durdurulmas\u0131 talebiyle AYM&#8217;de dava a\u00e7t\u0131. Yasan\u0131n katliamlara, vah\u015fete \u00e7anak tutaca\u011f\u0131 belliydi. Ama iktidar mensuplar\u0131 t\u00fcm \u00f6nerilere kulaklar\u0131 t\u0131kad\u0131. \u00c7\u00fcnk\u00fc bu tabloyu bile isteye yaratt\u0131. Gebze&#8217;de ya\u015fanan vah\u015fetin sorumlular\u0131, kamu vicdan\u0131nda hapsoldular. Ama hukuk \u00f6n\u00fcnde de hesap vermelerini istiyoruz. H\u00fck\u00fcmeti bir kez daha uyar\u0131yoruz, toplumda \u015fiddet her ge\u00e7en g\u00fcn art\u0131yor. Yasay\u0131 geri \u00e7ek!&#8221;<\/p>\n","protected":false},"excerpt":{"rendered":"<p>Cumhuriyet Halk Partisi Mezitli \u0130l\u00e7e Ba\u015fkan\u0131 Av. Ula\u015f Y\u0131lmaz, ya\u015fam savunucular\u0131n\u0131n &#8216;katliam yasas\u0131&#8217; olarak adland\u0131rd\u0131\u011f\u0131, CHP&#8217;nin AYM&#8217;ye ta\u015f\u0131d\u0131\u011f\u0131 yasan\u0131n bu sonu\u00e7lar\u0131 do\u011furaca\u011f\u0131 konusunda uyard\u0131klar\u0131n\u0131 an\u0131msatarak, &nbsp;&#8220;AKP \u00e7\u00f6z\u00fcm \u00f6nerilerine kulak t\u0131kad\u0131. Bilerek, isteyerek bu tabloyu yaratt\u0131.&#8221; dedi. Cumhuriyet Halk Partisi Mezitli \u0130l\u00e7e Ba\u015fkan\u0131 Av. Ula\u015f Y\u0131lmaz, Kocaeli Gebze Belediyesi Sokak Hayvanlar\u0131 Tedavi, Rehabilitasyon Merkezi&#8217;nde aralar\u0131nda yavru [&hellip;]<\/p>\n","protected":false},"author":2,"featured_media":35983,"comment_status":"closed","ping_status":"closed","sticky":false,"template":"","format":"standard","meta":{"footnotes":""},"categories":[3],"tags":[],"class_list":["post-35982","post","type-post","status-publish","format-standard","has-post-thumbnail","hentry","category-manset"],"views":1,"_links":{"self":[{"href":"https:\/\/mersinkadingazetesi.com\/index.php?rest_route=\/wp\/v2\/posts\/35982"}],"collection":[{"href":"https:\/\/mersinkadingazetesi.com\/index.php?rest_route=\/wp\/v2\/posts"}],"about":[{"href":"https:\/\/mersinkadingazetesi.com\/index.php?rest_route=\/wp\/v2\/types\/post"}],"author":[{"embeddable":true,"href":"https:\/\/mersinkadingazetesi.com\/index.php?rest_route=\/wp\/v2\/users\/2"}],"replies":[{"embeddable":true,"href":"https:\/\/mersinkadingazetesi.com\/index.php?rest_route=%2Fwp%2Fv2%2Fcomments&post=35982"}],"version-history":[{"count":1,"href":"https:\/\/mersinkadingazetesi.com\/index.php?rest_route=\/wp\/v2\/posts\/35982\/revisions"}],"predecessor-version":[{"id":35984,"href":"https:\/\/mersinkadingazetesi.com\/index.php?rest_route=\/wp\/v2\/posts\/35982\/revisions\/35984"}],"wp:featuredmedia":[{"embeddable":true,"href":"https:\/\/mersinkadingazetesi.com\/index.php?rest_route=\/wp\/v2\/media\/35983"}],"wp:attachment":[{"href":"https:\/\/mersinkadingazetesi.com\/index.php?rest_route=%2Fwp%2Fv2%2Fmedia&parent=35982"}],"wp:term":[{"taxonomy":"category","embeddable":true,"href":"https:\/\/mersinkadingazetesi.com\/index.php?rest_route=%2Fwp%2Fv2%2Fcategories&post=35982"},{"taxonomy":"post_tag","embeddable":true,"href":"https:\/\/mersinkadingazetesi.com\/index.php?rest_route=%2Fwp%2Fv2%2Ftags&post=35982"}],"curies":[{"name":"wp","href":"https:\/\/api.w.org\/{rel}","templated":true}]}}