{"id":35985,"date":"2024-10-13T10:24:35","date_gmt":"2024-10-13T07:24:35","guid":{"rendered":"https:\/\/mersinkadingazetesi.com\/?p=35985"},"modified":"2024-10-13T10:24:36","modified_gmt":"2024-10-13T07:24:36","slug":"baskan-yildiz-gelecek-nesillere-daha-temiz-bir-cevre-birakmak-icin-bu-dayanismamizi-surdurecegiz","status":"publish","type":"post","link":"https:\/\/mersinkadingazetesi.com\/?p=35985","title":{"rendered":"Ba\u015fkan Y\u0131ld\u0131z: &#8220;Gelecek Nesillere Daha Temiz Bir \u00c7evre B\u0131rakmak \u0130\u00e7in Bu Dayan\u0131\u015fmam\u0131z\u0131 S\u00fcrd\u00fcrece\u011fiz&#8221;"},"content":{"rendered":"\n<p>Toroslar Belediyesinin &#8220;Mahallede Temizlik Var&#8221; Kampanyas\u0131, 12&#8217;nci haftas\u0131nda \u00c7a\u011fda\u015fkent Mahallesi&#8217;nde devam etti. Dayan\u0131\u015fman\u0131n en g\u00fczel foto\u011fraf karesinin verildi\u011fi kampanyaya \u00e7ocuklar ve gen\u00e7ler de yo\u011fun ilgi g\u00f6steriyor.<\/p>\n\n\n\n<p>Toroslar Belediye Ba\u015fkan\u0131 Abdurrahman Y\u0131ld\u0131z ile birlikte sokaklar\u0131, parklar\u0131 ve ye\u015fil alanlar\u0131 tek tek gezerek \u00e7al\u0131\u015fmalara destek veren gen\u00e7ler, bu \u00e7al\u0131\u015fman\u0131n i\u00e7erisinde yer alman\u0131n mutlulu\u011funu dile getirdi.<\/p>\n\n\n\n<p>Belediye ba\u015fkan yard\u0131mc\u0131lar\u0131, meclis \u00fcyeleri, sivil toplum kurulu\u015flar\u0131n\u0131n temsilcileri ve mahalle halk\u0131n\u0131n da destek verdi\u011fi kampanya ile \u00e7evre bilinci fark\u0131ndal\u0131\u011f\u0131 olu\u015fturuluyor.<\/p>\n\n\n\n<p>Temiz \u00e7evrenin hepimizin sa\u011fl\u0131\u011f\u0131 ve gelece\u011fi a\u00e7\u0131s\u0131ndan \u00f6nemine de\u011finen Ba\u015fkan Y\u0131ld\u0131z ise temizlik seferberli\u011fine kat\u0131larak destek veren herkese te\u015fekk\u00fcr etti.<\/p>\n\n\n\n<p><strong>&#8220;KONTEYNERLER YEN\u0130LEND\u0130, ARA\u00c7 SAYISI ARTIRILDI&#8221;<\/strong><\/p>\n\n\n\n<p>&#8220;Mahallede Temizlik Var&#8221; kampanyas\u0131 ile \u00e7evreyi temiz tutma hassasiyetinin artt\u0131\u011f\u0131n\u0131 belirten Ba\u015fkan Y\u0131ld\u0131z, &#8220;Kampanyam\u0131z\u0131n 12&#8217;nci haftas\u0131nda \u00c7a\u011fda\u015fkent Mahallemizi temizliyoruz. \u00c7a\u011fda\u015fkent Mahallesi, yeni yerle\u015fim alan\u0131 olmas\u0131 nedeniyle sorunlar\u0131n\u0131 a\u015fm\u0131\u015f, konutlar\u0131n ve sokaklar\u0131n di\u011fer mahallelere g\u00f6re daha d\u00fczenli oldu\u011fu bir mahalledir. Bundan sonra \u00e7ok daha g\u00fczel olacak. \u00c7\u00fcnk\u00fc muhtar\u0131m\u0131zla, mahalle sakinlerimizle ve gen\u00e7lerimizle beraber burada temizlik hassasiyeti i\u00e7in bir araya geldik. Her zaman s\u00f6yl\u00fcyorum. Temiz olman\u0131n birinci ko\u015fulu kirletmemek. Ben gerek \u00c7a\u011fda\u015fkent Mahallemizde gerek t\u00fcm mahallelerimizde halk\u0131m\u0131z\u0131n bu konuda art\u0131k daha duyarl\u0131 davrand\u0131\u011f\u0131n\u0131 g\u00f6r\u00fcyorum. Kirletmeyece\u011fiz ki daha temiz ya\u015fayal\u0131m. Biz de kirlenmemesi i\u00e7in elimizden geleni yap\u0131yoruz&#8221; dedi.<\/p>\n\n\n\n<p>Mahallelerde konteynerlerin yenilendi\u011finin, ara\u00e7 gere\u00e7 say\u0131s\u0131n\u0131n art\u0131r\u0131ld\u0131\u011f\u0131n\u0131n bilgisini veren Ba\u015fkan Y\u0131ld\u0131z, &#8220;Konteynerlerimizi yeniliyoruz, b\u00fct\u00fcn mahallerimize yerle\u015ftirece\u011fiz. Ara\u00e7, alet edevat say\u0131m\u0131z\u0131 art\u0131r\u0131yoruz. Temizlik \u0130\u015fleri M\u00fcd\u00fcrl\u00fc\u011f\u00fcm\u00fcze dair ciddi bir tahkimat yapt\u0131k. Kentimize yeni s\u00fcp\u00fcrme ara\u00e7lar\u0131 kazand\u0131rd\u0131k. Bundan sonra mahallelerimiz, sadece \u00e7al\u0131\u015fanlar\u0131m\u0131z\u0131n marifetiyle de\u011fil ayn\u0131 zamanda makine ve ara\u00e7 marifetiyle de s\u00fcp\u00fcr\u00fclecek. Daha temiz bir Toroslar&#8217;\u0131 hep beraber yaratmak i\u00e7in \u00e7aba g\u00f6steriyoruz&#8221; diye konu\u015ftu.<\/p>\n\n\n\n<p><strong>MUHTAR DA\u011eDELEN: &#8220;\u00c7EVREM\u0130Z\u0130 TEM\u0130Z TUTALIM&#8221;<\/strong><\/p>\n\n\n\n<p>Temizlik seferberli\u011fine kat\u0131lan ve destek veren \u00c7a\u011fda\u015fkent Mahallesi Muhtar\u0131 Serminaz Da\u011fdelen ise \u00e7evre temizli\u011finin \u00f6nemini vurgulayarak, &#8220;Daha temiz bir \u00e7evre i\u00e7in \u00e7\u00f6plerimizi \u00e7\u00f6p bidonuna atal\u0131m&#8221; \u00e7a\u011fr\u0131s\u0131nda bulundu.<\/p>\n","protected":false},"excerpt":{"rendered":"<p>Toroslar Belediyesinin &#8220;Mahallede Temizlik Var&#8221; Kampanyas\u0131, 12&#8217;nci haftas\u0131nda \u00c7a\u011fda\u015fkent Mahallesi&#8217;nde devam etti. Dayan\u0131\u015fman\u0131n en g\u00fczel foto\u011fraf karesinin verildi\u011fi kampanyaya \u00e7ocuklar ve gen\u00e7ler de yo\u011fun ilgi g\u00f6steriyor. Toroslar Belediye Ba\u015fkan\u0131 Abdurrahman Y\u0131ld\u0131z ile birlikte sokaklar\u0131, parklar\u0131 ve ye\u015fil alanlar\u0131 tek tek gezerek \u00e7al\u0131\u015fmalara destek veren gen\u00e7ler, bu \u00e7al\u0131\u015fman\u0131n i\u00e7erisinde yer alman\u0131n mutlulu\u011funu dile getirdi. Belediye ba\u015fkan [&hellip;]<\/p>\n","protected":false},"author":2,"featured_media":35986,"comment_status":"closed","ping_status":"closed","sticky":false,"template":"","format":"standard","meta":{"footnotes":""},"categories":[2,3,9],"tags":[],"class_list":["post-35985","post","type-post","status-publish","format-standard","has-post-thumbnail","hentry","category-gundem","category-manset","category-saglik"],"views":7,"_links":{"self":[{"href":"https:\/\/mersinkadingazetesi.com\/index.php?rest_route=\/wp\/v2\/posts\/35985"}],"collection":[{"href":"https:\/\/mersinkadingazetesi.com\/index.php?rest_route=\/wp\/v2\/posts"}],"about":[{"href":"https:\/\/mersinkadingazetesi.com\/index.php?rest_route=\/wp\/v2\/types\/post"}],"author":[{"embeddable":true,"href":"https:\/\/mersinkadingazetesi.com\/index.php?rest_route=\/wp\/v2\/users\/2"}],"replies":[{"embeddable":true,"href":"https:\/\/mersinkadingazetesi.com\/index.php?rest_route=%2Fwp%2Fv2%2Fcomments&post=35985"}],"version-history":[{"count":1,"href":"https:\/\/mersinkadingazetesi.com\/index.php?rest_route=\/wp\/v2\/posts\/35985\/revisions"}],"predecessor-version":[{"id":35987,"href":"https:\/\/mersinkadingazetesi.com\/index.php?rest_route=\/wp\/v2\/posts\/35985\/revisions\/35987"}],"wp:featuredmedia":[{"embeddable":true,"href":"https:\/\/mersinkadingazetesi.com\/index.php?rest_route=\/wp\/v2\/media\/35986"}],"wp:attachment":[{"href":"https:\/\/mersinkadingazetesi.com\/index.php?rest_route=%2Fwp%2Fv2%2Fmedia&parent=35985"}],"wp:term":[{"taxonomy":"category","embeddable":true,"href":"https:\/\/mersinkadingazetesi.com\/index.php?rest_route=%2Fwp%2Fv2%2Fcategories&post=35985"},{"taxonomy":"post_tag","embeddable":true,"href":"https:\/\/mersinkadingazetesi.com\/index.php?rest_route=%2Fwp%2Fv2%2Ftags&post=35985"}],"curies":[{"name":"wp","href":"https:\/\/api.w.org\/{rel}","templated":true}]}}