{"id":35988,"date":"2024-10-13T10:26:11","date_gmt":"2024-10-13T07:26:11","guid":{"rendered":"https:\/\/mersinkadingazetesi.com\/?p=35988"},"modified":"2024-10-13T10:26:12","modified_gmt":"2024-10-13T07:26:12","slug":"baskan-secer-mersin-halki-kulture-sanata-egitime-deger-veren-bir-halk","status":"publish","type":"post","link":"https:\/\/mersinkadingazetesi.com\/?p=35988","title":{"rendered":"BA\u015eKAN SE\u00c7ER: &#8220;MERS\u0130N HALKI K\u00dcLT\u00dcRE, SANATA, E\u011e\u0130T\u0130ME DE\u011eER VEREN B\u0130R HALK&#8221;"},"content":{"rendered":"\n<p>Mersin B\u00fcy\u00fck\u015fehir Belediye Ba\u015fkan\u0131 Vahap Se\u00e7er, Mersin B\u00fcy\u00fck\u015fehir Belediyesi taraf\u0131ndan da desteklenen&nbsp;<strong>&#8216;9. Mersin CNR Kitap Fuar\u0131&#8217;<\/strong>n\u0131n ve&nbsp;<strong>&#8216;Uluslararas\u0131&nbsp;Yeni\u015fehir K\u00fclt\u00fcr Festivali&#8217;<\/strong>nin&nbsp;a\u00e7\u0131l\u0131\u015f program\u0131na kat\u0131ld\u0131.&nbsp;&#8216;<strong>9. Mersin CNR Kitap Fuar\u0131&#8217;<\/strong>,<strong>&nbsp;<\/strong>bu y\u0131l&nbsp;<strong><em>&#8216;Oku&#8217;<\/em><\/strong>&nbsp;mottosu ile d\u00fczenleniyor.&nbsp;<strong>&#8216;9. Mersin CNR Kitap Fuar\u0131&#8217;<\/strong>&nbsp;ve&nbsp;<strong>&#8216;Uluslararas\u0131 Yeni\u015fehir K\u00fclt\u00fcr Festivali&#8217;&nbsp;<\/strong>12-20 Ekim tarihleri aras\u0131nda Yeni\u015fehir CNR EXPO Fuar Alan\u0131&#8217;nda&nbsp;ziyaret\u00e7ilerini bekliyor.&nbsp;<\/p>\n\n\n\n<p>A\u00e7\u0131l\u0131\u015f program\u0131nda festivalin onur konu\u011fu \u015fair ve yazar \u00d6zdemir \u0130nce ile yazarlar \u0130pek Ongun ve Feridun Anda\u00e7 da yer ald\u0131.<\/p>\n\n\n\n<p><strong>Kitapseverler bu fuarda&#8230;<\/strong><\/p>\n\n\n\n<p>\u0130mza g\u00fcnleri, s\u00f6yle\u015filer, sohbetler ve yar\u0131\u015fmalar\u0131n yap\u0131laca\u011f\u0131 fuarda hem kat\u0131l\u0131mc\u0131lar hem de ziyaret\u00e7iler fuar s\u00fcresince e\u011flenceli ve hareketli g\u00fcnler ge\u00e7irecek. Her ya\u015f ve meslek grubundan binlerce ki\u015finin ziyaret etti\u011fi fuar; Mersin Valili\u011fi, Mersin B\u00fcy\u00fck\u015fehir Belediyesi, Mersin \u0130l Milli E\u011fitim M\u00fcd\u00fcrl\u00fc\u011f\u00fc, Yeni\u015fehir Belediyesi, Mersin Ticaret ve Sanayi Odas\u0131 (MTSO) ve KOSGEB destekleri ile d\u00fczenleniyor. Fuarda 100&#8217;den fazla yay\u0131nevi 300&#8217;den fazla markas\u0131n\u0131 sergileyecek.<\/p>\n\n\n\n<p><strong>Ba\u015fkan Se\u00e7er: &#8220;Mersin halk\u0131 k\u00fclt\u00fcre, sanata, e\u011fitime de\u011fer veren bir halk&#8221;<\/strong><\/p>\n\n\n\n<p>Fuar\u0131n Mersin&#8217;e yak\u0131\u015f\u0131r bir fuar oldu\u011funu vurgulayan Mersin B\u00fcy\u00fck\u015fehir Belediye Ba\u015fkan\u0131 Vahap Se\u00e7er, konu\u015fmas\u0131na birbirinden k\u0131ymetli sanat\u00e7\u0131lar\u0131 selamlayarak ba\u015flad\u0131. Mersin CNR Kitap Fuar\u0131&#8217;n\u0131n Mersin&#8217;in en geleneksel fuar\u0131 oldu\u011funa dikkat \u00e7eken Se\u00e7er,&nbsp;<strong>&#8220;Mersin&#8217;de yap\u0131lan fuarlar i\u00e7erisinde en fazla ziyaret\u00e7i say\u0131s\u0131na sahip olan bir fuar. Demek ki \u00fclke ortalamalar\u0131 ne kadar kitap okuma oran\u0131n\u0131n d\u00fc\u015f\u00fck oldu\u011funu g\u00f6steriyorsa da, \u00f6zellikle son birka\u00e7 y\u0131ld\u0131r ak\u0131l almaz bir \u015fekilde hayat pahal\u0131l\u0131\u011f\u0131 ve bunun ka\u011f\u0131t, kitap ve gazete fiyatlar\u0131na yans\u0131mas\u0131 art\u0131k \u00e7ocuklar\u0131m\u0131z\u0131n, gen\u00e7lerimizin ya da yeti\u015fkinlerimizin okumas\u0131na engel te\u015fkil ediyorsa da Mersin halk\u0131n\u0131n bir ay\u0131r\u0131c\u0131 \u00f6zelli\u011fi var. Mersin halk\u0131 k\u00fclt\u00fcre, sanata, e\u011fitime de\u011fer ve \u00f6nem veren bir halk. Bizim s\u00f6yledi\u011fimiz gibi;&nbsp;<em>&#8216;Mersin k\u00fclt\u00fcr ve medeniyet \u015fehridir. Mersin, Mustafa Kemal&#8217;in \u015fehridir.&#8217;<\/em>&nbsp;Retorikte kalm\u0131yor, \u00f6z\u00fcnde bu var&#8230;&#8221;&nbsp;<\/strong>diyerek, ba\u015fta Mersinlilere ve \u00e7evre illerden Mersin&#8217;e gelerek renk katan vatanda\u015flara te\u015fekk\u00fcr etti.<\/p>\n\n\n\n<p><strong>&#8220;Sizlerin deste\u011fiyle nas\u0131l \u015fehirlerimizi de\u011fi\u015ftiriyorsak emin olun \u00fclkeyi de de\u011fi\u015ftirece\u011fiz&#8221;<\/strong><\/p>\n\n\n\n<p>Belediye Ba\u015fkan\u0131n\u0131n tercih etti\u011fi renkten oturmas\u0131na, kalkmas\u0131na kadar her hareketini kente yans\u0131tt\u0131\u011f\u0131n\u0131 belirten Se\u00e7er,&nbsp;<strong>&#8220;Ne mutlu ki 2019&#8217;dan bu yana \u00f6zellikle Yeni\u015fehir ve Mezitli ba\u015fta olmak \u00fczere bir\u00e7ok il\u00e7emizde \u00e7a\u011fda\u015f d\u00fc\u015f\u00fcnceli belediye ba\u015fkanlar\u0131 g\u00f6rev yapt\u0131. Sayenizde ben de 2019&#8217;dan sonra Mersin B\u00fcy\u00fck\u015fehir&#8217;i y\u00f6neten bir belediye ba\u015fkan\u0131 olarak bunlar\u0131 s\u00f6yl\u00fcyorum. Ama 2024 i\u00e7inde bir geli\u015fme oldu ve bu d\u00fc\u015f\u00fcnceye sahip art\u0131k 3&#8217;ten 4&#8217;ten 5&#8217;ten fazla belediye ba\u015fkanlar\u0131 oldu. Bizlerin gayreti, sizlerin deste\u011fiyle nas\u0131l \u015fehirlerimizi de\u011fi\u015ftiriyorsak, emin olun \u00fclkeyi de de\u011fi\u015ftirece\u011fiz&#8221;<\/strong>&nbsp;s\u00f6zlerine yer verdi.<\/p>\n\n\n\n<p><strong>&#8220;Karanl\u0131\u011f\u0131n pe\u015finden gitmeyin, \u00e7a\u011fda\u015fl\u0131\u011f\u0131 ve ger\u00e7e\u011fi yakalaman\u0131n gayreti i\u00e7erisinde olun&#8221;<\/strong><\/p>\n\n\n\n<p>Emek edenin, \u00e7al\u0131\u015fan\u0131n kazand\u0131\u011f\u0131na dikkat \u00e7eken Se\u00e7er,&nbsp;<strong>&#8220;Biz halk\u0131m\u0131z\u0131, milletimizi seviyoruz. Biz Atat\u00fcrk&#8217;\u00fcn dedi\u011fi gibi&nbsp;<em>&#8216;Hayatta en hakiki m\u00fcr\u015fit ilimdir&#8217;<\/em>&nbsp;diyoruz. \u0130limin pe\u015finden gideriz, onun i\u00e7in \u00e7ocuklar\u0131m\u0131za okumay\u0131 tavsiye ediyoruz. E\u011fitimi, \u00e7a\u011fda\u015f e\u011fitimi, bilimsel e\u011fitimi tavsiye ediyoruz. Diyoruz ki;&nbsp;<em>&#8216;Sak\u0131n karanl\u0131\u011f\u0131n, hurafelerin ve hikayelerin pe\u015finden gitmeyin, gelin pozitif bilim yap\u0131n. \u00c7a\u011fda\u015fl\u0131\u011f\u0131 ve, ger\u00e7e\u011fi yakalaman\u0131n gayreti i\u00e7erisinde olun&#8217;<\/em>&nbsp;&#8221;&nbsp;<\/strong>diye konu\u015ftu.G\u00fcn\u00fcm\u00fcz d\u00fcnyas\u0131nda uluslararas\u0131 rekabetin hamasetle, ba\u011f\u0131rmakla, ahkam kesip, parmak sallamakla olmad\u0131\u011f\u0131na dikkat \u00e7eken Se\u00e7er, rekabetin bilimle, \u00e7a\u011fda\u015fl\u0131kla ve teknoloji ile oldu\u011funu s\u00f6yledi.<\/p>\n\n\n\n<p><strong>&#8220;Adres Yeni Nesil K\u00fct\u00fcphane ve Okuma Salonu bir mesaj i\u00e7eriyor&#8221;<\/strong><\/p>\n\n\n\n<p>Mersinliler i\u00e7in yeni nesil k\u00fct\u00fcphaneler yapt\u0131klar\u0131n\u0131 ve di\u011fer belediyelerin de benzer projelere imza att\u0131klar\u0131n\u0131 belirten Se\u00e7er, Adres Yeni Nesil K\u00fct\u00fcphane ve Okuma Salonu&#8217;nun bir model oldu\u011funu ve yap\u0131ld\u0131\u011f\u0131 yer itibari ile de bir mesaj bar\u0131nd\u0131rd\u0131\u011f\u0131n\u0131 s\u00f6yledi. Se\u00e7er,&nbsp;<strong>&#8220;Oran\u0131n farkl\u0131 bir mesaj\u0131 var, oras\u0131 sahil ve rant b\u00f6lgesi. Rant b\u00f6lgesi tan\u0131m\u0131 sadece rantiye i\u00e7in kullan\u0131lmaz, halk i\u00e7in de kullan\u0131l\u0131r. Mersin B\u00fcy\u00fck\u015fehir Belediyesi bu mesaj\u0131 vermek i\u00e7in k\u00fct\u00fcphaneyi oraya yapt\u0131. \u0130kincisini de \u00f6n\u00fcm\u00fczdeki y\u0131l temelini at\u0131p yapaca\u011f\u0131z. Ama toplamda 12 yeni nesil k\u00fct\u00fcphaneyi Mersinlerin hizmetine kazand\u0131rd\u0131k. Yeni\u015fehir Belediyesi de bunun gayreti i\u00e7erisinde. \u00c7ok g\u00fczel, yeni projeleri var, hizmete sundu\u011fu projeler var. Yine Abdurrahman Ba\u015fkan\u0131m\u0131n da var. Hep beraber il\u00e7e ve b\u00fcy\u00fck\u015fehir belediyeleri okuma salonlar\u0131n\u0131n say\u0131s\u0131n\u0131, yeni nesil k\u00fct\u00fcphanelerinin say\u0131s\u0131n\u0131 artt\u0131raca\u011f\u0131z. Bu da bizim Mersin halk\u0131na bir s\u00f6z\u00fcm\u00fcz olsun&#8221;<\/strong>&nbsp;dedi.<\/p>\n\n\n\n<p>9. Mersin CNR Kitap Fuar\u0131 i\u00e7erisinde B\u00fcy\u00fck\u015fehir Belediyesi&#8217;nin de stant\u0131 oldu\u011funu ve yazarlar\u0131n\u0131n imza g\u00fcn\u00fc d\u00fczenleyece\u011fini aktaran Se\u00e7er, \u015fimdiye kadar 32 yazar\u0131n toplam 42 farkl\u0131 eserini yay\u0131nlad\u0131klar\u0131n\u0131 kaydetti.<\/p>\n\n\n\n<p><strong>&#8220;Mersin d\u00fcnyada sayg\u0131n fuar kentlerinden biri olabilir&#8221;<\/strong><\/p>\n\n\n\n<p>Konu\u015fmas\u0131n\u0131 belediye ba\u015fkanlar\u0131, ticaret ve sanayi odas\u0131 y\u00f6neticileri ve kentte bulunan di\u011fer i\u015f d\u00fcnyas\u0131 \u00f6rg\u00fctlerine seslenerek s\u00fcrd\u00fcren Se\u00e7er, mevcut fuar alan\u0131n\u0131n \u00e7ok de\u011ferli bir hizmet vermekle birlikte, kentin geli\u015fimine paralel olarak yeni nesil bir fuar alan\u0131n\u0131n Mersin&#8217;e kazand\u0131r\u0131lmas\u0131 gerekti\u011finin alt\u0131n\u0131 \u00e7izdi.<\/p>\n\n\n\n<p>Mersin&#8217;in hava-deniz ve karayolu ta\u015f\u0131mac\u0131l\u0131\u011f\u0131nda ileri bir kent haline geldi\u011fini, potansiyelini her ge\u00e7en g\u00fcn art\u0131ran bir konumda oldu\u011funu dile getiren Se\u00e7er,&nbsp;<strong>&#8220;Mersin; ula\u015f\u0131m\u0131n ve lokasyonun m\u00fckemmel oldu\u011fu bir yer. Ben de diyorum ki, Mersin d\u00fcnyada sayg\u0131n fuar kentlerinden biri olabilir. Buradan belediyelerimiz ba\u015fta olmak \u00fczere Ticaret ve Sanayi Odam\u0131z ve di\u011fer ekonomi konusunda faaliyet g\u00f6steren odalar, dernek ve birliklere sesleniyorum. \u00d6nc\u00fcl\u00fc\u011f\u00fcn\u00fc Mersin B\u00fcy\u00fck\u015fehir Belediyesi yapabilir ama hep beraber b\u00f6yle bir projeyi \u00e7ok k\u0131sa s\u00fcrede Mersin&#8217;e kazand\u0131ral\u0131m. Uluslararas\u0131 fuarlar\u0131n yap\u0131labilece\u011fi son derece g\u00fczel, yeni nesil bir fuar alan\u0131n\u0131 Mersin&#8217;e kazand\u0131ral\u0131m. Biz bu konuda \u00e7al\u0131\u015fmalar\u0131m\u0131z\u0131 zaten ba\u015flatm\u0131\u015ft\u0131k. Umut ediyorum hem uluslararas\u0131 k\u00fclt\u00fcr festivalimiz hem kitap fuar\u0131m\u0131z son derece ba\u015far\u0131l\u0131 olur. Binlerce vatanda\u015f\u0131m\u0131z buralara gelir, ziyaret eder&#8221;<\/strong>&nbsp;diyerek s\u00f6zlerini sonland\u0131rd\u0131.<\/p>\n\n\n\n<p>A\u00e7\u0131l\u0131\u015fta ayr\u0131ca; Cumhuriyet Halk Partisi (CHP) Mersin Milletvekilleri G\u00fclcan K\u0131\u015f ile Hasan Ufuk \u00c7ak\u0131r,&nbsp;Yeni\u015fehir Belediye Ba\u015fkan\u0131 Abdullah \u00d6zyi\u011fit, Toroslar Belediye Ba\u015fkan\u0131 Abdurrahman Y\u0131ld\u0131z, Esenyurt Belediye Ba\u015fkan\u0131 Prof. Dr. Ahmet \u00d6zer,&nbsp;Mersin Ticaret ve Sanayi Odas\u0131 (MTSO)&nbsp;Meclis&nbsp;Ba\u015fkan\u0131&nbsp;Hamit \u0130zol&nbsp;ve CNR Holding Genel M\u00fcd\u00fcr\u00fc Mert Duman da birer konu\u015fma yapt\u0131.<\/p>\n\n\n\n<p>Konu\u015fmalar\u0131n ard\u0131ndan protokol \u00fcyeleri taraf\u0131ndan kurdele kesimi yap\u0131l\u0131rken, stantlar da ziyaret edildi.&nbsp;<\/p>\n\n\n\n<p><strong>&#8216;Mersin Kent Kitapl\u0131\u011f\u0131&#8217; kitaplar\u0131 da fuarda yerini ald\u0131<\/strong><\/p>\n\n\n\n<p><a><\/a>Mersin B\u00fcy\u00fck\u015fehir Belediyesi&#8217;nin stand\u0131nda da&nbsp;<strong>&#8216;Mersin Kent Kitapl\u0131\u011f\u0131&#8217;<\/strong>&nbsp;kitaplar\u0131 kitapseverlerle bulu\u015fturuldu. Fuar boyunca yazarlardan; Ay\u015fe Yetmen, Prof. Dr. Nurdan \u0130nan, Erkan \u00d6zayd\u0131n ve U\u011fur Pi\u015fmanl\u0131k; B\u00fcy\u00fck\u015fehir&#8217;in stand\u0131nda okuyucuyla bulu\u015fup kitaplar\u0131n\u0131 imzalayacak.<\/p>\n","protected":false},"excerpt":{"rendered":"<p>Mersin B\u00fcy\u00fck\u015fehir Belediye Ba\u015fkan\u0131 Vahap Se\u00e7er, Mersin B\u00fcy\u00fck\u015fehir Belediyesi taraf\u0131ndan da desteklenen&nbsp;&#8216;9. Mersin CNR Kitap Fuar\u0131&#8217;n\u0131n ve&nbsp;&#8216;Uluslararas\u0131&nbsp;Yeni\u015fehir K\u00fclt\u00fcr Festivali&#8217;nin&nbsp;a\u00e7\u0131l\u0131\u015f program\u0131na kat\u0131ld\u0131.&nbsp;&#8216;9. Mersin CNR Kitap Fuar\u0131&#8217;,&nbsp;bu y\u0131l&nbsp;&#8216;Oku&#8217;&nbsp;mottosu ile d\u00fczenleniyor.&nbsp;&#8216;9. Mersin CNR Kitap Fuar\u0131&#8217;&nbsp;ve&nbsp;&#8216;Uluslararas\u0131 Yeni\u015fehir K\u00fclt\u00fcr Festivali&#8217;&nbsp;12-20 Ekim tarihleri aras\u0131nda Yeni\u015fehir CNR EXPO Fuar Alan\u0131&#8217;nda&nbsp;ziyaret\u00e7ilerini bekliyor.&nbsp; A\u00e7\u0131l\u0131\u015f program\u0131nda festivalin onur konu\u011fu \u015fair ve yazar \u00d6zdemir \u0130nce ile [&hellip;]<\/p>\n","protected":false},"author":2,"featured_media":35989,"comment_status":"closed","ping_status":"closed","sticky":false,"template":"","format":"standard","meta":{"footnotes":""},"categories":[34,1,2,3,5],"tags":[],"class_list":["post-35988","post","type-post","status-publish","format-standard","has-post-thumbnail","hentry","category-flas-haber","category-genel","category-gundem","category-manset","category-mersin"],"views":7,"_links":{"self":[{"href":"https:\/\/mersinkadingazetesi.com\/index.php?rest_route=\/wp\/v2\/posts\/35988"}],"collection":[{"href":"https:\/\/mersinkadingazetesi.com\/index.php?rest_route=\/wp\/v2\/posts"}],"about":[{"href":"https:\/\/mersinkadingazetesi.com\/index.php?rest_route=\/wp\/v2\/types\/post"}],"author":[{"embeddable":true,"href":"https:\/\/mersinkadingazetesi.com\/index.php?rest_route=\/wp\/v2\/users\/2"}],"replies":[{"embeddable":true,"href":"https:\/\/mersinkadingazetesi.com\/index.php?rest_route=%2Fwp%2Fv2%2Fcomments&post=35988"}],"version-history":[{"count":1,"href":"https:\/\/mersinkadingazetesi.com\/index.php?rest_route=\/wp\/v2\/posts\/35988\/revisions"}],"predecessor-version":[{"id":35990,"href":"https:\/\/mersinkadingazetesi.com\/index.php?rest_route=\/wp\/v2\/posts\/35988\/revisions\/35990"}],"wp:featuredmedia":[{"embeddable":true,"href":"https:\/\/mersinkadingazetesi.com\/index.php?rest_route=\/wp\/v2\/media\/35989"}],"wp:attachment":[{"href":"https:\/\/mersinkadingazetesi.com\/index.php?rest_route=%2Fwp%2Fv2%2Fmedia&parent=35988"}],"wp:term":[{"taxonomy":"category","embeddable":true,"href":"https:\/\/mersinkadingazetesi.com\/index.php?rest_route=%2Fwp%2Fv2%2Fcategories&post=35988"},{"taxonomy":"post_tag","embeddable":true,"href":"https:\/\/mersinkadingazetesi.com\/index.php?rest_route=%2Fwp%2Fv2%2Ftags&post=35988"}],"curies":[{"name":"wp","href":"https:\/\/api.w.org\/{rel}","templated":true}]}}