{"id":35991,"date":"2024-10-13T10:27:32","date_gmt":"2024-10-13T07:27:32","guid":{"rendered":"https:\/\/mersinkadingazetesi.com\/?p=35991"},"modified":"2024-10-13T10:27:33","modified_gmt":"2024-10-13T07:27:33","slug":"bu-senlik-ureticiye-kazanc-sofraya-nese-bunyeye-enerji-veriyor","status":"publish","type":"post","link":"https:\/\/mersinkadingazetesi.com\/?p=35991","title":{"rendered":"BU \u015eENL\u0130K;\u00a0&#8216;\u00dcRET\u0130C\u0130YE KAZAN\u00c7, SOFRAYA NE\u015eE, B\u00dcNYEYE ENERJ\u0130&#8217;\u00a0VER\u0130YOR"},"content":{"rendered":"\n<p>Mersin B\u00fcy\u00fck\u015fehir Belediye Ba\u015fkan\u0131 Vahap Se\u00e7er&nbsp;ve&nbsp;Meral Se\u00e7er,&nbsp;Mersin B\u00fcy\u00fck\u015fehir Belediyesi ve Toroslar Belediyesi i\u015f birli\u011finde;&nbsp;<strong>&#8216;\u00dcreticiye Kazan\u00e7, Sofraya Ne\u015fe, B\u00fcnyeye Enerji&#8217;<\/strong>&nbsp;slogan\u0131yla d\u00fczenlenen&nbsp;<strong>&#8216;Kivi \u015eenli\u011fi&#8217;<\/strong>ne kat\u0131ld\u0131.<\/p>\n\n\n\n<p><strong>Ba\u015fkan Se\u00e7er ve&nbsp;<\/strong><strong>Meral Se\u00e7er, Santa&nbsp;Iras&#8217;ta&nbsp;kivi hasad\u0131 yapt\u0131<\/strong><\/p>\n\n\n\n<p>Ba\u015fkan Se\u00e7er ve Meral Se\u00e7er protokol \u00fcyeleri ile birlikte, Mersin&#8217;de kivi \u00fcretiminin ilk ba\u015flad\u0131\u011f\u0131 yer olan&nbsp;Toroslar \u0130l\u00e7esi&#8217;nin eski ad\u0131yla Santa Iras, yeni ad\u0131yla da&nbsp;\u00c7a\u011flarca Mahallesi&#8217;nde kivi hasad\u0131 yapt\u0131.<\/p>\n\n\n\n<p>Ba\u015fkan Se\u00e7er, Meral Se\u00e7er ve protokol \u00fcyeleri ile birlikte, \u015fenlik alan\u0131nda yer alan stantlar\u0131 gezip, \u00fcreticilerle sohbet etti. Se\u00e7er,&nbsp;<strong>&#8216;Y\u00fczde 100 Cumhuriyet, Y\u00fczde 100 Spor&#8217;&nbsp;<\/strong>etkinli\u011fine kat\u0131lan\u00e7ocuklarla da bir araya geldi.<\/p>\n\n\n\n<p>Mersin B\u00fcy\u00fck\u015fehir Belediyesi Tar\u0131msal Hizmetler Dairesi Ba\u015fkanl\u0131\u011f\u0131 taraf\u0131ndan d\u00fczenlenen \u015fenlikte; g\u00f6steriler, yar\u0131\u015fmalar, e\u011flenceler, \u00e7ocuk at\u00f6lyeleri, \u00fcretici stantlar\u0131 ve \u00f6d\u00fcl t\u00f6reni ile program dopdolu ge\u00e7ti. Ba\u015fkan Se\u00e7er ve Meral Se\u00e7er&#8217;in \u00fcreticilerle birlikte kivi hasad\u0131 yapmas\u0131n\u0131n ard\u0131ndan programa ge\u00e7ildi.<\/p>\n\n\n\n<p><strong>Ba\u015fkan Se\u00e7er: &#8220;Karde\u015flik, bar\u0131\u015f, dostluk isteyen g\u00fczel dil kullan\u0131r, karde\u015f\u00e7e konu\u015fur&#8221;<\/strong><\/p>\n\n\n\n<p>Bu t\u00fcr festivallerin insanlar\u0131 bir araya getirmesinin \u00f6nemine dikkat \u00e7ekerek konu\u015fmas\u0131na ba\u015flayan Ba\u015fkan Se\u00e7er, ama\u00e7lar\u0131n\u0131n toplumsal birlikteli\u011fe, huzura ve karde\u015fli\u011fe katk\u0131 sunmak oldu\u011funu s\u00f6yledi. Koltuk pe\u015finde olan siyaset\u00e7ilerin insanlar\u0131 birbirine d\u00fc\u015f\u00fcrmeye \u00e7al\u0131\u015ft\u0131\u011f\u0131n\u0131 belirten Se\u00e7er,&nbsp;<strong>&#8220;K\u00f6yl\u00fc, \u015fehirli, \u00e7ift\u00e7i, memur, i\u015f\u00e7i, ev kad\u0131n\u0131 herkes burada, bir arada. B\u00f6yle bir arada olmay\u0131 arzulad\u0131\u011f\u0131m\u0131z i\u00e7in, bunun insanlar\u0131m\u0131za, vatanda\u015flar\u0131m\u0131za yarar sa\u011flad\u0131\u011f\u0131n\u0131 d\u00fc\u015f\u00fcnd\u00fc\u011f\u00fcm\u00fcz i\u00e7in bu etkinlikleri yap\u0131yoruz.&nbsp;&nbsp;\u00c7\u00fcnk\u00fc bizim arzumuz ayr\u0131\u015fmak de\u011fil. Birbirimize parmak sallamak, d\u00fc\u015fmanca bakmak de\u011fil. Onu yapanlar\u0131n derdi koltuk, derdi hazineyi bitirmek, hazineden yararlanmak. Karde\u015flik, bar\u0131\u015f, dostluk isteyen g\u00fczel dil kullan\u0131r, karde\u015f\u00e7e konu\u015fur&#8221;<\/strong>&nbsp;dedi.<\/p>\n\n\n\n<p>Ki\u015filerin mezhebi, me\u015frebi, d\u00fcnya g\u00f6r\u00fc\u015f\u00fc ile ilgili konu\u015fan siyaset\u00e7ilerin iyi niyetli olmad\u0131\u011f\u0131n\u0131 ve \u00fclkeye zarar verdiklerini dile getiren Se\u00e7er, bu tutumlara kar\u015f\u0131n 2019 y\u0131l\u0131nda g\u00f6reve ba\u015flamas\u0131n\u0131n ard\u0131ndan Mersin&#8217;e huzuru getirdiklerine vurgu yaparak&nbsp;<strong>&#8220;2019 y\u0131l\u0131ndan bu yana ezberler bozuldu. \u00d6nyarg\u0131lar tuzla buz oldu&#8221;<\/strong>&nbsp;dedi.<\/p>\n\n\n\n<p><strong>&#8220;Oy \u00e7\u0131kmayan k\u00f6ylerde sand\u0131klar patlad\u0131. Demek ki hizmet var&#8221;<\/strong><\/p>\n\n\n\n<p>Mevcut kaynaklar\u0131 en iyi \u015fekilde kullanarak hizmet \u00fcrettiklerini aktaran Se\u00e7er, ge\u00e7mi\u015f 5 y\u0131ll\u0131k g\u00f6rev s\u00fcresi i\u00e7erisinde vatanda\u015flara verilen desteklerin kar\u015f\u0131l\u0131\u011f\u0131n\u0131n sand\u0131\u011fa yans\u0131d\u0131\u011f\u0131n\u0131 s\u00f6yledi. Se\u00e7er<strong>, &#8220;Buradan herkese duyurmak istiyorum; mevcut kaynaklar\u0131 en iyi \u015fekilde kullanarak hizmet yap\u0131yoruz. Toroslar&#8217;da \u00f6nceki d\u00f6nem il\u00e7e belediyesinden kaynaklanan eksikler var ama kimse&nbsp;<em>&#8216;B\u00fcy\u00fck\u015fehir Belediye Ba\u015fkanl\u0131\u011f\u0131 be\u015f y\u0131l Toroslar&#8217;a hizmet yapmad\u0131&#8217;<\/em>&nbsp;diyemez. Yoksa Toroslar&#8217;da oy oran\u0131 y\u00fczde 42&#8217;lerden y\u00fczde 57&#8217;ye, Mersin&#8217;de ise y\u00fczde 60&#8217;a \u00e7\u0131kar m\u0131yd\u0131? Oy \u00e7\u0131kmayan k\u00f6ylerde sand\u0131klar patlad\u0131. Demek ki hizmet var. \u015eimdi Toroslar Belediyesi&#8217;yle beraber eksik nerede varsa, bir arada, omuz omuza, karde\u015f\u00e7e hepsine ko\u015faca\u011f\u0131z&#8221;<\/strong>&nbsp;diye konu\u015ftu.&nbsp;&nbsp;<\/p>\n\n\n\n<p><strong>&#8220;Y\u00fck yine \u00fcretenin, \u00fcreticinin, yoksulun, garibin s\u0131rt\u0131nda&#8221;<\/strong><\/p>\n\n\n\n<p>H\u00fck\u00fcmetin yeni bir torba yasa ile ilave vergiler getirece\u011fini aktaran Se\u00e7er, ekonomik y\u00fck\u00fcn \u00fcreticinin s\u0131rt\u0131nda oldu\u011funun alt\u0131n\u0131 \u00e7izerek,&nbsp;<strong>&#8220;\u0130lave vergiler geliyor. Y\u00fck yine \u00fcretenin, \u00fcreticinin, yoksulun, garibin s\u0131rt\u0131nda. Peki di\u011fer taraftan \u00e7ok kazananlar ne yap\u0131yor? Onlar iktidara destek olduklar\u0131 i\u00e7in lobileri kuvvetli. Onlara kimse dokunmuyor. Peki \u00fcretici bu mazot, g\u00fcbre, ila\u00e7 fiyatlar\u0131yla ne yapacak? Okullar\u0131n tuvaletleri temizlenemiyor. \u00c7ocuklar kahvalt\u0131 yapmadan okula a\u00e7 gidiyor. Anas\u0131n\u0131n babas\u0131n\u0131n imkan\u0131 olsa zaten karn\u0131n\u0131 doyurup g\u00f6t\u00fcrecek. Sosyal devlet nerede? Sosyal devlet s\u00fct\u00fcn\u00fc, pastas\u0131n\u0131, \u00e7\u00f6re\u011fini g\u00f6nderecek. Ger\u00e7ek olan budur&#8221;<\/strong>&nbsp;ifadelerini kulland\u0131.<\/p>\n\n\n\n<p><strong>&#8220;Biz sizler i\u00e7in buraday\u0131z&#8221;<\/strong><\/p>\n\n\n\n<p>T\u00fcrkiye&#8217;nin asl\u0131nda olduk\u00e7a zengin bir \u00fclke oldu\u011funu ancak yap\u0131lan yanl\u0131\u015f uygulamalar\u0131n \u00fclkeyi bu hale getirdi\u011fini s\u00f6yleyen Se\u00e7er,&nbsp;<strong>&#8220;Bu \u00fclke asl\u0131nda \u00e7ok h\u0131zl\u0131 kalk\u0131n\u0131r. Nas\u0131l 5 y\u0131lda t\u00fcm engellemelere ra\u011fmen Mersin&#8217;e hizmet ettiysek elbette T\u00fcrkiye&#8217;ye de hizmet ederiz. Bundan emin olun, bize inan\u0131n ve g\u00fcvenin. Bunu yapacak g\u00fc\u00e7teyiz, 24 saat \u00e7al\u0131\u015f\u0131r\u0131z. Hayat\u0131m\u0131z\u0131 size vakfetmi\u015fiz. Biz sizler i\u00e7in buraday\u0131z. Onun i\u00e7in her yere gidiyoruz. Bizim verilmeyecek hesab\u0131m\u0131z yok ama hesap verecek olanlar hukukun ve yarg\u0131n\u0131n kar\u015f\u0131s\u0131nda hesap verecek&#8221;<\/strong>&nbsp;dedi.<\/p>\n\n\n\n<p><strong>&#8220;\u015earts\u0131z, ko\u015fulsuz, uygun ve isabetli projelerle tar\u0131m\u0131, \u00fcretimi desteklemeye devam edece\u011fiz&#8221;<\/strong><\/p>\n\n\n\n<p>B\u00fcy\u00fck\u015fehir olarak tar\u0131msal desteklere her zaman oldu\u011fu gibi \u00f6n\u00fcm\u00fczdeki s\u00fcre\u00e7te de devam edeceklerini s\u00f6yleyen Se\u00e7er,&nbsp;<strong>&#8220;Toroslar Belediyesi ve B\u00fcy\u00fck\u015fehir Belediyesi olarak, \u015farts\u0131z, ko\u015fulsuz, uygun ve isabetli projelerle tar\u0131m\u0131 ve \u00fcretimi desteklemeye devam edece\u011fiz. Sonu\u00e7 al\u0131c\u0131, insanlar\u0131 \u00fcretime te\u015fvik eden projeler \u00fcretece\u011fiz. Yeter ki \u00e7ift\u00e7imiz \u00fcretim yaps\u0131n, \u00e7ark\u0131 d\u00f6nd\u00fcrs\u00fcn, ekonomiye katk\u0131 sunsun&#8221;<\/strong>&nbsp;diye konu\u015ftu.<\/p>\n\n\n\n<p><strong>Se\u00e7er \u00fcreticilere seslendi: &#8220;Siz yeter ki \u00fcretin. Biz sizin yan\u0131n\u0131zday\u0131z&#8221;<\/strong><\/p>\n\n\n\n<p>Fide-fidan da\u011f\u0131t\u0131m\u0131ndan alet ekipman da\u011f\u0131t\u0131m\u0131na, konar g\u00f6\u00e7erlere verilen g\u00fcne\u015f panellerine kadar tar\u0131msal destekler hakk\u0131nda bilgi veren Se\u00e7er, tar\u0131msal sulama alan\u0131nda da \u00fcreticiye \u00e7ok \u00f6nemli bir deste\u011fi ba\u015flatacaklar\u0131n\u0131 kaydetti. Tar\u0131msal GES projelerine y\u00fczde 50 destek sa\u011flayacaklar\u0131n\u0131 aktaran Se\u00e7er \u015funlar\u0131 kaydetti:&nbsp;<strong>&#8220;Kooperatiflerimizin kurdu\u011fu g\u00fcne\u015f enerji sistemlerinin en b\u00fcy\u00fck gideri elektrik. Y\u00fcksek mevzili yerlere su bas\u0131yorlar, onun i\u00e7in \u00e7ok b\u00fcy\u00fck elektrik paras\u0131 \u00f6d\u00fcyorlar. Art\u0131k y\u00fczde 50 destek B\u00fcy\u00fck\u015fehir&#8217;den. Kurun GES&#8217;i, projenize g\u00f6re yar\u0131s\u0131n\u0131 Mersin B\u00fcy\u00fck\u015fehir Belediyesi kar\u015f\u0131layacak. Siz yeter ki \u00fcretin. Biz sizin yan\u0131n\u0131zday\u0131z, hi\u00e7 merak etmeyin.&#8221;<\/strong><\/p>\n\n\n\n<p><strong>&#8220;Bu memleketin farkl\u0131l\u0131klar\u0131 zenginliktir. Sizleri bir di\u011ferine d\u00fc\u015fmanla\u015ft\u0131ran siyasilere kulaklar\u0131n\u0131z\u0131 t\u0131kay\u0131n&#8221;<\/strong>&nbsp;diyerek s\u00f6zlerini s\u00fcrd\u00fcren Se\u00e7er,&nbsp;<strong>&#8220;Biz hepimiz 86 milyon karde\u015fiz. Bir arada ya\u015fayaca\u011f\u0131z&#8221;<\/strong>&nbsp;diyerek konu\u015fmas\u0131n\u0131 sonland\u0131rd\u0131.<\/p>\n\n\n\n<p><strong>Y\u0131ld\u0131z: &#8220;\u00dcretimin desteklenmesi i\u00e7in Vahap Ba\u015fkan\u0131n a\u00e7t\u0131\u011f\u0131 yolda y\u00fcr\u00fcmeye \u00e7al\u0131\u015faca\u011f\u0131z&#8221;<\/strong><\/p>\n\n\n\n<p>Toroslar il\u00e7esinin Mersin&#8217;de en \u00e7ok tar\u0131m yapan il\u00e7elerden birisi oldu\u011funu kaydeden Toroslar Belediye Ba\u015fkan\u0131 Abdurrahman Y\u0131ld\u0131z,&nbsp;<strong>&#8220;Fakat \u00fclkemizin t\u00fcm\u00fcnde oldu\u011fu gibi Toroslar\u0131m\u0131zda da tar\u0131m her ge\u00e7en g\u00fcn biraz daha yok olmaya ve k\u00f6yl\u00fc karde\u015flerimiz buralar\u0131 terk etmeye devam ediyor. T\u00fcrkiye&#8217;nin b\u00fct\u00fcn\u00fcnde tar\u0131m, aile i\u015fletmeleri taraf\u0131ndan yap\u0131l\u0131yor. Biz de hala end\u00fcstriyel tar\u0131m i\u015fletmeleri yok. Belki de olmamas\u0131 daha iyi ama insanlar\u0131n \u00e7ocuklar\u0131n\u0131 e\u011fitime ula\u015ft\u0131ramamalar\u0131ndan, \u00fcrettiklerinin kendi hayatlar\u0131n\u0131 ge\u00e7indirecek d\u00fczeyde olmamas\u0131ndan dolay\u0131 k\u00f6ylerimiz her ge\u00e7en g\u00fcn biraz daha bo\u015fal\u0131yor&#8221;<\/strong>&nbsp;dedi.<\/p>\n\n\n\n<p>\u00dcretimin devam etmesi ve \u00fcr\u00fcn\u00fcn hak etti\u011fi de\u011feri almas\u0131 i\u00e7in kooperatiflerin \u00f6nemine de\u011finen Y\u0131ld\u0131z,&nbsp;<strong>&#8220;2019&#8217;dan sonra T\u00fcrkiye&#8217;de CHP&#8217;nin kazand\u0131\u011f\u0131 b\u00fcy\u00fck\u015fehirler ba\u015fta olmak \u00fczere toplumun ihtiyac\u0131 olan bu yap\u0131lar yeniden canlanmaya ba\u015flad\u0131lar. Biz de Toroslar Belediyesi olarak bunun bir benzerini yapmaya \u00e7al\u0131\u015faca\u011f\u0131z. \u00dcretimin desteklenmesi i\u00e7in Vahap Ba\u015fkan\u0131n a\u00e7t\u0131\u011f\u0131 yolda y\u00fcr\u00fcmeye \u00e7al\u0131\u015faca\u011f\u0131z&#8221;&nbsp;<\/strong>dedi.<\/p>\n\n\n\n<p>Programda ayr\u0131ca;&nbsp;Cumhuriyet Halk Partisi (CHP) Mersin Milletvekilleri G\u00fclcan K\u0131\u015f, Hasan Ufuk \u00c7ak\u0131r ve Talat Din\u00e7er, \u00c7a\u011flarca Mahalle Muhtar\u0131 Hasan T\u00fcrkmen, Akdeniz Ziraat Odas\u0131 Ba\u015fkan\u0131 Musa Y\u0131lmaz, \u00c7a\u011flarca Tar\u0131msal Kalk\u0131nd\u0131rma Kooperatif Ba\u015fkan\u0131 Nermin Korkmaz da&nbsp;birer konu\u015fma yapt\u0131. Protokol konu\u015fmalar\u0131n\u0131n ard\u0131ndan ise<strong>&nbsp;<em>&#8216;En \u0130ri Kivi Yar\u0131\u015fmas\u0131 \u00d6d\u00fcl T\u00f6reni&#8217;<\/em><\/strong>&nbsp;d\u00fczenlendi. Ba\u015fkan Se\u00e7er, Meral Se\u00e7er&nbsp;ve protokol \u00fcyeleri taraf\u0131ndan dereceye giren \u00fcreticilere \u00f6d\u00fclleri takdim edildi.&nbsp;\u015eenlik; T\u00fcrk M\u00fczi\u011fi Orkestras\u0131&#8217;n\u0131n konseri ile sona erdi.<br><\/p>\n","protected":false},"excerpt":{"rendered":"<p>Mersin B\u00fcy\u00fck\u015fehir Belediye Ba\u015fkan\u0131 Vahap Se\u00e7er&nbsp;ve&nbsp;Meral Se\u00e7er,&nbsp;Mersin B\u00fcy\u00fck\u015fehir Belediyesi ve Toroslar Belediyesi i\u015f birli\u011finde;&nbsp;&#8216;\u00dcreticiye Kazan\u00e7, Sofraya Ne\u015fe, B\u00fcnyeye Enerji&#8217;&nbsp;slogan\u0131yla d\u00fczenlenen&nbsp;&#8216;Kivi \u015eenli\u011fi&#8217;ne kat\u0131ld\u0131. Ba\u015fkan Se\u00e7er ve&nbsp;Meral Se\u00e7er, Santa&nbsp;Iras&#8217;ta&nbsp;kivi hasad\u0131 yapt\u0131 Ba\u015fkan Se\u00e7er ve Meral Se\u00e7er protokol \u00fcyeleri ile birlikte, Mersin&#8217;de kivi \u00fcretiminin ilk ba\u015flad\u0131\u011f\u0131 yer olan&nbsp;Toroslar \u0130l\u00e7esi&#8217;nin eski ad\u0131yla Santa Iras, yeni ad\u0131yla da&nbsp;\u00c7a\u011flarca Mahallesi&#8217;nde kivi [&hellip;]<\/p>\n","protected":false},"author":2,"featured_media":35992,"comment_status":"closed","ping_status":"closed","sticky":false,"template":"","format":"standard","meta":{"footnotes":""},"categories":[1,2,3,5],"tags":[],"class_list":["post-35991","post","type-post","status-publish","format-standard","has-post-thumbnail","hentry","category-genel","category-gundem","category-manset","category-mersin"],"views":10,"_links":{"self":[{"href":"https:\/\/mersinkadingazetesi.com\/index.php?rest_route=\/wp\/v2\/posts\/35991"}],"collection":[{"href":"https:\/\/mersinkadingazetesi.com\/index.php?rest_route=\/wp\/v2\/posts"}],"about":[{"href":"https:\/\/mersinkadingazetesi.com\/index.php?rest_route=\/wp\/v2\/types\/post"}],"author":[{"embeddable":true,"href":"https:\/\/mersinkadingazetesi.com\/index.php?rest_route=\/wp\/v2\/users\/2"}],"replies":[{"embeddable":true,"href":"https:\/\/mersinkadingazetesi.com\/index.php?rest_route=%2Fwp%2Fv2%2Fcomments&post=35991"}],"version-history":[{"count":1,"href":"https:\/\/mersinkadingazetesi.com\/index.php?rest_route=\/wp\/v2\/posts\/35991\/revisions"}],"predecessor-version":[{"id":35993,"href":"https:\/\/mersinkadingazetesi.com\/index.php?rest_route=\/wp\/v2\/posts\/35991\/revisions\/35993"}],"wp:featuredmedia":[{"embeddable":true,"href":"https:\/\/mersinkadingazetesi.com\/index.php?rest_route=\/wp\/v2\/media\/35992"}],"wp:attachment":[{"href":"https:\/\/mersinkadingazetesi.com\/index.php?rest_route=%2Fwp%2Fv2%2Fmedia&parent=35991"}],"wp:term":[{"taxonomy":"category","embeddable":true,"href":"https:\/\/mersinkadingazetesi.com\/index.php?rest_route=%2Fwp%2Fv2%2Fcategories&post=35991"},{"taxonomy":"post_tag","embeddable":true,"href":"https:\/\/mersinkadingazetesi.com\/index.php?rest_route=%2Fwp%2Fv2%2Ftags&post=35991"}],"curies":[{"name":"wp","href":"https:\/\/api.w.org\/{rel}","templated":true}]}}