{"id":35997,"date":"2024-10-13T10:31:52","date_gmt":"2024-10-13T07:31:52","guid":{"rendered":"https:\/\/mersinkadingazetesi.com\/?p=35997"},"modified":"2024-10-13T10:31:52","modified_gmt":"2024-10-13T07:31:52","slug":"panelde-mersin-limaninin-gecmisten-gunumuze-degisimleri-ele-alindi","status":"publish","type":"post","link":"https:\/\/mersinkadingazetesi.com\/?p=35997","title":{"rendered":"PANELDE, MERS\u0130N L\u0130MANI&#8217;NIN GE\u00c7M\u0130\u015eTEN G\u00dcN\u00dcM\u00dcZE DE\u011e\u0130\u015e\u0130MLER\u0130 ELE ALINDI"},"content":{"rendered":"\n<p>Mersin B\u00fcy\u00fck\u015fehir Belediyesi&#8217;nin kent tarihini, k\u00fclt\u00fcr\u00fcn\u00fc, somut ve soyut de\u011ferlerini g\u00f6r\u00fcn\u00fcr k\u0131lmak, g\u00fcn y\u00fcz\u00fcne \u00e7\u0131karmak ve kent haf\u0131zas\u0131n\u0131 ya\u015fatabilmek ad\u0131na hayata ge\u00e7irdi\u011fi Mersin Bellek Ofisi, \u015einasi Develi Y\u00fcr\u00fctme Kurulu i\u015f birli\u011finde&nbsp;<strong>&#8220;\u0130skelelerden Limana, D\u00fc\u015fler Kentinden Bug\u00fcne, Mersin&#8217;in De\u011fi\u015fim D\u00f6n\u00fc\u015f\u00fcm \u00d6yk\u00fcs\u00fc&#8221;<\/strong>&nbsp;adl\u0131 panel d\u00fczenledi.<\/p>\n\n\n\n<p>\u0130\u015f insan\u0131, gazeteci ve yazar Abdullah Ayan&#8217;\u0131n konu\u015fmac\u0131 oldu\u011fu panel, Kongre ve Sergi Saray\u0131&#8217;nda ger\u00e7ekle\u015ftirildi. Ayan; ge\u00e7mi\u015ften g\u00fcn\u00fcm\u00fcze Mersin&#8217;in liman kenti olma yolunda ya\u015fad\u0131\u011f\u0131 de\u011fi\u015fimleri, Akdeniz&#8217;de lojistik sekt\u00f6r\u00fcnde Mersin Liman\u0131&#8217;n\u0131n \u00f6nemli bir yer tuttu\u011funu ve yeni bir ana konteyner liman\u0131 yap\u0131lmas\u0131n\u0131n gerekliliklerini ele ald\u0131. Panelde, siyah beyaz foto\u011fraflardan \u015fimdiye kadar Mersin tarihinin anlat\u0131ld\u0131\u011f\u0131&nbsp;<strong>&#8220;Mersin 100. Y\u0131l Foto\u011fraf Koleksiyonu&#8221;&nbsp;<\/strong>adl\u0131 foto\u011fraf sergisi de yer ald\u0131.<\/p>\n\n\n\n<p><strong>Tarlakazan: &#8220;Mersin Bellek Ofisi, kent haf\u0131zas\u0131 ad\u0131na \u00e7ok de\u011ferli \u00e7al\u0131\u015fmalar yap\u0131yor&#8221;<\/strong><\/p>\n\n\n\n<p>\u015einasi Develi Kent \u00d6d\u00fcl\u00fc Y\u00fcr\u00fctme Kurulu S\u00f6zc\u00fcs\u00fc Demet \u015eaman Tarlakazan, \u015einasi Develi&#8217;nin Mersin&#8217;in tarihi ve k\u00fclt\u00fcrel birikimini g\u00fcn y\u00fcz\u00fcne \u00e7\u0131karmak i\u00e7in \u00e7al\u0131\u015fmalar sergileyen \u00e7ok k\u0131ymetli biri oldu\u011funu, 2020&#8217;de vefat\u0131ndan sonra kent akt\u00f6rlerinin bu de\u011ferlere sahip \u00e7\u0131kmak i\u00e7in bu gelene\u011fi devam ettirdi\u011fini kaydetti.<\/p>\n\n\n\n<p>Mersin Bellek Ofisi&#8217;nin kentte \u00f6nemli bir ihtiya\u00e7tan do\u011fdu\u011funu ve hayata ge\u00e7irilmesinin \u00e7ok isabetli bir karar oldu\u011funu aktaran Tarlakazan,&nbsp;<strong>&#8220;Mersin B\u00fcy\u00fck\u015fehir Belediyesi ve Mersin Bellek Ofisi&#8217;nin destekleriyle panelimizi ger\u00e7ekle\u015ftirdik ve panelde bir foto\u011fraf se\u00e7kisi olu\u015fturduk. Mersin Bellek Ofisi bu t\u00fcr \u00e7al\u0131\u015fmalarla, ki\u015filer kaybolduk\u00e7a onlarla birlikte bu bilgilerin de kaybolmamas\u0131 ad\u0131na, bunlar\u0131 kay\u0131t alt\u0131na almak i\u00e7in \u00e7ok de\u011ferli \u00e7al\u0131\u015fmalar yap\u0131yor. B\u00f6yle \u00e7al\u0131\u015fmalarla, kentin gittik\u00e7e geli\u015fece\u011fini d\u00fc\u015f\u00fcn\u00fcyoruz&#8221;<\/strong>&nbsp;diye konu\u015ftu.<\/p>\n\n\n\n<p><strong>Ayan: &#8220;Mersin&#8217;in haf\u0131za sorununu giderebilirsek, \u00e7ok \u00f6nemli bir hizmet yapm\u0131\u015f oluruz&#8221;<\/strong><\/p>\n\n\n\n<p>\u0130\u015f insan\u0131, gazeteci ve yazar Abdullah Ayan, panelin olduk\u00e7a verimli ge\u00e7ti\u011fini ve kat\u0131l\u0131mc\u0131 say\u0131s\u0131n\u0131n da olduk\u00e7a iyi oldu\u011funu s\u00f6yleyerek,&nbsp;<strong>&#8220;Kendimi evimde hissettim. \u00d6zellikle Mersin ve Mersin&#8217;i var eden en \u00f6nemli dinamiklerden biri olan liman\u0131 bekleyen tehlikelerle ilgili, s\u00f6ylemem gereken \u015feyler vard\u0131 ve onlar\u0131 ilettim. Mersin&#8217;de ge\u00e7mi\u015ften beri kent belle\u011fini korumak, gelece\u011fe aktarmak, en az\u0131ndan kay\u0131t alt\u0131na almakla ilgili pek \u00e7ok \u00e7al\u0131\u015fma yap\u0131l\u0131yor. Umar\u0131m bu kal\u0131c\u0131 olur. \u00c7\u00fcnk\u00fc ge\u00e7mi\u015fte bu \u00e7al\u0131\u015fmalar\u0131 yapanlar\u0131n kay\u0131tlar\u0131n\u0131 dahi bulam\u0131yoruz. Mersin&#8217;in b\u00f6yle bir haf\u0131za sorunu var. Bu haf\u0131za sorununu e\u011fer kurumsalla\u015ft\u0131rabilir, aya\u011fa kald\u0131r\u0131labilir ve gelece\u011fe aktarabilirsek, \u00e7ok \u00f6nemli bir hizmet yapm\u0131\u015f oluruz&#8221;<\/strong>&nbsp;ifadelerini kulland\u0131.<\/p>\n","protected":false},"excerpt":{"rendered":"<p>Mersin B\u00fcy\u00fck\u015fehir Belediyesi&#8217;nin kent tarihini, k\u00fclt\u00fcr\u00fcn\u00fc, somut ve soyut de\u011ferlerini g\u00f6r\u00fcn\u00fcr k\u0131lmak, g\u00fcn y\u00fcz\u00fcne \u00e7\u0131karmak ve kent haf\u0131zas\u0131n\u0131 ya\u015fatabilmek ad\u0131na hayata ge\u00e7irdi\u011fi Mersin Bellek Ofisi, \u015einasi Develi Y\u00fcr\u00fctme Kurulu i\u015f birli\u011finde&nbsp;&#8220;\u0130skelelerden Limana, D\u00fc\u015fler Kentinden Bug\u00fcne, Mersin&#8217;in De\u011fi\u015fim D\u00f6n\u00fc\u015f\u00fcm \u00d6yk\u00fcs\u00fc&#8221;&nbsp;adl\u0131 panel d\u00fczenledi. \u0130\u015f insan\u0131, gazeteci ve yazar Abdullah Ayan&#8217;\u0131n konu\u015fmac\u0131 oldu\u011fu panel, Kongre ve Sergi Saray\u0131&#8217;nda [&hellip;]<\/p>\n","protected":false},"author":2,"featured_media":35998,"comment_status":"closed","ping_status":"closed","sticky":false,"template":"","format":"standard","meta":{"footnotes":""},"categories":[3,5],"tags":[],"class_list":["post-35997","post","type-post","status-publish","format-standard","has-post-thumbnail","hentry","category-manset","category-mersin"],"views":7,"_links":{"self":[{"href":"https:\/\/mersinkadingazetesi.com\/index.php?rest_route=\/wp\/v2\/posts\/35997"}],"collection":[{"href":"https:\/\/mersinkadingazetesi.com\/index.php?rest_route=\/wp\/v2\/posts"}],"about":[{"href":"https:\/\/mersinkadingazetesi.com\/index.php?rest_route=\/wp\/v2\/types\/post"}],"author":[{"embeddable":true,"href":"https:\/\/mersinkadingazetesi.com\/index.php?rest_route=\/wp\/v2\/users\/2"}],"replies":[{"embeddable":true,"href":"https:\/\/mersinkadingazetesi.com\/index.php?rest_route=%2Fwp%2Fv2%2Fcomments&post=35997"}],"version-history":[{"count":1,"href":"https:\/\/mersinkadingazetesi.com\/index.php?rest_route=\/wp\/v2\/posts\/35997\/revisions"}],"predecessor-version":[{"id":35999,"href":"https:\/\/mersinkadingazetesi.com\/index.php?rest_route=\/wp\/v2\/posts\/35997\/revisions\/35999"}],"wp:featuredmedia":[{"embeddable":true,"href":"https:\/\/mersinkadingazetesi.com\/index.php?rest_route=\/wp\/v2\/media\/35998"}],"wp:attachment":[{"href":"https:\/\/mersinkadingazetesi.com\/index.php?rest_route=%2Fwp%2Fv2%2Fmedia&parent=35997"}],"wp:term":[{"taxonomy":"category","embeddable":true,"href":"https:\/\/mersinkadingazetesi.com\/index.php?rest_route=%2Fwp%2Fv2%2Fcategories&post=35997"},{"taxonomy":"post_tag","embeddable":true,"href":"https:\/\/mersinkadingazetesi.com\/index.php?rest_route=%2Fwp%2Fv2%2Ftags&post=35997"}],"curies":[{"name":"wp","href":"https:\/\/api.w.org\/{rel}","templated":true}]}}