{"id":36009,"date":"2024-10-13T10:43:19","date_gmt":"2024-10-13T07:43:19","guid":{"rendered":"https:\/\/mersinkadingazetesi.com\/?p=36009"},"modified":"2024-10-13T10:43:19","modified_gmt":"2024-10-13T07:43:19","slug":"milletvekili-uysal-cumhurbaskani-erdoganin-yurt-disi-seyahatlerine-eslik-etti","status":"publish","type":"post","link":"https:\/\/mersinkadingazetesi.com\/?p=36009","title":{"rendered":"M\u0130LLETVEK\u0130L\u0130 UYSAL, CUMHURBA\u015eKANI ERDO\u011eAN&#8217;IN YURT DI\u015eI SEYAHATLER\u0130NE E\u015eL\u0130K ETT\u0130"},"content":{"rendered":"\n<p>Milliyet\u00e7i Hareket Partisi Mersin Milletvekili ve MYK \u00dcyesi Dr. Levent Uysal, MHP grubu ad\u0131na Cumhurba\u015fkan\u0131 Recep Tayyip Erdo\u011fan&#8217;\u0131n yurt d\u0131\u015f\u0131 ziyaretlerine e\u015flik etti.<\/p>\n\n\n\n<p>Milletvekili Uysal <strong>&#8220;Balkanlar\u2019daki i\u015f birli\u011fi potansiyelini geli\u015ftirmek, yat\u0131r\u0131mc\u0131lar\u0131m\u0131z\u0131 desteklemek, karde\u015flerimizle bir araya gelmek i\u00e7in ger\u00e7ekle\u015ftirdi\u011fimiz seyahatin T\u00fcrkiye\u2019mize hay\u0131rl\u0131 olmas\u0131n\u0131 diliyorum.&#8221;<\/strong> a\u00e7\u0131klamas\u0131nda bulundu.<\/p>\n\n\n\n<p>Milliyet\u00e7i Hareket Partisi Grubu ad\u0131na Cumhurba\u015fkan\u0131 Recep Tayyip Erdo\u011fan&#8217;\u0131n yurt d\u0131\u015f\u0131 programlar\u0131na e\u015flik eden MHP Mersin Milletvekili Dr. Levent Uysal, Balkanlar&#8217;dayd\u0131.<\/p>\n\n\n\n<p>Arnavutluk&#8217;un ba\u015fkenti Tiran&#8217;da T\u00fcrkiye&#8217;nin deste\u011fiyle Balkanlar&#8217;\u0131n en b\u00fcy\u00fck camisi olarak in\u015fa edilen Namazgah Camisi&#8217;nin a\u00e7\u0131l\u0131\u015f\u0131na da Cumhurba\u015fkan\u0131 Erdo\u011fan ve beraberindeki heyetle kat\u0131lan Milletvekili Uysal, <a href=\"https:\/\/www.facebook.com\/hashtag\/balkan?__eep__=6&amp;__cft__%5B0%5D=AZXQ5Pt8pP_OetCMR3PEwzS27CF3hzaoLB-WYcuv7e0OH9wURMYbNvVqhbatMgwXTU1ZWIBk8ZmIIVGyz7tMelKDe41mn5FNtXYsxI030Ypjwoq5vO--B77lv8tIuNfla5GCoeN3A2MyrBuiEaLPfUCpy9cC9qeiLh_5QPCVJURV9NqBkKtqb_P19aPN8c2T2GQ&amp;__tn__=*NK-R\">Balkan<\/a> co\u011frafyas\u0131nda da T\u00fcrk&#8217;\u00fcn imzas\u0131n\u0131n oldu\u011funu vurgulayarak <strong>&#8220;Namazgah Camisi ile iki \u00fclke ili\u015fkileri daha da kuvvetlenecek. Bu topraklarda karde\u015flik h\u00fck\u00fcm s\u00fcrmeye devam edecek.&#8221;<\/strong> \u015feklinde konu\u015ftu.<\/p>\n\n\n\n<p>Cumhurba\u015fkan\u0131 Recep Tayyip Erdo\u011fan ile yurt d\u0131\u015f\u0131 gezini tamamlayan Milliyet\u00e7i Hareket Partisi Mersin Milletvekili ve MYK \u00dcyesi Dr. Levent Uysal sosyal medya hesab\u0131nda \u015fu payla\u015f\u0131mda bulundu;<\/p>\n\n\n\n<p><strong>&#8220;Milliyet\u00e7i Hareket Partisi Grubumuz ad\u0131na Say\u0131n Cumhurba\u015fkan\u0131m\u0131z Recep Tayyip Erdo\u011fan\u2019\u0131n yurt d\u0131\u015f\u0131 seyahatine e\u015flik ettim.<\/strong><\/p>\n\n\n\n<p><strong>T\u00fcrkiye olarak \u00fclkemizin yarar\u0131na olacak her i\u015f birli\u011fine elimizi uzatmaya devam edece\u011fiz. Bunun yan\u0131 s\u0131ra \u00fclkemiz, d\u00fcnya bar\u0131\u015f\u0131n\u0131 ve karde\u015fli\u011fini \u00f6nceleyen y\u00fcce bir devlettir.<\/strong><\/p>\n\n\n\n<p><strong>Balkanlar\u2019daki i\u015f birli\u011fi potansiyelini geli\u015ftirmek, yat\u0131r\u0131mc\u0131lar\u0131m\u0131z\u0131 desteklemek, karde\u015flerimizle bir araya gelmek i\u00e7in ger\u00e7ekle\u015ftirdi\u011fimiz seyahatin T\u00fcrkiye\u2019mize hay\u0131rl\u0131 olmas\u0131n\u0131 diliyorum.&#8221;<\/strong><\/p>\n","protected":false},"excerpt":{"rendered":"<p>Milliyet\u00e7i Hareket Partisi Mersin Milletvekili ve MYK \u00dcyesi Dr. Levent Uysal, MHP grubu ad\u0131na Cumhurba\u015fkan\u0131 Recep Tayyip Erdo\u011fan&#8217;\u0131n yurt d\u0131\u015f\u0131 ziyaretlerine e\u015flik etti. Milletvekili Uysal &#8220;Balkanlar\u2019daki i\u015f birli\u011fi potansiyelini geli\u015ftirmek, yat\u0131r\u0131mc\u0131lar\u0131m\u0131z\u0131 desteklemek, karde\u015flerimizle bir araya gelmek i\u00e7in ger\u00e7ekle\u015ftirdi\u011fimiz seyahatin T\u00fcrkiye\u2019mize hay\u0131rl\u0131 olmas\u0131n\u0131 diliyorum.&#8221; a\u00e7\u0131klamas\u0131nda bulundu. Milliyet\u00e7i Hareket Partisi Grubu ad\u0131na Cumhurba\u015fkan\u0131 Recep Tayyip Erdo\u011fan&#8217;\u0131n yurt [&hellip;]<\/p>\n","protected":false},"author":2,"featured_media":36010,"comment_status":"closed","ping_status":"closed","sticky":false,"template":"","format":"standard","meta":{"footnotes":""},"categories":[3],"tags":[],"class_list":["post-36009","post","type-post","status-publish","format-standard","has-post-thumbnail","hentry","category-manset"],"views":2,"_links":{"self":[{"href":"https:\/\/mersinkadingazetesi.com\/index.php?rest_route=\/wp\/v2\/posts\/36009"}],"collection":[{"href":"https:\/\/mersinkadingazetesi.com\/index.php?rest_route=\/wp\/v2\/posts"}],"about":[{"href":"https:\/\/mersinkadingazetesi.com\/index.php?rest_route=\/wp\/v2\/types\/post"}],"author":[{"embeddable":true,"href":"https:\/\/mersinkadingazetesi.com\/index.php?rest_route=\/wp\/v2\/users\/2"}],"replies":[{"embeddable":true,"href":"https:\/\/mersinkadingazetesi.com\/index.php?rest_route=%2Fwp%2Fv2%2Fcomments&post=36009"}],"version-history":[{"count":1,"href":"https:\/\/mersinkadingazetesi.com\/index.php?rest_route=\/wp\/v2\/posts\/36009\/revisions"}],"predecessor-version":[{"id":36011,"href":"https:\/\/mersinkadingazetesi.com\/index.php?rest_route=\/wp\/v2\/posts\/36009\/revisions\/36011"}],"wp:featuredmedia":[{"embeddable":true,"href":"https:\/\/mersinkadingazetesi.com\/index.php?rest_route=\/wp\/v2\/media\/36010"}],"wp:attachment":[{"href":"https:\/\/mersinkadingazetesi.com\/index.php?rest_route=%2Fwp%2Fv2%2Fmedia&parent=36009"}],"wp:term":[{"taxonomy":"category","embeddable":true,"href":"https:\/\/mersinkadingazetesi.com\/index.php?rest_route=%2Fwp%2Fv2%2Fcategories&post=36009"},{"taxonomy":"post_tag","embeddable":true,"href":"https:\/\/mersinkadingazetesi.com\/index.php?rest_route=%2Fwp%2Fv2%2Ftags&post=36009"}],"curies":[{"name":"wp","href":"https:\/\/api.w.org\/{rel}","templated":true}]}}