{"id":36012,"date":"2024-10-13T13:05:39","date_gmt":"2024-10-13T10:05:39","guid":{"rendered":"https:\/\/mersinkadingazetesi.com\/?p=36012"},"modified":"2024-10-13T13:05:40","modified_gmt":"2024-10-13T10:05:40","slug":"dunya-kiz-cocuklari-gununde-tarsusta-anlamli-futbol-maci","status":"publish","type":"post","link":"https:\/\/mersinkadingazetesi.com\/?p=36012","title":{"rendered":"\u00a0D\u00dcNYA KIZ \u00c7OCUKLARI G\u00dcN\u00dc&#8217;NDE TARSUS&#8217;TA ANLAMLI FUTBOL MA\u00c7I"},"content":{"rendered":"\n<p>Tarsus Belediyesi, D\u00fcnya K\u0131z \u00c7ocuklar\u0131 G\u00fcn\u00fc kapsam\u0131nda anlaml\u0131 bir futbol ma\u00e7\u0131 d\u00fczenleyerek toplumsal fark\u0131ndal\u0131k olu\u015fturdu.<\/p>\n\n\n\n<p>Kavakl\u0131 Spor Kul\u00fcb\u00fc ve Gen\u00e7lerbirli\u011fi Spor Kul\u00fcb\u00fc&#8217;n\u00fcn k\u0131z futbol tak\u0131mlar\u0131n\u0131n kar\u015f\u0131la\u015ft\u0131\u011f\u0131 etkinlik, k\u0131z \u00e7ocuklar\u0131n\u0131n spor ve di\u011fer t\u00fcm alanlarda e\u015fit haklara sahip bireyler olarak yer alabilmelerine dikkat \u00e7ekti.<\/p>\n\n\n\n<p>Faruk Sodan Stad\u0131\u2019nda ger\u00e7ekle\u015fen fark\u0131ndal\u0131k ma\u00e7\u0131na Tarsus Belediye Ba\u015fkan\u0131 Ali Bolta\u00e7 ailesiyle birlikte kat\u0131ld\u0131. Ba\u015fkan Yard\u0131mc\u0131lar\u0131 Ali Uyan, Muzaffer Akk\u0131l\u0131\u00e7 ve CHP \u0130l\u00e7e Ba\u015fkan\u0131 Selahattin \u015eahin de etkinlikte yer ald\u0131. Beraberlikle sonu\u00e7lanan ma\u00e7, izleyicilerden b\u00fcy\u00fck ilgi g\u00f6rd\u00fc. Ancak Ba\u015fkan Bolta\u00e7\u2019\u0131n belirtti\u011fi gibi, skorun \u00f6tesinde \u00f6nemli olan, k\u0131z \u00e7ocuklar\u0131n\u0131n g\u00fcc\u00fcn\u00fc ve \u00f6zg\u00fcrl\u00fc\u011f\u00fcn\u00fc vurgulayan mesajd\u0131.<\/p>\n\n\n\n<p><strong>BA\u015eKAN BOLTA\u00c7 &#8220;KIZLARIMIZIN \u00d6ZG\u00dcRL\u00dc\u011e\u00dc EN B\u00dcY\u00dcK G\u00dcC\u00dcM\u00dcZD\u00dcR&#8221;<\/strong><\/p>\n\n\n\n<p>Ba\u015fkan Bolta\u00e7, etkinlikle ilgili yapt\u0131\u011f\u0131 konu\u015fmada, &#8220;K\u0131zlar\u0131m\u0131z\u0131n \u00f6zg\u00fcrl\u00fc\u011f\u00fc en b\u00fcy\u00fck g\u00fcc\u00fcm\u00fczd\u00fcr. Onlar\u0131n her alanda \u00f6zg\u00fcr ve e\u015fit bireyler olarak var olmalar\u0131 gerekti\u011fini savunuyoruz. Bu etkinlik, onlar\u0131n g\u00fc\u00e7lenmesine katk\u0131 sa\u011flamak i\u00e7in att\u0131\u011f\u0131m\u0131z \u00f6nemli bir ad\u0131md\u0131r. Bu \u00f6zel etkinlikle k\u0131z \u00e7ocuklar\u0131n\u0131n g\u00fc\u00e7lenmesine y\u00f6nelik anlaml\u0131 bir fark\u0131ndal\u0131k olu\u015fturmay\u0131 hedefledik. Tarsus Belediyesi olarak onlar\u0131n her zaman yan\u0131nda olaca\u011f\u0131z\u201d ifadelerini kulland\u0131.<\/p>\n\n\n\n<p>Etkinlik, Tarsus Belediyesi&#8217;nin toplumsal cinsiyet e\u015fitli\u011fini destekleyen \u00e7al\u0131\u015fmalar\u0131n\u0131n bir \u00f6rne\u011fi olarak da dikkat \u00e7ekti.<\/p>\n","protected":false},"excerpt":{"rendered":"<p>Tarsus Belediyesi, D\u00fcnya K\u0131z \u00c7ocuklar\u0131 G\u00fcn\u00fc kapsam\u0131nda anlaml\u0131 bir futbol ma\u00e7\u0131 d\u00fczenleyerek toplumsal fark\u0131ndal\u0131k olu\u015fturdu. Kavakl\u0131 Spor Kul\u00fcb\u00fc ve Gen\u00e7lerbirli\u011fi Spor Kul\u00fcb\u00fc&#8217;n\u00fcn k\u0131z futbol tak\u0131mlar\u0131n\u0131n kar\u015f\u0131la\u015ft\u0131\u011f\u0131 etkinlik, k\u0131z \u00e7ocuklar\u0131n\u0131n spor ve di\u011fer t\u00fcm alanlarda e\u015fit haklara sahip bireyler olarak yer alabilmelerine dikkat \u00e7ekti. Faruk Sodan Stad\u0131\u2019nda ger\u00e7ekle\u015fen fark\u0131ndal\u0131k ma\u00e7\u0131na Tarsus Belediye Ba\u015fkan\u0131 Ali Bolta\u00e7 ailesiyle [&hellip;]<\/p>\n","protected":false},"author":2,"featured_media":36013,"comment_status":"closed","ping_status":"closed","sticky":false,"template":"","format":"standard","meta":{"footnotes":""},"categories":[3,10],"tags":[],"class_list":["post-36012","post","type-post","status-publish","format-standard","has-post-thumbnail","hentry","category-manset","category-spor"],"views":10,"_links":{"self":[{"href":"https:\/\/mersinkadingazetesi.com\/index.php?rest_route=\/wp\/v2\/posts\/36012"}],"collection":[{"href":"https:\/\/mersinkadingazetesi.com\/index.php?rest_route=\/wp\/v2\/posts"}],"about":[{"href":"https:\/\/mersinkadingazetesi.com\/index.php?rest_route=\/wp\/v2\/types\/post"}],"author":[{"embeddable":true,"href":"https:\/\/mersinkadingazetesi.com\/index.php?rest_route=\/wp\/v2\/users\/2"}],"replies":[{"embeddable":true,"href":"https:\/\/mersinkadingazetesi.com\/index.php?rest_route=%2Fwp%2Fv2%2Fcomments&post=36012"}],"version-history":[{"count":1,"href":"https:\/\/mersinkadingazetesi.com\/index.php?rest_route=\/wp\/v2\/posts\/36012\/revisions"}],"predecessor-version":[{"id":36014,"href":"https:\/\/mersinkadingazetesi.com\/index.php?rest_route=\/wp\/v2\/posts\/36012\/revisions\/36014"}],"wp:featuredmedia":[{"embeddable":true,"href":"https:\/\/mersinkadingazetesi.com\/index.php?rest_route=\/wp\/v2\/media\/36013"}],"wp:attachment":[{"href":"https:\/\/mersinkadingazetesi.com\/index.php?rest_route=%2Fwp%2Fv2%2Fmedia&parent=36012"}],"wp:term":[{"taxonomy":"category","embeddable":true,"href":"https:\/\/mersinkadingazetesi.com\/index.php?rest_route=%2Fwp%2Fv2%2Fcategories&post=36012"},{"taxonomy":"post_tag","embeddable":true,"href":"https:\/\/mersinkadingazetesi.com\/index.php?rest_route=%2Fwp%2Fv2%2Ftags&post=36012"}],"curies":[{"name":"wp","href":"https:\/\/api.w.org\/{rel}","templated":true}]}}