{"id":36018,"date":"2024-10-13T13:07:06","date_gmt":"2024-10-13T10:07:06","guid":{"rendered":"https:\/\/mersinkadingazetesi.com\/?p=36018"},"modified":"2024-10-13T13:07:06","modified_gmt":"2024-10-13T10:07:06","slug":"dr-ustun-ezer-zeytin-gen-koruma-alaninda-anlamli-acilis","status":"publish","type":"post","link":"https:\/\/mersinkadingazetesi.com\/?p=36018","title":{"rendered":"DR. \u00dcST\u00dcN EZER ZEYT\u0130N GEN KORUMA ALANI\u2019NDA ANLAMLI A\u00c7ILI\u015e"},"content":{"rendered":"\n<p>Tarsus Belediyesi\u2019ne ba\u011fl\u0131 Dr. \u00dcst\u00fcn Ezer Zeytin Gen Koruma Alan\u0131\u2019nda, L\u00d6SEV\u2019in Kurucusu Dr. \u00dcst\u00fcn Ezer\u2019in kat\u0131l\u0131mlar\u0131yla, Dr. \u00dcst\u00fcn Ezer ve l\u00f6semili bir \u00e7ocu\u011fu temsil eden heykelin a\u00e7\u0131l\u0131\u015f\u0131 ger\u00e7ekle\u015ftirildi. Ard\u0131ndan emekle b\u00fcy\u00fct\u00fclen zeytinler, L\u00d6SANTE Hastanesinde bulunan \u00e7ocuklara zeytinya\u011f\u0131 olarak ula\u015ft\u0131rmak \u00fczere topland\u0131.<\/p>\n\n\n\n<p>Tarsus Belediyesi, Tar\u0131msal Hizmetler M\u00fcd\u00fcrl\u00fc\u011f\u00fcne ba\u011fl\u0131 Dr. \u00dcst\u00fcn Ezer Zeytin Gen Koruma Alan\u0131\u2019nda, \u00e7ocuklar\u0131n do\u011fal g\u0131dayla beslenmeleri i\u00e7in anlaml\u0131 bir etkinli\u011fe ev sahipli\u011fi yapt\u0131.<\/p>\n\n\n\n<p><strong>ZEYT\u0130NYA\u011eI OLARAK \u00c7OCUKLARA ULA\u015eTIRILACAK<\/strong><\/p>\n\n\n\n<p>Zeytin Gen Koruma Alan\u0131\u2019nda, L\u00d6SEV Vakf\u0131na kay\u0131tl\u0131 iyile\u015fmi\u015f gen\u00e7ler, yeti\u015fkin kanser hastalar\u0131 ve g\u00f6n\u00fcll\u00fcler ile zeytinler topland\u0131. Hasattan elde edilen do\u011fal zeytinya\u011f\u0131, l\u00f6semi ve kanser ile m\u00fccadele eden \u00e7ocuklara tamamen \u00fccretsiz tedavi imk\u00e2n\u0131 sunan L\u00d6SANTE Hastanesindeki \u00e7ocuklara ula\u015ft\u0131r\u0131lacak.&nbsp; Bu anlaml\u0131 proje ile hem \u00e7ocuklar\u0131n tedavi s\u00fcre\u00e7lerine katk\u0131da bulunulmas\u0131 hem de toplumda dayan\u0131\u015fma ve yard\u0131mla\u015fma duygusunun peki\u015fmesi ama\u00e7lan\u0131yor.<\/p>\n\n\n\n<p><strong>\u201cB\u0130RL\u0130KTE DAHA G\u00dcZEL G\u00dcNLERE ULA\u015eACA\u011eIZ\u201d<\/strong><\/p>\n\n\n\n<p>Dr. \u00dcst\u00fcn Ezer, yap\u0131lan a\u00e7\u0131l\u0131\u015f i\u00e7in Tarsus Belediye Ba\u015fkan\u0131 Ali Bolta\u00e7\u2019a te\u015fekk\u00fcr ederek \u201cHep birlikte, sevgi ve umutla hareket ederek, bu \u00e7ocuklar\u0131n hayatlar\u0131na dokunma f\u0131rsat\u0131na sahibiz. Unutmayal\u0131m ki, her umut ise bir ya\u015fam anlam\u0131na geliyor. Katk\u0131lar\u0131n\u0131z i\u00e7in hepinize te\u015fekk\u00fcr ederim. Birlikte daha g\u00fczel g\u00fcnlere ula\u015faca\u011f\u0131z.\u201d dedi.<\/p>\n","protected":false},"excerpt":{"rendered":"<p>Tarsus Belediyesi\u2019ne ba\u011fl\u0131 Dr. \u00dcst\u00fcn Ezer Zeytin Gen Koruma Alan\u0131\u2019nda, L\u00d6SEV\u2019in Kurucusu Dr. \u00dcst\u00fcn Ezer\u2019in kat\u0131l\u0131mlar\u0131yla, Dr. \u00dcst\u00fcn Ezer ve l\u00f6semili bir \u00e7ocu\u011fu temsil eden heykelin a\u00e7\u0131l\u0131\u015f\u0131 ger\u00e7ekle\u015ftirildi. Ard\u0131ndan emekle b\u00fcy\u00fct\u00fclen zeytinler, L\u00d6SANTE Hastanesinde bulunan \u00e7ocuklara zeytinya\u011f\u0131 olarak ula\u015ft\u0131rmak \u00fczere topland\u0131. Tarsus Belediyesi, Tar\u0131msal Hizmetler M\u00fcd\u00fcrl\u00fc\u011f\u00fcne ba\u011fl\u0131 Dr. \u00dcst\u00fcn Ezer Zeytin Gen Koruma Alan\u0131\u2019nda, \u00e7ocuklar\u0131n [&hellip;]<\/p>\n","protected":false},"author":2,"featured_media":36019,"comment_status":"closed","ping_status":"closed","sticky":false,"template":"","format":"standard","meta":{"footnotes":""},"categories":[3],"tags":[],"class_list":["post-36018","post","type-post","status-publish","format-standard","has-post-thumbnail","hentry","category-manset"],"views":8,"_links":{"self":[{"href":"https:\/\/mersinkadingazetesi.com\/index.php?rest_route=\/wp\/v2\/posts\/36018"}],"collection":[{"href":"https:\/\/mersinkadingazetesi.com\/index.php?rest_route=\/wp\/v2\/posts"}],"about":[{"href":"https:\/\/mersinkadingazetesi.com\/index.php?rest_route=\/wp\/v2\/types\/post"}],"author":[{"embeddable":true,"href":"https:\/\/mersinkadingazetesi.com\/index.php?rest_route=\/wp\/v2\/users\/2"}],"replies":[{"embeddable":true,"href":"https:\/\/mersinkadingazetesi.com\/index.php?rest_route=%2Fwp%2Fv2%2Fcomments&post=36018"}],"version-history":[{"count":1,"href":"https:\/\/mersinkadingazetesi.com\/index.php?rest_route=\/wp\/v2\/posts\/36018\/revisions"}],"predecessor-version":[{"id":36020,"href":"https:\/\/mersinkadingazetesi.com\/index.php?rest_route=\/wp\/v2\/posts\/36018\/revisions\/36020"}],"wp:featuredmedia":[{"embeddable":true,"href":"https:\/\/mersinkadingazetesi.com\/index.php?rest_route=\/wp\/v2\/media\/36019"}],"wp:attachment":[{"href":"https:\/\/mersinkadingazetesi.com\/index.php?rest_route=%2Fwp%2Fv2%2Fmedia&parent=36018"}],"wp:term":[{"taxonomy":"category","embeddable":true,"href":"https:\/\/mersinkadingazetesi.com\/index.php?rest_route=%2Fwp%2Fv2%2Fcategories&post=36018"},{"taxonomy":"post_tag","embeddable":true,"href":"https:\/\/mersinkadingazetesi.com\/index.php?rest_route=%2Fwp%2Fv2%2Ftags&post=36018"}],"curies":[{"name":"wp","href":"https:\/\/api.w.org\/{rel}","templated":true}]}}