{"id":36025,"date":"2024-10-14T11:09:06","date_gmt":"2024-10-14T08:09:06","guid":{"rendered":"https:\/\/mersinkadingazetesi.com\/?p=36025"},"modified":"2024-10-14T11:09:06","modified_gmt":"2024-10-14T08:09:06","slug":"dr-cetin-oranlinin-adana-kitabina-da-buyuk-ilgi","status":"publish","type":"post","link":"https:\/\/mersinkadingazetesi.com\/?p=36025","title":{"rendered":"DR. \u00c7ET\u0130N ORANLI\u2019NIN \u2018ADANA\u2019 K\u0130TABINA DA B\u00dcY\u00dcK \u0130LG\u0130"},"content":{"rendered":"\n<blockquote class=\"wp-block-quote is-layout-flow wp-block-quote-is-layout-flow\">\n<p>Dr. \u00c7etin Oranl\u0131\u2019n\u0131n&nbsp;\u201cHer Mevsim Bahar\u0131 Ya\u015fayan \u015eehir ADANA\u201d kitab\u0131,&nbsp;\u201cY\u0131l\u0131n \u015eehir Kitab\u0131\u201d \u00f6d\u00fcl\u00fcne de lay\u0131k g\u00f6r\u00fclm\u00fc\u015ft\u00fc.<\/p>\n<\/blockquote>\n\n\n\n<blockquote class=\"wp-block-quote is-layout-flow wp-block-quote-is-layout-flow\">\n<p><\/p>\n\n\n\n<p>Bas\u0131n \u0130lan Kurumu Adana B\u00f6lge M\u00fcd\u00fcr\u00fc Gazeteci-Yazar \u00c7etin Oranl\u0131,&nbsp;CNR Mersin Kitap Fuar\u0131&#8217;nda imza g\u00fcn\u00fcne kat\u0131larak sevenleri ile bulu\u015ftu.<\/p>\n\n\n\n<p>Bas\u0131n \u0130lan Kurumu Adana B\u00f6lge M\u00fcd\u00fcr\u00fc, ileti\u015fimci ve yazar Dr. \u00c7etin Oranl\u0131, \u201cY\u0131l\u0131n \u015eehir Kitab\u0131\u201d \u00f6d\u00fcl\u00fcne lay\u0131k g\u00f6r\u00fclen \u201cHer Mevsim Bahar\u0131 Ya\u015fayan \u015eehir ADANA\u201d kitab\u0131n\u0131n imza g\u00fcn\u00fcnde kitapseverlerle bulu\u015ftu. Mersin\u2019de sevenleri ile de bulu\u015fan&nbsp;Oranl\u0131&#8217;n\u0131n&nbsp;imza g\u00fcn\u00fc, b\u00fcy\u00fck bir ilgi g\u00f6rd\u00fc.<\/p>\n\n\n\n<p>G\u00f6rd\u00fc\u011f\u00fc ilgiden memnuniyetini dile getiren Dr. \u00c7etin Oranl\u0131, \u201cAlt\u0131nc\u0131 eserim olan \u2018Her Mevsim Bahar\u0131 Ya\u015fayan \u015eehir ADANA\u2019 kitab\u0131mda, Adana\u2019n\u0131n renkli dokusunu, bereketli topraklar\u0131n\u0131, co\u011frafyas\u0131n\u0131 ve tarihi kimli\u011fini yans\u0131tmaya \u00e7al\u0131\u015ft\u0131m. Adana i\u00e7in tarihsel haf\u0131za niteli\u011finde olan eserim, ilk g\u00fcnden itibaren g\u00f6rd\u00fc\u011f\u00fc yo\u011fun ilgi ile \u015fehir kitaplar\u0131 aras\u0131nda yerini ald\u0131. \u0130mza g\u00fcn\u00fcme yo\u011fun ilgi g\u00f6steren t\u00fcm kitap dostlar\u0131na ve CNR Mersin Kitap Fuar\u0131\u2019n\u0131n ger\u00e7ekle\u015fmesinde eme\u011fi ge\u00e7en herkese te\u015fekk\u00fcr ediyorum.\u201d dedi.<\/p>\n\n\n\n<p>Dr. \u00c7etin Oranl\u0131\u2019n\u0131n bu \u00f6nemli ba\u015far\u0131s\u0131, edebiyat d\u00fcnyas\u0131nda ve \u00f6zellikle \u015fehir kitaplar\u0131 kategorisinde b\u00fcy\u00fck yank\u0131 uyand\u0131r\u0131rken, Mersinli sevenleri ve okurlar\u0131yla bulu\u015ftu\u011fu bu anlaml\u0131 etkinlik unutulmaz anlara sahne oldu.<\/p>\n<\/blockquote>\n","protected":false},"excerpt":{"rendered":"<p>Dr. \u00c7etin Oranl\u0131\u2019n\u0131n&nbsp;\u201cHer Mevsim Bahar\u0131 Ya\u015fayan \u015eehir ADANA\u201d kitab\u0131,&nbsp;\u201cY\u0131l\u0131n \u015eehir Kitab\u0131\u201d \u00f6d\u00fcl\u00fcne de lay\u0131k g\u00f6r\u00fclm\u00fc\u015ft\u00fc. Bas\u0131n \u0130lan Kurumu Adana B\u00f6lge M\u00fcd\u00fcr\u00fc Gazeteci-Yazar \u00c7etin Oranl\u0131,&nbsp;CNR Mersin Kitap Fuar\u0131&#8217;nda imza g\u00fcn\u00fcne kat\u0131larak sevenleri ile bulu\u015ftu. Bas\u0131n \u0130lan Kurumu Adana B\u00f6lge M\u00fcd\u00fcr\u00fc, ileti\u015fimci ve yazar Dr. \u00c7etin Oranl\u0131, \u201cY\u0131l\u0131n \u015eehir Kitab\u0131\u201d \u00f6d\u00fcl\u00fcne lay\u0131k g\u00f6r\u00fclen \u201cHer Mevsim Bahar\u0131 Ya\u015fayan [&hellip;]<\/p>\n","protected":false},"author":2,"featured_media":36026,"comment_status":"closed","ping_status":"closed","sticky":false,"template":"","format":"standard","meta":{"footnotes":""},"categories":[3],"tags":[],"class_list":["post-36025","post","type-post","status-publish","format-standard","has-post-thumbnail","hentry","category-manset"],"views":3,"_links":{"self":[{"href":"https:\/\/mersinkadingazetesi.com\/index.php?rest_route=\/wp\/v2\/posts\/36025"}],"collection":[{"href":"https:\/\/mersinkadingazetesi.com\/index.php?rest_route=\/wp\/v2\/posts"}],"about":[{"href":"https:\/\/mersinkadingazetesi.com\/index.php?rest_route=\/wp\/v2\/types\/post"}],"author":[{"embeddable":true,"href":"https:\/\/mersinkadingazetesi.com\/index.php?rest_route=\/wp\/v2\/users\/2"}],"replies":[{"embeddable":true,"href":"https:\/\/mersinkadingazetesi.com\/index.php?rest_route=%2Fwp%2Fv2%2Fcomments&post=36025"}],"version-history":[{"count":1,"href":"https:\/\/mersinkadingazetesi.com\/index.php?rest_route=\/wp\/v2\/posts\/36025\/revisions"}],"predecessor-version":[{"id":36027,"href":"https:\/\/mersinkadingazetesi.com\/index.php?rest_route=\/wp\/v2\/posts\/36025\/revisions\/36027"}],"wp:featuredmedia":[{"embeddable":true,"href":"https:\/\/mersinkadingazetesi.com\/index.php?rest_route=\/wp\/v2\/media\/36026"}],"wp:attachment":[{"href":"https:\/\/mersinkadingazetesi.com\/index.php?rest_route=%2Fwp%2Fv2%2Fmedia&parent=36025"}],"wp:term":[{"taxonomy":"category","embeddable":true,"href":"https:\/\/mersinkadingazetesi.com\/index.php?rest_route=%2Fwp%2Fv2%2Fcategories&post=36025"},{"taxonomy":"post_tag","embeddable":true,"href":"https:\/\/mersinkadingazetesi.com\/index.php?rest_route=%2Fwp%2Fv2%2Ftags&post=36025"}],"curies":[{"name":"wp","href":"https:\/\/api.w.org\/{rel}","templated":true}]}}