{"id":36041,"date":"2024-10-14T14:16:37","date_gmt":"2024-10-14T11:16:37","guid":{"rendered":"https:\/\/mersinkadingazetesi.com\/?p=36041"},"modified":"2024-10-14T14:16:38","modified_gmt":"2024-10-14T11:16:38","slug":"mezitlide-hasat-edilen-zeytinler-kiz-cocuklarina-umut-olacak","status":"publish","type":"post","link":"https:\/\/mersinkadingazetesi.com\/?p=36041","title":{"rendered":"MEZ\u0130TL\u0130&#8217;DE HASAT ED\u0130LEN ZEYT\u0130NLER, KIZ \u00c7OCUKLARINA UMUT OLACAK"},"content":{"rendered":"\n<p>Mezitli Belediye Ba\u015fkan\u0131 Ahmet Serkan Tuncer, zeytin hasad\u0131nda bulunarak \u00f6nemli bir sosyal sorumluluk projesine imza att\u0131. Mezitli&#8217;nin Eskimezitli ve Merkez Mahalleleri&#8217;nde hasat edilen zeytinler, zeytinya\u011f\u0131na d\u00f6n\u00fc\u015ft\u00fcr\u00fclerek elde edilen gelirle k\u0131z \u00e7ocuklar\u0131na burs deste\u011fi sa\u011flanacak. Ba\u015fkan Tuncer, zeytin hasad\u0131 s\u0131ras\u0131nda yapt\u0131\u011f\u0131 a\u00e7\u0131klamada, &#8220;Bu y\u0131l elde etti\u011fimiz zeytinleri, \u00e7ocuklar\u0131m\u0131z\u0131n e\u011fitimi i\u00e7in burs fonuna d\u00f6n\u00fc\u015ft\u00fcr\u00fcyoruz. K\u0131z \u00e7ocuklar\u0131m\u0131za verdi\u011fimiz destek, gelece\u011fimizin teminat\u0131d\u0131r,&#8221; dedi.<\/p>\n\n\n\n<p>Zeytinler, Mezitli&#8217;deki zeytinya\u011f\u0131 \u00fcretim tesislerine g\u00f6nderilecek ve buradan elde edilecek gelir, k\u0131z \u00e7ocuklar\u0131n\u0131n e\u011fitimine destek olmak i\u00e7in burs fonuna aktar\u0131lacak.&nbsp; Yakla\u015f\u0131k 200 zeytin a\u011fac\u0131 Ba\u015fkan Tuncer ve saha ekiplerinin kat\u0131l\u0131mlar\u0131 ile hasat edildi. Bu projeyle hem tar\u0131ma katk\u0131da bulunulacak hem dek\u0131z \u00e7ocuklar\u0131na umut olacak.<\/p>\n\n\n\n<p><strong>&#8220;B\u0130Z HER ZAMAN YANLARINDA OLACA\u011eIZ&#8221;<\/strong><\/p>\n\n\n\n<p>K\u0131z \u00e7ocuklar\u0131n\u0131n e\u011fitimine destek amac\u0131yla burs olarak kullan\u0131laca\u011f\u0131n\u0131 belirten Tuncer, &#8220;K\u0131ymetli \u00e7ocuklar\u0131m\u0131z, e\u011fitimlerine odaklans\u0131nlar; biz her zaman yanlar\u0131nda olaca\u011f\u0131z. Gelecekte daha fazla \u00e7ocu\u011fa ula\u015fmay\u0131 ve e\u011fitim f\u0131rsatlar\u0131n\u0131 art\u0131rmay\u0131 hedefliyoruz. Bu projeyle hem tar\u0131ma katk\u0131da bulunuyoruz hem de k\u0131z \u00e7ocuklar\u0131m\u0131za destek sa\u011fl\u0131yoruz,&#8221; diye ekledi.<\/p>\n","protected":false},"excerpt":{"rendered":"<p>Mezitli Belediye Ba\u015fkan\u0131 Ahmet Serkan Tuncer, zeytin hasad\u0131nda bulunarak \u00f6nemli bir sosyal sorumluluk projesine imza att\u0131. Mezitli&#8217;nin Eskimezitli ve Merkez Mahalleleri&#8217;nde hasat edilen zeytinler, zeytinya\u011f\u0131na d\u00f6n\u00fc\u015ft\u00fcr\u00fclerek elde edilen gelirle k\u0131z \u00e7ocuklar\u0131na burs deste\u011fi sa\u011flanacak. Ba\u015fkan Tuncer, zeytin hasad\u0131 s\u0131ras\u0131nda yapt\u0131\u011f\u0131 a\u00e7\u0131klamada, &#8220;Bu y\u0131l elde etti\u011fimiz zeytinleri, \u00e7ocuklar\u0131m\u0131z\u0131n e\u011fitimi i\u00e7in burs fonuna d\u00f6n\u00fc\u015ft\u00fcr\u00fcyoruz. K\u0131z \u00e7ocuklar\u0131m\u0131za verdi\u011fimiz [&hellip;]<\/p>\n","protected":false},"author":2,"featured_media":36042,"comment_status":"closed","ping_status":"closed","sticky":false,"template":"","format":"standard","meta":{"footnotes":""},"categories":[34,3,5],"tags":[],"class_list":["post-36041","post","type-post","status-publish","format-standard","has-post-thumbnail","hentry","category-flas-haber","category-manset","category-mersin"],"views":3,"_links":{"self":[{"href":"https:\/\/mersinkadingazetesi.com\/index.php?rest_route=\/wp\/v2\/posts\/36041"}],"collection":[{"href":"https:\/\/mersinkadingazetesi.com\/index.php?rest_route=\/wp\/v2\/posts"}],"about":[{"href":"https:\/\/mersinkadingazetesi.com\/index.php?rest_route=\/wp\/v2\/types\/post"}],"author":[{"embeddable":true,"href":"https:\/\/mersinkadingazetesi.com\/index.php?rest_route=\/wp\/v2\/users\/2"}],"replies":[{"embeddable":true,"href":"https:\/\/mersinkadingazetesi.com\/index.php?rest_route=%2Fwp%2Fv2%2Fcomments&post=36041"}],"version-history":[{"count":1,"href":"https:\/\/mersinkadingazetesi.com\/index.php?rest_route=\/wp\/v2\/posts\/36041\/revisions"}],"predecessor-version":[{"id":36043,"href":"https:\/\/mersinkadingazetesi.com\/index.php?rest_route=\/wp\/v2\/posts\/36041\/revisions\/36043"}],"wp:featuredmedia":[{"embeddable":true,"href":"https:\/\/mersinkadingazetesi.com\/index.php?rest_route=\/wp\/v2\/media\/36042"}],"wp:attachment":[{"href":"https:\/\/mersinkadingazetesi.com\/index.php?rest_route=%2Fwp%2Fv2%2Fmedia&parent=36041"}],"wp:term":[{"taxonomy":"category","embeddable":true,"href":"https:\/\/mersinkadingazetesi.com\/index.php?rest_route=%2Fwp%2Fv2%2Fcategories&post=36041"},{"taxonomy":"post_tag","embeddable":true,"href":"https:\/\/mersinkadingazetesi.com\/index.php?rest_route=%2Fwp%2Fv2%2Ftags&post=36041"}],"curies":[{"name":"wp","href":"https:\/\/api.w.org\/{rel}","templated":true}]}}