{"id":36061,"date":"2024-10-15T12:07:56","date_gmt":"2024-10-15T09:07:56","guid":{"rendered":"https:\/\/mersinkadingazetesi.com\/?p=36061"},"modified":"2024-10-15T12:07:57","modified_gmt":"2024-10-15T09:07:57","slug":"mersin-buyuksehirin-2025-2029-donemi-stratejik-plani-oy-birligiyle-kabul-edildi","status":"publish","type":"post","link":"https:\/\/mersinkadingazetesi.com\/?p=36061","title":{"rendered":"MERS\u0130N B\u00dcY\u00dcK\u015eEH\u0130R&#8217;\u0130N 2025-2029 D\u00d6NEM\u0130 STRATEJ\u0130K PLANI OY B\u0130RL\u0130\u011e\u0130YLE KABUL ED\u0130LD\u0130"},"content":{"rendered":"\n<p>Mersin B\u00fcy\u00fck\u015fehir Belediye Meclisi&#8217;nin 2024 Y\u0131l\u0131 Ekim Ay\u0131 Ola\u011fan Toplant\u0131s\u0131&#8217;n\u0131n 2. Birle\u015fimi, Mersin B\u00fcy\u00fck\u015fehir Belediye Meclis 1. Ba\u015fkan Vekili Ali Uyan ba\u015fkanl\u0131\u011f\u0131nda ger\u00e7ekle\u015ftirildi. Meclis Toplant\u0131s\u0131&#8217;nda; Komisyonlara Havale Edilen 6, Birimlerden Gelen 28 madde olmak \u00fczere toplam 34 madde g\u00f6r\u00fc\u015f\u00fcld\u00fc.<\/p>\n\n\n\n<p>Mersin B\u00fcy\u00fck\u015fehir Belediye Meclis 1. Ba\u015fkan Vekili Ali Uyan G\u00fcndem D\u0131\u015f\u0131 Konu\u015fmalar B\u00f6l\u00fcm\u00fc&#8217;nde yapt\u0131\u011f\u0131 konu\u015fmas\u0131nda; bu y\u0131l Cumhuriyet Bayram\u0131&#8217;n\u0131n 101. y\u0131l\u0131n\u0131 kutlayacaklar\u0131n\u0131 s\u00f6yleyerek,&nbsp;<strong>&#8220;Cumhuriyet&#8217;i kuran kadrolar\u0131n bug\u00fcnk\u00fc miras\u00e7\u0131lar\u0131 olarak g\u00f6revimiz; g\u00fczel Cumhuriyetimizi demokrasi ile ta\u00e7land\u0131rmakt\u0131r. 101. ya\u015f\u0131n\u0131 kutlayaca\u011f\u0131m\u0131z Cumhuriyet Bayram\u0131&#8217;nda; T\u00fcrkiye Cumhuriyetimizin kurucusu Ulu \u00d6nder Gazi Mustafa Kemal Atat\u00fcrk&#8217;\u00fc, m\u00fccadele arkada\u015flar\u0131n\u0131, \u015fehitlerimizi, gazilerimizi sayg\u0131yla, rahmetle ve minnetle an\u0131yoruz. 29 Ekim Cumhuriyet Bayram\u0131m\u0131z kutlu olsun&#8221;&nbsp;<\/strong>dedi.<\/p>\n\n\n\n<p><strong>Mersin B\u00fcy\u00fck\u015fehir &#8216;in 2025-2029 D\u00f6nemi Stratejik Plan\u0131 oy birli\u011fiyle kabul edildi<\/strong><\/p>\n\n\n\n<p>G\u00fcndem D\u0131\u015f\u0131 Konu\u015fmalar B\u00f6l\u00fcm\u00fc&#8217;n\u00fcn ard\u0131ndan maddelerin oylanmas\u0131na ge\u00e7ildi. Komisyonlara Havale Edilen konular aras\u0131nda yer alan; Mersin B\u00fcy\u00fck\u015fehir Belediyesi&#8217;nin 2025-2029 D\u00f6nemi Stratejik Plan\u0131 ile konu Meclis Toplant\u0131s\u0131&#8217;nda oy birli\u011fiyle kabul edildi.<\/p>\n\n\n\n<p>Komisyonlara Havale Edilen konulardan biri olan; Mersin B\u00fcy\u00fck\u015fehir Belediyesi Tar\u0131msal Hizmetler Dairesi Ba\u015fkanl\u0131\u011f\u0131&#8217;nca kurulmas\u0131 planlanan G\u00fcne\u015f Enerji Santralinin (GES) ve Sulama Tankeri Deste\u011fi Projesi kapsamlar\u0131nda talep sahibi sulama kooperatifi ve Mersin \u0130li Dam\u0131zl\u0131k Koyun Ke\u00e7i Yeti\u015ftiricileri Birli\u011fi&#8217;ne kay\u0131tl\u0131 yeti\u015ftiricilere proje maliyetinin y\u00fczde 50&#8217;sinin Mersin B\u00fcy\u00fck\u015fehir Belediyesi Mali Hizmetler Dairesi Ba\u015fkanl\u0131\u011f\u0131&#8217;nca a\u00e7\u0131lacak hesap numaras\u0131na &#8216;katk\u0131 pay\u0131&#8217; ad\u0131 alt\u0131nda yat\u0131r\u0131lmas\u0131 ile ilgili konu oy birli\u011fiyle kabul edildi.<\/p>\n\n\n\n<p><strong>&#8220;Mersin halk\u0131; Ba\u015fkan\u0131m\u0131za olan sevgisi ve ho\u015fg\u00f6r\u00fcs\u00fcn\u00fc 31 Mart&#8217;ta ifade etti&#8221;<\/strong><\/p>\n\n\n\n<p>Bir Meclis \u00fcyesinden gelen ve Erdemli&#8217;ye ilgi alaka g\u00f6sterilmedi\u011fi iddias\u0131na yan\u0131t veren Mersin B\u00fcy\u00fck\u015fehir Belediye Meclis 1. Ba\u015fkan Vekili Ali Uyan,&nbsp;<strong>&#8220;Vahap Se\u00e7er Ba\u015fkan\u0131m\u0131z\u0131n Erdemli&#8217;ye ve Erdemli halk\u0131na olan sayg\u0131s\u0131, sevgisi ve hizmeti Erdemli i\u00e7in de Tarsus i\u00e7in de G\u00fclnar i\u00e7in de ge\u00e7erli. Bu durum bizim 13 il\u00e7emiz i\u00e7in de ge\u00e7erli. Vahap Se\u00e7er Ba\u015fkan\u0131m\u0131z\u0131n t\u00fcm Mersin&#8217;imizde ya\u015fayan vatanda\u015flar\u0131n g\u00f6nl\u00fcnde olan sevgisi ve ho\u015fg\u00f6r\u00fcs\u00fcn\u00fc 31 Mart 2024&#8217;te Mersin halk\u0131, kimsenin bunu ifade etmesine gerek b\u0131rakmadan kendisi ifade etti&#8221;<\/strong>&nbsp;dedi.<\/p>\n","protected":false},"excerpt":{"rendered":"<p>Mersin B\u00fcy\u00fck\u015fehir Belediye Meclisi&#8217;nin 2024 Y\u0131l\u0131 Ekim Ay\u0131 Ola\u011fan Toplant\u0131s\u0131&#8217;n\u0131n 2. Birle\u015fimi, Mersin B\u00fcy\u00fck\u015fehir Belediye Meclis 1. Ba\u015fkan Vekili Ali Uyan ba\u015fkanl\u0131\u011f\u0131nda ger\u00e7ekle\u015ftirildi. Meclis Toplant\u0131s\u0131&#8217;nda; Komisyonlara Havale Edilen 6, Birimlerden Gelen 28 madde olmak \u00fczere toplam 34 madde g\u00f6r\u00fc\u015f\u00fcld\u00fc. Mersin B\u00fcy\u00fck\u015fehir Belediye Meclis 1. Ba\u015fkan Vekili Ali Uyan G\u00fcndem D\u0131\u015f\u0131 Konu\u015fmalar B\u00f6l\u00fcm\u00fc&#8217;nde yapt\u0131\u011f\u0131 konu\u015fmas\u0131nda; bu [&hellip;]<\/p>\n","protected":false},"author":2,"featured_media":36062,"comment_status":"closed","ping_status":"closed","sticky":false,"template":"","format":"standard","meta":{"footnotes":""},"categories":[34,1,2,3],"tags":[],"class_list":["post-36061","post","type-post","status-publish","format-standard","has-post-thumbnail","hentry","category-flas-haber","category-genel","category-gundem","category-manset"],"views":3,"_links":{"self":[{"href":"https:\/\/mersinkadingazetesi.com\/index.php?rest_route=\/wp\/v2\/posts\/36061"}],"collection":[{"href":"https:\/\/mersinkadingazetesi.com\/index.php?rest_route=\/wp\/v2\/posts"}],"about":[{"href":"https:\/\/mersinkadingazetesi.com\/index.php?rest_route=\/wp\/v2\/types\/post"}],"author":[{"embeddable":true,"href":"https:\/\/mersinkadingazetesi.com\/index.php?rest_route=\/wp\/v2\/users\/2"}],"replies":[{"embeddable":true,"href":"https:\/\/mersinkadingazetesi.com\/index.php?rest_route=%2Fwp%2Fv2%2Fcomments&post=36061"}],"version-history":[{"count":1,"href":"https:\/\/mersinkadingazetesi.com\/index.php?rest_route=\/wp\/v2\/posts\/36061\/revisions"}],"predecessor-version":[{"id":36063,"href":"https:\/\/mersinkadingazetesi.com\/index.php?rest_route=\/wp\/v2\/posts\/36061\/revisions\/36063"}],"wp:featuredmedia":[{"embeddable":true,"href":"https:\/\/mersinkadingazetesi.com\/index.php?rest_route=\/wp\/v2\/media\/36062"}],"wp:attachment":[{"href":"https:\/\/mersinkadingazetesi.com\/index.php?rest_route=%2Fwp%2Fv2%2Fmedia&parent=36061"}],"wp:term":[{"taxonomy":"category","embeddable":true,"href":"https:\/\/mersinkadingazetesi.com\/index.php?rest_route=%2Fwp%2Fv2%2Fcategories&post=36061"},{"taxonomy":"post_tag","embeddable":true,"href":"https:\/\/mersinkadingazetesi.com\/index.php?rest_route=%2Fwp%2Fv2%2Ftags&post=36061"}],"curies":[{"name":"wp","href":"https:\/\/api.w.org\/{rel}","templated":true}]}}