{"id":36067,"date":"2024-10-15T12:10:27","date_gmt":"2024-10-15T09:10:27","guid":{"rendered":"https:\/\/mersinkadingazetesi.com\/?p=36067"},"modified":"2024-10-15T12:10:27","modified_gmt":"2024-10-15T09:10:27","slug":"ogrenciler-buyuksehirin-kurs-merkezleri-sayesinde-hem-okul-hem-akademik-hedeflerine-kolaylikla-ulasiyor","status":"publish","type":"post","link":"https:\/\/mersinkadingazetesi.com\/?p=36067","title":{"rendered":"\u00d6\u011eRENC\u0130LER, B\u00dcY\u00dcK\u015eEH\u0130R&#8217;\u0130N KURS MERKEZLER\u0130 SAYES\u0130NDE HEM OKUL HEM AKADEM\u0130K HEDEFLER\u0130NE KOLAYLIKLA ULA\u015eIYOR"},"content":{"rendered":"\n<p>Mersin B\u00fcy\u00fck\u015fehir Belediyesi,&nbsp;<strong>&#8216;E\u011fitimde F\u0131rsat E\u015fitli\u011fi&#8217;<\/strong>nikent geneline yaymak ad\u0131na hayata ge\u00e7irdi\u011fi projelerden biri olan E\u011fitimi ve \u00d6\u011fretimi Destekleme Kurs Merkezleriyle, \u00f6\u011frencilere kaliteli ve nitelikli e\u011fitim sunmay\u0131 s\u00fcrd\u00fcr\u00fcyor.<\/p>\n\n\n\n<p>Sosyal Hizmetler Dairesi Ba\u015fkanl\u0131\u011f\u0131 b\u00fcnyesinde hizmet veren ve g\u00fcn\u00fcm\u00fcz ekonomik ko\u015fullar\u0131nda \u00f6zellikle dezavantajl\u0131 b\u00f6lgelerde a\u00e7t\u0131\u011f\u0131 kurs merkezleri ile B\u00fcy\u00fck\u015fehir; \u00f6\u011frencilerin iyi bir e\u011fitim almalar\u0131n\u0131 sa\u011flarken, akademik ve sosyal geli\u015fimlerine de katk\u0131 sunuyor. \u00d6zellikle k\u0131rsal b\u00f6lgelerde ya\u015fayan ve merkeze g\u00f6re e\u011fitim imkanlar\u0131 k\u0131s\u0131tl\u0131 olan \u00f6\u011frencilerin bu sorunu, B\u00fcy\u00fck\u015fehir&#8217;in kurs merkezleri sayesinde \u00e7\u00f6z\u00fcme kavu\u015fuyor.<\/p>\n\n\n\n<p>\u0130yi lise ve \u00fcniversitelere yerle\u015fen \u00f6\u011frenci say\u0131s\u0131 ile her ge\u00e7en y\u0131l ba\u015far\u0131 grafi\u011fini daha da ileri ta\u015f\u0131yan kurs merkezleri, her \u00f6\u011frencinin potansiyelini ger\u00e7ekle\u015ftirmesi ve akademik hedeflerine ula\u015fmas\u0131 bak\u0131m\u0131ndan gerekli altyap\u0131 ve donan\u0131m\u0131 sa\u011fl\u0131yor.&nbsp;&nbsp;Nitelikli e\u011fitmen kadrosunun yan\u0131 s\u0131ra kaynak kitap, konu anlat\u0131m\u0131, rehberlik, s\u0131nav haz\u0131rl\u0131k programlar\u0131, sosyal etkinlik ve at\u00f6lye \u00e7al\u0131\u015fmalar\u0131 ile \u00f6\u011frenciler yaln\u0131zca LGS ve YKS&#8217;de de\u011fil, okul hayatlar\u0131nda da destekleniyor.<\/p>\n\n\n\n<p><strong>Anamurluo\u011flu: &#8220;Kurs merkezleri sayesinde \u00f6\u011frenciler s\u0131navlara e\u015fit \u015fartlarda haz\u0131rlan\u0131yorlar&#8221;<\/strong><\/p>\n\n\n\n<p>Ayd\u0131nc\u0131k E\u011fitim ve \u00d6\u011fretimi Destekleme Kurs Merkezi Sorumlusu Erdem Anamurluo\u011flu, Ayd\u0131nc\u0131k Kurs Merkezi&#8217;nin 2019 y\u0131l\u0131ndan beri hizmet verdi\u011fini ve \u00f6\u011frencilerin merkezde hem s\u0131navlara haz\u0131rl\u0131k yapt\u0131\u011f\u0131n\u0131, hem de okuldaki derslerine destek olduklar\u0131n\u0131 belirtti. \u00d6\u011frencilere kaynak kitap, deneme, soru bankas\u0131 gibi destek sa\u011flad\u0131klar\u0131n\u0131 ve her hafta \u00fccretsiz deneme yapt\u0131klar\u0131n\u0131 kaydeden Anamurluo\u011flu,&nbsp;<strong>&#8220;Ba\u015fkan\u0131m\u0131z Vahap Se\u00e7er, 2019 y\u0131l\u0131nda ilk olarak Ayd\u0131nc\u0131k&#8217;ta kurs merkezimizi a\u00e7t\u0131. Bu sayede Mersin merkezdeki bir \u00f6\u011frenci ile buradaki \u00f6\u011frencimiz aras\u0131nda, e\u011fitimde f\u0131rsat e\u015fitli\u011fini sa\u011flam\u0131\u015f olduk. \u00d6\u011frencilerimiz bu sayede s\u0131navlara e\u015fit \u015fartlarda haz\u0131rlan\u0131yorlar&#8221;<\/strong>&nbsp;diye konu\u015ftu.<\/p>\n\n\n\n<p>Kurs merkezinin her y\u0131l ba\u015far\u0131 grafi\u011fini y\u00fckseltti\u011fini s\u00f6yleyen Anamurluo\u011flu,&nbsp;<strong>&#8220;Burada \u00e7ok g\u00fczel ve dinamik bir ekip olu\u015fturduk. Ba\u015far\u0131m\u0131z\u0131 art\u0131rmam\u0131zdaki en b\u00fcy\u00fck etkenlerden biri de \u00f6\u011fretmen, \u00f6\u011frenci ve veli i\u015f birli\u011fini sa\u011flamam\u0131zd\u0131r. Biz her ay veli ziyareti yap\u0131yor, \u00f6\u011frencilerimizin \u00e7al\u0131\u015fma ortamlar\u0131n\u0131 yerinde g\u00f6r\u00fcyoruz&#8221;&nbsp;<\/strong>dedi. Her ailenin dershane \u00fccretlerini kar\u015f\u0131layacak maddi duruma sahip olmad\u0131\u011f\u0131n\u0131 da s\u00f6zlerine ekleyen Anamurluo\u011flu,&nbsp;<strong>&#8220;Ayd\u0131nc\u0131k&#8217;ta zaten \u00f6zel kurs merkezi olmad\u0131\u011f\u0131 i\u00e7in, aileler \u00e7ocuklar\u0131n\u0131 mecburen il\u00e7e d\u0131\u015f\u0131na g\u00f6nderiyor. Her aile de b\u00fct\u00e7e olarak bunu kar\u015f\u0131layam\u0131yor. Biz burada e\u011fitim, kaynak kitap, deneme ve testleri \u00fccretsiz bir \u015fekilde sa\u011fl\u0131yoruz. B\u00f6ylece ailelerin de b\u00fct\u00e7esine katk\u0131 sa\u011flam\u0131\u015f oluyor&#8221;&nbsp;<\/strong>ifadelerini kulland\u0131.<\/p>\n\n\n\n<p><strong>&#8220;B\u00fcy\u00fck\u015fehir Kurs Merkezi, gelecek kayg\u0131s\u0131 ta\u015f\u0131yan \u00e7ocuklar\u0131m\u0131z i\u00e7in \u00e7ok iyi imkanlar sunuyor&#8221;<\/strong><\/p>\n\n\n\n<p>O\u011flunun ge\u00e7en sene kurs merkezinden faydaland\u0131\u011f\u0131n\u0131 ve bu sayede ba\u015far\u0131l\u0131 bir y\u0131l ge\u00e7irdi\u011fini dile getiren anne Semiha Kuzu,&nbsp;<strong>&#8220;\u00d6\u011fretmenlerimiz, \u00e7ocuklar\u0131m\u0131zla birlikte soru \u00e7\u00f6z\u00fcp denemeler yap\u0131yorlar. Eksik kald\u0131klar\u0131 yerleri tekrar ediyorlar&#8221;<\/strong>&nbsp;dedi. Ayd\u0131nc\u0131k&#8217;ta \u00f6zel e\u011fitim imkanlar\u0131n\u0131n olduk\u00e7a k\u0131s\u0131tl\u0131 oldu\u011funu belirten Kuzu,&nbsp;<strong>&#8220;B\u00fcy\u00fck\u015fehir kurs merkezi, \u00f6zellikle gelecek kayg\u0131s\u0131 ta\u015f\u0131yan \u00e7ocuklar\u0131m\u0131z ve bizim i\u00e7in \u00e7ok iyi. Geldi\u011fimiz noktada herkes \u00e7ocu\u011funa \u00f6zel ders ald\u0131ram\u0131yor ya da bunu sa\u011flayacak imkan\u0131 olmuyor. \u0130nsanlar art\u0131k zor ge\u00e7inmeye ba\u015flad\u0131. Bu a\u00e7\u0131dan B\u00fcy\u00fck\u015fehir&#8217;in \u00fccretsiz kurs merkezi, \u00e7ocuklar\u0131m\u0131z i\u00e7in b\u00fcy\u00fck bir f\u0131rsat&#8221;<\/strong>&nbsp;ifadelerini kulland\u0131.<\/p>\n\n\n\n<p><strong>&#8220;\u00d6\u011fretmenlerle \u00e7ocuklar\u0131n aras\u0131ndaki ili\u015fki iyi oldu\u011fu i\u00e7in, ba\u015far\u0131 da art\u0131yor&#8221;<\/strong><\/p>\n\n\n\n<p>Velilerden Hasan Art\u0131k, B\u00fcy\u00fck\u015fehir Kurs Merkezi&#8217;nden faydalanan 2 \u00e7ocu\u011fundan o\u011flunun ge\u00e7en sene Silifke Fen Lisesi&#8217;ni kazand\u0131\u011f\u0131n\u0131, k\u0131z\u0131n\u0131n ise bu sene LGS&#8217;ye haz\u0131rland\u0131\u011f\u0131n\u0131 kaydederek,&nbsp;<strong>&#8220;O\u011flum, buran\u0131n imkanlar\u0131n\u0131n \u00e7ok faydas\u0131n\u0131 g\u00f6rd\u00fc. Hocalar\u0131m\u0131z\u0131n yak\u0131n ilgisi ve denemeler, ba\u015far\u0131s\u0131n\u0131n artmas\u0131n\u0131 sa\u011flad\u0131. O\u011flumun ba\u015far\u0131s\u0131n\u0131 g\u00f6rd\u00fc\u011f\u00fcm\u00fcz i\u00e7in, k\u0131z\u0131m\u0131n da buraya yaz\u0131lmas\u0131n\u0131 ve bu olanaklardan faydalanmas\u0131n\u0131 istedik. \u00d6\u011fretmenlerle \u00e7ocuklar\u0131n aras\u0131ndaki ili\u015fki iyi oldu\u011fu i\u00e7in ba\u015far\u0131 da art\u0131yor. Buran\u0131n merkezi konumda olmas\u0131, ula\u015f\u0131m a\u00e7\u0131s\u0131ndan da \u00e7ok iyi oldu. Ekonomik olarak da bizi \u00e7ok rahatlatt\u0131&#8221;&nbsp;<\/strong>dedi.<\/p>\n\n\n\n<p><strong>&#8220;Hocalar\u0131m\u0131z gayet donan\u0131ml\u0131 ve konular\u0131 bize en iyi \u015fekilde anlat\u0131yorlar&#8221;<\/strong><\/p>\n\n\n\n<p>Bu y\u0131l LGS&#8217;ye haz\u0131rlanan 8. s\u0131n\u0131f \u00f6\u011frencisi Osman Kuzu, kurs merkezinden olduk\u00e7a memnun kald\u0131\u011f\u0131n\u0131 ve kurs imkanlar\u0131n\u0131 \u00e7ok be\u011fendi\u011fini s\u00f6yleyerek,&nbsp;<strong>&#8220;Hocalar\u0131m\u0131z gayet donan\u0131ml\u0131 ve konular\u0131 bize en iyi \u015fekilde anlat\u0131yorlar. Ev ziyareti yap\u0131yor ve bizimle ilgili durumlar\u0131 ailemizle payla\u015f\u0131yorlar. Konu anlat\u0131m\u0131 ve kaynak deste\u011fi de yap\u0131yorlar. Maddi imkan\u0131 olmayan \u00f6\u011frenciler dershaneye gidemiyor, ama B\u00fcy\u00fck\u015fehir Belediyesi&#8217;nin bize sa\u011flad\u0131\u011f\u0131 imkan sayesinde her \u00f6\u011frenci burada \u00fccretsiz e\u011fitim alabiliyor&#8221;<\/strong>&nbsp;dedi.<\/p>\n\n\n\n<p>Ge\u00e7ti\u011fimiz sene kurs merkezinden faydalanan, memnun kal\u0131nca bu sene de yararland\u0131\u011f\u0131n\u0131 aktaran Ela Acar, \u00e7ok verimli bir sene ge\u00e7irdi\u011fini aktard\u0131. \u00d6\u011fretmenlerinin \u00e7ok ilgili oldu\u011funu belirten Acar,&nbsp;<strong>&#8220;Hocalar\u0131m sayesinde \u00f6zel derse gerek kalmad\u0131\u011f\u0131n\u0131 ve buran\u0131n yeterli oldu\u011funu d\u00fc\u015f\u00fcn\u00fcyorum. Ayd\u0131nc\u0131k&#8217;ta, buras\u0131 d\u0131\u015f\u0131nda ba\u015fka bir kurs merkezi yok. Buras\u0131 olmasayd\u0131 ek ders almak zorundayd\u0131m. Her gitti\u011fimde hocalar\u0131m beni g\u00fcler y\u00fczle kar\u015f\u0131lad\u0131 ve sorular\u0131ma yard\u0131mc\u0131 oldular. Buraya geldi\u011fim i\u00e7in mutluyum. Ellerinden gelenin en iyisini yapt\u0131klar\u0131n\u0131 d\u00fc\u015f\u00fcn\u00fcyorum&#8221;<\/strong>&nbsp;diye konu\u015ftu.<\/p>\n","protected":false},"excerpt":{"rendered":"<p>Mersin B\u00fcy\u00fck\u015fehir Belediyesi,&nbsp;&#8216;E\u011fitimde F\u0131rsat E\u015fitli\u011fi&#8217;nikent geneline yaymak ad\u0131na hayata ge\u00e7irdi\u011fi projelerden biri olan E\u011fitimi ve \u00d6\u011fretimi Destekleme Kurs Merkezleriyle, \u00f6\u011frencilere kaliteli ve nitelikli e\u011fitim sunmay\u0131 s\u00fcrd\u00fcr\u00fcyor. Sosyal Hizmetler Dairesi Ba\u015fkanl\u0131\u011f\u0131 b\u00fcnyesinde hizmet veren ve g\u00fcn\u00fcm\u00fcz ekonomik ko\u015fullar\u0131nda \u00f6zellikle dezavantajl\u0131 b\u00f6lgelerde a\u00e7t\u0131\u011f\u0131 kurs merkezleri ile B\u00fcy\u00fck\u015fehir; \u00f6\u011frencilerin iyi bir e\u011fitim almalar\u0131n\u0131 sa\u011flarken, akademik ve sosyal geli\u015fimlerine [&hellip;]<\/p>\n","protected":false},"author":2,"featured_media":36068,"comment_status":"closed","ping_status":"closed","sticky":false,"template":"","format":"standard","meta":{"footnotes":""},"categories":[3],"tags":[],"class_list":["post-36067","post","type-post","status-publish","format-standard","has-post-thumbnail","hentry","category-manset"],"views":2,"_links":{"self":[{"href":"https:\/\/mersinkadingazetesi.com\/index.php?rest_route=\/wp\/v2\/posts\/36067"}],"collection":[{"href":"https:\/\/mersinkadingazetesi.com\/index.php?rest_route=\/wp\/v2\/posts"}],"about":[{"href":"https:\/\/mersinkadingazetesi.com\/index.php?rest_route=\/wp\/v2\/types\/post"}],"author":[{"embeddable":true,"href":"https:\/\/mersinkadingazetesi.com\/index.php?rest_route=\/wp\/v2\/users\/2"}],"replies":[{"embeddable":true,"href":"https:\/\/mersinkadingazetesi.com\/index.php?rest_route=%2Fwp%2Fv2%2Fcomments&post=36067"}],"version-history":[{"count":1,"href":"https:\/\/mersinkadingazetesi.com\/index.php?rest_route=\/wp\/v2\/posts\/36067\/revisions"}],"predecessor-version":[{"id":36069,"href":"https:\/\/mersinkadingazetesi.com\/index.php?rest_route=\/wp\/v2\/posts\/36067\/revisions\/36069"}],"wp:featuredmedia":[{"embeddable":true,"href":"https:\/\/mersinkadingazetesi.com\/index.php?rest_route=\/wp\/v2\/media\/36068"}],"wp:attachment":[{"href":"https:\/\/mersinkadingazetesi.com\/index.php?rest_route=%2Fwp%2Fv2%2Fmedia&parent=36067"}],"wp:term":[{"taxonomy":"category","embeddable":true,"href":"https:\/\/mersinkadingazetesi.com\/index.php?rest_route=%2Fwp%2Fv2%2Fcategories&post=36067"},{"taxonomy":"post_tag","embeddable":true,"href":"https:\/\/mersinkadingazetesi.com\/index.php?rest_route=%2Fwp%2Fv2%2Ftags&post=36067"}],"curies":[{"name":"wp","href":"https:\/\/api.w.org\/{rel}","templated":true}]}}