{"id":36082,"date":"2024-10-15T16:02:47","date_gmt":"2024-10-15T13:02:47","guid":{"rendered":"https:\/\/mersinkadingazetesi.com\/?p=36082"},"modified":"2024-10-15T16:02:48","modified_gmt":"2024-10-15T13:02:48","slug":"yargi-pratigi-ulkemizdeki-siddet-kulturunu-besliyor","status":"publish","type":"post","link":"https:\/\/mersinkadingazetesi.com\/?p=36082","title":{"rendered":"\u2018Yarg\u0131 prati\u011fi \u00fclkemizdeki \u015fiddet k\u00fclt\u00fcr\u00fcn\u00fc besliyor!\u2019"},"content":{"rendered":"\n<p>\u0130Y\u0130 Parti Mersin \u0130l Te\u015fkilat\u0131, T\u00fcrkiye\u2019de kad\u0131nlar\u0131n ya\u015fam hakk\u0131n\u0131 ellerinden alan \u015fiddeti \u00f6nleyemeyen ve cayd\u0131r\u0131c\u0131 tedbirleri hayata ge\u00e7iremeyen bir y\u00f6netimin ac\u0131 sonu\u00e7lar\u0131n\u0131 payla\u015fmak ve bu konuda \u0130Y\u0130 Parti olarak yap\u0131lmas\u0131 gerekenleri vurgulamak ad\u0131na bas\u0131n a\u00e7\u0131klamas\u0131nda bulundu.<br>\u0130Y\u0130 Parti Genel Ba\u015fkan Yard\u0131mc\u0131s\u0131 Kad\u0131n, Aile ve Sosyal Hizmetler Ba\u015fkan\u0131 Kevser Ofluo\u011flu, \u201cT\u00fcrkiye\u2019de son 10 g\u00fcnde 15 kad\u0131n, 2024 y\u0131l\u0131 boyunca ise 311 kad\u0131n katledildi. Daha iki g\u00fcn \u00f6nce Gaziantep\u2019te akli dengesi yerinde olmad\u0131\u011f\u0131 iddia edilen bir erkek, hamile e\u015fini ve d\u00f6rt \u00e7ocu\u011funu vah\u015fice katletti. Bu, kabul edilemez bir tablodur. Psikolojik sorunlar, kad\u0131na y\u00f6nelik \u015fiddetin tek sorumlusu gibi g\u00f6sterilerek h\u00fck\u00fcmetin etkin politikalar \u00fcretmemesi asla kabul edilemez. Son y\u0131llarda yarg\u0131 sistemimiz, kad\u0131n cinayetlerinde adaletin sa\u011flanmas\u0131nda b\u00fcy\u00fck bir zafiyet g\u00f6stermektedir. Haks\u0131z tahrik ve iyi hal indirimleri, cinayetleri adeta te\u015fvik eden bir hal alm\u0131\u015ft\u0131r. Erkek katiller, mahkeme salonlar\u0131nda ma\u011fdurlar\u0131 bir kez daha \u00f6ld\u00fcrmektedir. Son d\u00f6nemde al\u0131nan kararlar, bu yarg\u0131 prati\u011finin \u00fclkemizdeki \u015fiddet k\u00fclt\u00fcr\u00fcn\u00fc besledi\u011fini a\u00e7\u0131k\u00e7a ortaya koymaktad\u0131r.\u201d dedi.<\/p>\n\n\n\n<p>\u201cK\u00f6kl\u00fc bir zihniyet de\u011fi\u015fikli\u011fine gidilmeli\u201d<\/p>\n\n\n\n<p>Ofluo\u011flu \u015f\u00f6yle deam etti;<br>\u201cHaks\u0131z tahrik indirimi uygulanan birka\u00e7 \u00f6rnek vermek gerekirse; 2019 y\u0131l\u0131nda \u0130brahim K\u00f6ksal, kendisini aldatt\u0131\u011f\u0131 bahanesiyle Sibel K\u00f6ksal\u2019\u0131 kabloyla bo\u011farak ve ard\u0131ndan b\u0131\u00e7aklayarak \u00f6ld\u00fcrd\u00fc. Davada \u0130brahim K\u00f6ksal\u2019a tahrik indirimi uyguland\u0131 ve yaln\u0131zca 22 y\u0131l hapis cezas\u0131 verildi. 2020 y\u0131l\u0131nda Sadife Y\u00fczer, \u201c\u00e7ocu\u011fun kendisinden olmad\u0131\u011f\u0131\u201d iddias\u0131yla kocas\u0131 taraf\u0131ndan t\u00fcfekle vurularak \u00f6ld\u00fcr\u00fcld\u00fc. Haks\u0131z tahrik indirimi uyguland\u0131 ceza d\u00fc\u015f\u00fcr\u00fcld\u00fc. Yap\u0131lan DNA testinde \u00e7ocu\u011fun kendisinden oldu\u011fu belirlendi. 2021 y\u0131l\u0131nda Emine Akg\u00fcl, bo\u015fanma s\u00fcrecinde ve hakk\u0131nda uzakla\u015ft\u0131rma karar\u0131 olan e\u015fi taraf\u0131ndan \u00f6ld\u00fcr\u00fcld\u00fc. Mahkeme katilin evde erkek sesi duydu\u011funu s\u00f6ylemesini \u201ca\u011f\u0131r tahrik\u201d olarak kabul etti ve cezay\u0131 indirdi. T\u00fcrk Ceza Kanunu\u2019nda d\u00fczenlenen belirli su\u00e7lara ili\u015fkin cezalara uygulanan \u2018haks\u0131z tahrik\u2019 indiriminin kad\u0131na kar\u015f\u0131 \u015fiddet su\u00e7lar\u0131n\u0131n cezalar\u0131nda uygulanmas\u0131 kald\u0131r\u0131lmal\u0131d\u0131r. Toplumun bu ac\u0131 ger\u00e7eklere kar\u015f\u0131 sesini y\u00fckseltmesi gerekmektedir. \u015eiddeti me\u015frula\u015ft\u0131ran, normalle\u015ftiren ve cayd\u0131r\u0131c\u0131l\u0131\u011f\u0131n\u0131 kaybeden hukuk sistemimizin acilen g\u00f6zden ge\u00e7irilmesi ve kad\u0131na y\u00f6nelik \u015fiddetin sona erdirilmesi i\u00e7in toplumsal cinsiyet e\u015fitli\u011fine dayal\u0131 k\u00f6kl\u00fc bir zihniyet de\u011fi\u015fikli\u011fine gidilmelidir.\u201d<\/p>\n\n\n\n<p>\u201cBizler \u015fiddete kar\u015f\u0131 m\u00fccadelemizde samimi ve kararl\u0131y\u0131z\u201d<\/p>\n\n\n\n<p>\u201cBiz \u0130Y\u0130 Parti olarak, iki ayd\u0131r haz\u0131rl\u0131\u011f\u0131n\u0131 s\u00fcrd\u00fcrd\u00fc\u011f\u00fcm\u00fcz ve 16\/17 kas\u0131mda icra edece\u011fimiz, \u015fiddet alan\u0131nda konusunun uzman\u0131 akademisyenler, STK ba\u015fkanlar\u0131, sosyal hizmet uzmanlar\u0131, psikologlar, psikolojik dan\u0131\u015fmanlar ve barolar birli\u011fi temsilcisi avukatlar\u0131n kat\u0131l\u0131m\u0131 ile \u2018\u015eiddet ve \u015eiddetle M\u00fccadele \u00c7al\u0131\u015ftay\u0131\u2019 d\u00fczenleyece\u011fiz. Bu \u00e7al\u0131\u015ftayda; disiplinler aras\u0131 bir yakla\u015f\u0131mla, \u015fiddeti yaratan fakt\u00f6rleri belirleyerek okul \u00f6ncesi d\u00f6nemden ba\u015flayarak toplumsal de\u011fi\u015fimi sa\u011flamak ve bu sayede \u015fiddete uzun vadede kal\u0131c\u0131 \u00e7\u00f6z\u00fcm \u00fcretmek, halen toplumda ya\u015fanan \u015fiddeti \u00f6nlemeye y\u00f6nelik ivedilikle al\u0131nabilecek cayd\u0131r\u0131c\u0131, \u00f6nleyici hukuksal tedbirleri ortaya koyarak fark\u0131ndal\u0131k yaratmak ve bilimsel veriler \u0131\u015f\u0131\u011f\u0131nda parti eylem plan\u0131n\u0131 olu\u015fturmak hedeflenmi\u015ftir. Bir \u00e7al\u0131\u015ftay bildirgesi ile de elde edilen sonu\u00e7lar ilgili kurum\/kurulu\u015f ve siyasi partilerle payla\u015f\u0131lacakt\u0131r. Bizler \u015fiddete kar\u015f\u0131 m\u00fccadelemizde samimi ve kararl\u0131y\u0131z. Kad\u0131n cinayetlerinin \u00f6nlenmesi ve kad\u0131nlar\u0131n g\u00fcvenli\u011finin sa\u011flanmas\u0131 i\u00e7in faillerin ve s\u00fcre\u00e7 i\u00e7erisinde yer alan kurumlar\u0131n hesap vermesini sa\u011flamal\u0131, kanunlardaki eksiklikler giderilmeli, \u015fiddeti \u00f6nleyici politikalar derhal hayata ge\u00e7irilmelidir.\u201d<\/p>\n\n\n\n<p>\u201cAdaletin sa\u011flanmas\u0131 i\u00e7in t\u00fcm kararl\u0131l\u0131\u011f\u0131m\u0131zla \u00e7al\u0131\u015faca\u011f\u0131z\u201d<\/p>\n\n\n\n<p>\u201cKad\u0131na y\u00f6nelik \u015fiddetin sona erdirilmesi i\u00e7in toplumsal cinsiyet e\u015fitli\u011fini temel alan, cayd\u0131r\u0131c\u0131 ve etkin politikalar vakit kaybetmeksizin belirlenmeli ve uygulanmal\u0131d\u0131r. Kad\u0131na y\u00f6nelik ayr\u0131mc\u0131l\u0131\u011fa neden olan, kad\u0131na y\u00f6nelik \u015fiddeti onaylayan, yeniden \u00fcreten t\u00fcm olumsuz yarg\u0131lar\u0131n ve geleneksel tutumlar\u0131n de\u011fi\u015ftirilmesi amac\u0131yla t\u00fcm topluma etki edecek bilin\u00e7lendirme, fark\u0131ndal\u0131k ve zihniyet d\u00f6n\u00fc\u015f\u00fcm\u00fc seferberli\u011fi ba\u015flat\u0131lmal\u0131d\u0131r. \u20186284 say\u0131l\u0131 Ailenin Korunmas\u0131 ve Kad\u0131na Kar\u015f\u0131 \u015eiddetin \u00d6nlenmesine Dair Kanun\u2019 etkin bir \u015fekilde uygulanmal\u0131, cayd\u0131r\u0131c\u0131l\u0131k ve adil cezalar a\u00e7\u0131s\u0131ndan infaz yasas\u0131nda gerekli d\u00fczenlemeler yap\u0131lmal\u0131d\u0131r. \u0130Y\u0130 Parti olarak, bu ac\u0131 tabloya kar\u015f\u0131 durmaya ve kad\u0131nlar\u0131m\u0131z\u0131n ya\u015fam hakk\u0131n\u0131 korumak i\u00e7in m\u00fccadele etmeye devam edece\u011fiz. Art\u0131k her bir kad\u0131n\u0131n ya\u015fam hakk\u0131 g\u00fcvence alt\u0131na al\u0131nmal\u0131, adalet ger\u00e7ek anlamda sa\u011flanmal\u0131d\u0131r. Kad\u0131nlar\u0131n e\u015fit haklara sahip oldu\u011fu, \u00f6zg\u00fcr ve g\u00fcvenli bir T\u00fcrkiye i\u00e7in m\u00fccadele etmeye devam edece\u011fiz. Art\u0131k bu \u00fclkenin kad\u0131nlar\u0131 yaln\u0131z de\u011fil. Adaletin sa\u011flanmas\u0131 i\u00e7in t\u00fcm kararl\u0131l\u0131\u011f\u0131m\u0131zla \u00e7al\u0131\u015faca\u011f\u0131z.\u201d<\/p>\n\n\n\n<h3 class=\"wp-block-heading\"><\/h3>\n","protected":false},"excerpt":{"rendered":"<p>\u0130Y\u0130 Parti Mersin \u0130l Te\u015fkilat\u0131, T\u00fcrkiye\u2019de kad\u0131nlar\u0131n ya\u015fam hakk\u0131n\u0131 ellerinden alan \u015fiddeti \u00f6nleyemeyen ve cayd\u0131r\u0131c\u0131 tedbirleri hayata ge\u00e7iremeyen bir y\u00f6netimin ac\u0131 sonu\u00e7lar\u0131n\u0131 payla\u015fmak ve bu konuda \u0130Y\u0130 Parti olarak yap\u0131lmas\u0131 gerekenleri vurgulamak ad\u0131na bas\u0131n a\u00e7\u0131klamas\u0131nda bulundu.\u0130Y\u0130 Parti Genel Ba\u015fkan Yard\u0131mc\u0131s\u0131 Kad\u0131n, Aile ve Sosyal Hizmetler Ba\u015fkan\u0131 Kevser Ofluo\u011flu, \u201cT\u00fcrkiye\u2019de son 10 g\u00fcnde 15 kad\u0131n, 2024 [&hellip;]<\/p>\n","protected":false},"author":2,"featured_media":36083,"comment_status":"closed","ping_status":"closed","sticky":false,"template":"","format":"standard","meta":{"footnotes":""},"categories":[34,2,3,5],"tags":[],"class_list":["post-36082","post","type-post","status-publish","format-standard","has-post-thumbnail","hentry","category-flas-haber","category-gundem","category-manset","category-mersin"],"views":7,"_links":{"self":[{"href":"https:\/\/mersinkadingazetesi.com\/index.php?rest_route=\/wp\/v2\/posts\/36082"}],"collection":[{"href":"https:\/\/mersinkadingazetesi.com\/index.php?rest_route=\/wp\/v2\/posts"}],"about":[{"href":"https:\/\/mersinkadingazetesi.com\/index.php?rest_route=\/wp\/v2\/types\/post"}],"author":[{"embeddable":true,"href":"https:\/\/mersinkadingazetesi.com\/index.php?rest_route=\/wp\/v2\/users\/2"}],"replies":[{"embeddable":true,"href":"https:\/\/mersinkadingazetesi.com\/index.php?rest_route=%2Fwp%2Fv2%2Fcomments&post=36082"}],"version-history":[{"count":1,"href":"https:\/\/mersinkadingazetesi.com\/index.php?rest_route=\/wp\/v2\/posts\/36082\/revisions"}],"predecessor-version":[{"id":36084,"href":"https:\/\/mersinkadingazetesi.com\/index.php?rest_route=\/wp\/v2\/posts\/36082\/revisions\/36084"}],"wp:featuredmedia":[{"embeddable":true,"href":"https:\/\/mersinkadingazetesi.com\/index.php?rest_route=\/wp\/v2\/media\/36083"}],"wp:attachment":[{"href":"https:\/\/mersinkadingazetesi.com\/index.php?rest_route=%2Fwp%2Fv2%2Fmedia&parent=36082"}],"wp:term":[{"taxonomy":"category","embeddable":true,"href":"https:\/\/mersinkadingazetesi.com\/index.php?rest_route=%2Fwp%2Fv2%2Fcategories&post=36082"},{"taxonomy":"post_tag","embeddable":true,"href":"https:\/\/mersinkadingazetesi.com\/index.php?rest_route=%2Fwp%2Fv2%2Ftags&post=36082"}],"curies":[{"name":"wp","href":"https:\/\/api.w.org\/{rel}","templated":true}]}}