{"id":36091,"date":"2024-10-15T16:05:28","date_gmt":"2024-10-15T13:05:28","guid":{"rendered":"https:\/\/mersinkadingazetesi.com\/?p=36091"},"modified":"2024-10-15T16:05:29","modified_gmt":"2024-10-15T13:05:29","slug":"deva-partili-ekmen-iktidar-israili-durdurmanin-geregini-yapmiyor","status":"publish","type":"post","link":"https:\/\/mersinkadingazetesi.com\/?p=36091","title":{"rendered":"DEVA Partili Ekmen: \u0130ktidar \u0130srail&#8217;i durdurman\u0131n gere\u011fini yapm\u0131yor\u00a0"},"content":{"rendered":"\n<figure class=\"wp-block-table\"><table class=\"has-fixed-layout\"><tbody><tr><td><strong>DEVA Partisi Genel Ba\u015fkan Yard\u0131mc\u0131s\u0131 Mehmet Emin Ekmen, iktidar\u0131n \u0130srail ile olan \u2018ikircikli\u2018 tavr\u0131n\u0131 ele\u015ftirerek, toplumun \u0130srail meselesinde iktidara g\u00fcvenmedi\u011fini ve ticaretin kesilmesi gibi ad\u0131mlar\u0131n at\u0131lmamas\u0131n\u0131n g\u00fcven kayb\u0131na yol a\u00e7t\u0131\u011f\u0131n\u0131 vurgulad\u0131. KARAR TV\u2019de kat\u0131ld\u0131\u011f\u0131 yay\u0131nda \u00fclke g\u00fcndemine ili\u015fkin de\u011ferlendirmelerde bulunan Ekmen, \u0130srail ile ticaretin devam etmesine sert ele\u015ftirilerde bulundu.<\/strong><strong>&nbsp;<\/strong><strong>\u201cAdalet Bakanl\u0131\u011f\u0131 Netanyahu\u2019ya kar\u015f\u0131 yap\u0131lan ba\u015fvurular\u0131 g\u00f6rmezden geldi\u201d<\/strong>DEVA Partisi Genel Ba\u015fkan Yard\u0131mc\u0131s\u0131 ve Mersin Milletvekili Mehmet Emin Ekmen,Cumhurba\u015fkanl\u0131\u011f\u0131 h\u00fck\u00fcmet sisteminin \u0130srail ile ili\u015fkilerdeki ikircikli tavr\u0131n\u0131 ele\u015ftirdi. Ekmen, h\u00fck\u00fcmetin \u0130srail ile ticaretin kesilmesi ve hukuki ad\u0131mlar\u0131n at\u0131lmas\u0131 konusunda gerekli ad\u0131mlar\u0131 atmad\u0131\u011f\u0131n\u0131 belirterek, \u201cToplumun beklentisi, \u0130srail ile ticaretin durdurulmas\u0131 ve hukuki m\u00fccadelenin ba\u015flat\u0131lmas\u0131yd\u0131. Ancak h\u00fck\u00fcmet, bu konuda ad\u0131m atmad\u0131. Ticaret devam ederken, G\u00fcney Afrika Adalet Divan\u0131\u2019na ba\u015fvurulmad\u0131. Adalet Bakanl\u0131\u011f\u0131 ise Netanyahu\u2019ya kar\u015f\u0131 yap\u0131lan ba\u015fvurular\u0131 g\u00f6rmezden geldi.\u201d dedi.&nbsp;<strong>\u201cHalk \u0130srail\u2019le ticaretin kesilmesini beklerken, h\u00fck\u00fcmet ad\u0131m atm\u0131yor\u201d<\/strong>Ekmen, \u0130srail ile ticaretin devam etmesine de sert ele\u015ftirilerde bulundu. Filistinli sivillerin \u00f6ld\u00fcr\u00fclmeye devam etti\u011fi bir ortamda, T\u00fcrkiye\u2019nin \u0130srail ile ticaretini s\u00fcrd\u00fcrmesinin halk aras\u0131nda b\u00fcy\u00fck tepki toplad\u0131\u011f\u0131n\u0131 ifade eden Ekmen, \u201cFilistin\u2019e ge\u00e7en y\u0131l 156 bin dolarl\u0131k \u00e7elik sat\u0131l\u0131rken, bu y\u0131l bu rakam\u0131n 68 milyon dolara \u00e7\u0131kmas\u0131 dikkat \u00e7ekiyor. Halk, \u0130srail\u2019le ticaretin kesilmesini beklerken, h\u00fck\u00fcmet ad\u0131m atm\u0131yor\u201d dedi.&nbsp;<strong>Azerbaycan\u2019dan petrol ak\u0131\u015f\u0131 devam ediyor<\/strong>Azerbaycan\u2019dan \u0130srail\u2019e petrol ak\u0131\u015f\u0131n\u0131n hala devam etti\u011fine dikkat \u00e7eken Ekmen, T\u00fcrk firmalar\u0131n\u0131n da \u0130srail\u2019de elektrik \u00fcretme faaliyetlerine devam etti\u011fini vurgulad\u0131. &#8220;Azerbaycan\u2019dan gelen petrol, \u0130srail\u2019in hava sald\u0131r\u0131lar\u0131nda kullan\u0131lmakta. Bu ak\u0131\u015f\u0131n kesilmesi gerekirdi, ancak hala devam ediyor&#8221; diyen Ekmen, T\u00fcrk firmalar\u0131n\u0131n \u0130srailli \u015firketlerle ortak i\u015f yapmas\u0131n\u0131n da ele\u015ftirilen bir di\u011fer konu oldu\u011funu belirtti.&nbsp;<strong>TRT, \u0130srailli firmalardan hizmet almay\u0131 s\u00fcrd\u00fcr\u00fcyor<\/strong>Mossad ajanlar\u0131na y\u00f6nelik yap\u0131lan operasyonlar\u0131n ba\u015far\u0131s\u0131zl\u0131\u011f\u0131n\u0131 da g\u00fcndeme getiren Ekmen, &#8220;Mossad ajanlar\u0131yla yap\u0131lan operasyonlarda tutuklananlar ilk duru\u015fmada tahliye ediliyor. TRT, alternatif firmalar varken bile \u0130srailli firmalardan hizmet almay\u0131 s\u00fcrd\u00fcr\u00fcyor. Bu tutars\u0131zl\u0131klar halk\u0131n g\u00fcvenini nas\u0131l kazanabilir?&#8221; dedi.<strong>&nbsp;<\/strong><strong>\u201cG\u00fc\u00e7leri Rizeliye Yetiyor\u201d &nbsp;<\/strong>Ekmen, h\u00fck\u00fcmetin \u00f6zellikle Burger King olay\u0131 \u00fczerinden Rizeli vatanda\u015flara y\u00f6nelik sert tutumunu ele\u015ftirerek, &#8220;\u0130ktidar, Rizeli vatanda\u015flara k\u0131zarken, \u0130srail ile ticaretini s\u00fcrd\u00fcrenlere neden tepki g\u00f6stermiyor? G\u00fcc\u00fcn\u00fcz Rizeli vatanda\u015flara m\u0131 yetiyor?&#8221; sorusunu y\u00f6neltti.&nbsp;<strong>\u0130srail\u2019den T\u00fcrkiye\u2019ye askeri bir tehdit var m\u0131d\u0131r?&nbsp;<\/strong>Ekmen, \u0130srail kaynakl\u0131 askeri bir tehdit olup olmad\u0131\u011f\u0131n\u0131 da sorgulad\u0131. &#8220;\u0130srail\u2019den T\u00fcrkiye\u2019ye y\u00f6nelik askeri bir tehdit var m\u0131d\u0131r? Varsa buna kar\u015f\u0131 al\u0131nan tedbirler nedir? Yoksa bunlar sadece s\u00f6ylemlerden mi ibarettir?&#8221;&nbsp;diye&nbsp;konu\u015ftu.&nbsp;<\/td><\/tr><\/tbody><\/table><\/figure>\n","protected":false},"excerpt":{"rendered":"<p>DEVA Partisi Genel Ba\u015fkan Yard\u0131mc\u0131s\u0131 Mehmet Emin Ekmen, iktidar\u0131n \u0130srail ile olan \u2018ikircikli\u2018 tavr\u0131n\u0131 ele\u015ftirerek, toplumun \u0130srail meselesinde iktidara g\u00fcvenmedi\u011fini ve ticaretin kesilmesi gibi ad\u0131mlar\u0131n at\u0131lmamas\u0131n\u0131n g\u00fcven kayb\u0131na yol a\u00e7t\u0131\u011f\u0131n\u0131 vurgulad\u0131. KARAR TV\u2019de kat\u0131ld\u0131\u011f\u0131 yay\u0131nda \u00fclke g\u00fcndemine ili\u015fkin de\u011ferlendirmelerde bulunan Ekmen, \u0130srail ile ticaretin devam etmesine sert ele\u015ftirilerde bulundu.&nbsp;\u201cAdalet Bakanl\u0131\u011f\u0131 Netanyahu\u2019ya kar\u015f\u0131 yap\u0131lan ba\u015fvurular\u0131 g\u00f6rmezden [&hellip;]<\/p>\n","protected":false},"author":2,"featured_media":35882,"comment_status":"closed","ping_status":"closed","sticky":false,"template":"","format":"standard","meta":{"footnotes":""},"categories":[3],"tags":[],"class_list":["post-36091","post","type-post","status-publish","format-standard","has-post-thumbnail","hentry","category-manset"],"views":2,"_links":{"self":[{"href":"https:\/\/mersinkadingazetesi.com\/index.php?rest_route=\/wp\/v2\/posts\/36091"}],"collection":[{"href":"https:\/\/mersinkadingazetesi.com\/index.php?rest_route=\/wp\/v2\/posts"}],"about":[{"href":"https:\/\/mersinkadingazetesi.com\/index.php?rest_route=\/wp\/v2\/types\/post"}],"author":[{"embeddable":true,"href":"https:\/\/mersinkadingazetesi.com\/index.php?rest_route=\/wp\/v2\/users\/2"}],"replies":[{"embeddable":true,"href":"https:\/\/mersinkadingazetesi.com\/index.php?rest_route=%2Fwp%2Fv2%2Fcomments&post=36091"}],"version-history":[{"count":1,"href":"https:\/\/mersinkadingazetesi.com\/index.php?rest_route=\/wp\/v2\/posts\/36091\/revisions"}],"predecessor-version":[{"id":36092,"href":"https:\/\/mersinkadingazetesi.com\/index.php?rest_route=\/wp\/v2\/posts\/36091\/revisions\/36092"}],"wp:featuredmedia":[{"embeddable":true,"href":"https:\/\/mersinkadingazetesi.com\/index.php?rest_route=\/wp\/v2\/media\/35882"}],"wp:attachment":[{"href":"https:\/\/mersinkadingazetesi.com\/index.php?rest_route=%2Fwp%2Fv2%2Fmedia&parent=36091"}],"wp:term":[{"taxonomy":"category","embeddable":true,"href":"https:\/\/mersinkadingazetesi.com\/index.php?rest_route=%2Fwp%2Fv2%2Fcategories&post=36091"},{"taxonomy":"post_tag","embeddable":true,"href":"https:\/\/mersinkadingazetesi.com\/index.php?rest_route=%2Fwp%2Fv2%2Ftags&post=36091"}],"curies":[{"name":"wp","href":"https:\/\/api.w.org\/{rel}","templated":true}]}}