{"id":36096,"date":"2024-10-16T11:44:51","date_gmt":"2024-10-16T08:44:51","guid":{"rendered":"https:\/\/mersinkadingazetesi.com\/?p=36096"},"modified":"2024-10-16T11:44:51","modified_gmt":"2024-10-16T08:44:51","slug":"baskan-secer-ulke-kalkinacaksa-basta-kadinlarla-kalkinacak","status":"publish","type":"post","link":"https:\/\/mersinkadingazetesi.com\/?p=36096","title":{"rendered":"BA\u015eKAN SE\u00c7ER: &#8220;\u00dcLKE KALKINACAKSA BA\u015eTA KADINLARLA KALKINACAK&#8221;"},"content":{"rendered":"\n<p>Mersin B\u00fcy\u00fck\u015fehir Belediye Ba\u015fkan\u0131 Vahap Se\u00e7er ve Mersinden Kad\u0131n Kooperatifi Y\u00f6netim Kurulu Ba\u015fkan\u0131 Meral Se\u00e7er, Mersin B\u00fcy\u00fck\u015fehir Belediyesi taraf\u0131ndan,&nbsp;<strong><em>&#8216;Kad\u0131n\u0131n Eme\u011fi, Topra\u011f\u0131n Bereketi&#8217;<\/em><\/strong>&nbsp;slogan\u0131yla d\u00fczenlenen&nbsp;<strong>&#8217;15 Ekim D\u00fcnya Kad\u0131n \u00c7ift\u00e7iler G\u00fcn\u00fc&#8217;<\/strong>&nbsp;etkinli\u011finde 13 il\u00e7eden gelen binlerce \u00fcretici kad\u0131n ile bir araya geldi.<\/p>\n\n\n\n<p>Tarsus Gen\u00e7lik Kamp\u0131&#8217;nda d\u00fczenlenen programda Ba\u015fkan Se\u00e7er ve Meral Se\u00e7er, kad\u0131nlar\u0131n yo\u011fun ilgi ve sevgisiyle kar\u015f\u0131land\u0131. Kad\u0131nlar, program \u00f6ncesinde Tarsus Gen\u00e7lik Kamp\u0131&#8217;n\u0131 ve Tarsus Do\u011fa Park\u0131&#8217;n\u0131 gezdiler ve etkinlikte \u00e7ocuklar da kendileri i\u00e7in haz\u0131rlanan alanlarda doyas\u0131ya e\u011flenme f\u0131rsat\u0131 buldular.<\/p>\n\n\n\n<p><strong>Ba\u015fkan Se\u00e7er: &#8220;\u00dcretenin, \u00e7al\u0131\u015fan\u0131n, al\u0131n teri d\u00f6kenin yan\u0131nday\u0131z&#8221;<\/strong><\/p>\n\n\n\n<p>Gazi Mustafa Kemal Atat\u00fcrk&#8217;\u00fcn&nbsp;<strong><em>&#8216;D\u00fcnya \u00fczerinde g\u00f6rd\u00fc\u011f\u00fcn\u00fcz her \u015fey kad\u0131nlar\u0131n eseridir&#8217;<\/em><\/strong>&nbsp;s\u00f6z\u00fcyle konu\u015fmas\u0131na ba\u015flayan Ba\u015fkan Se\u00e7er, \u00c7aml\u0131yayla&#8217;dan Mut&#8217;a, Anamur&#8217;dan Tarsus&#8217;a kadar Mersin&#8217;in her k\u00f6\u015fesinden gelen kad\u0131n \u00e7ift\u00e7ilerle birlik, beraberlik, karde\u015flik mesaj\u0131 verdi. En b\u00fcy\u00fck g\u00fcc\u00fcn birlik, beraberlik, ho\u015f g\u00f6r\u00fc ve yard\u0131mseverlik oldu\u011funun alt\u0131n\u0131 \u00e7izen Se\u00e7er,&nbsp;<strong>&#8220;Biz herkesin belediye ba\u015fkan\u0131y\u0131z. Kentimize, kentimizde ya\u015fayanlara, canl\u0131lara, \u00e7evreye sayg\u0131l\u0131y\u0131z. Her \u015feyden \u00f6te \u00fcretene, \u00e7al\u0131\u015fana, al\u0131n teri d\u00f6kene hem sayg\u0131l\u0131y\u0131z hem sizler gibi onlar\u0131n da yan\u0131nday\u0131z&#8221;<\/strong>&nbsp;s\u00f6zlerine yer verdi. Kad\u0131n \u00e7ift\u00e7ilerin al\u0131n teri d\u00f6kerek \u00fcretti\u011fini vurgulayan Se\u00e7er,&nbsp;<strong>&#8220;Sizin tek amac\u0131n\u0131z; \u00e7ocuklar\u0131n\u0131z ve aileniz kimseye muhta\u00e7 olmas\u0131n, k\u0131\u015f\u0131n kafan\u0131z\u0131 sokacak s\u0131cak bir yuva, oturdu\u011funuz zaman ka\u015f\u0131klayaca\u011f\u0131n\u0131z a\u015f-ekmek olsun. Bir de;&nbsp;<em>&#8216;\u00e7ocuklar\u0131m\u0131z okusun, \u00fclkesine yararl\u0131 insanlar olsun, vatan-millet sevgisini, insanl\u0131k sevgisini bilsin&#8217;<\/em>&nbsp;diyorsunuz&#8221;<\/strong>&nbsp;diye konu\u015ftu.<\/p>\n\n\n\n<p><strong>&#8220;Milyonlarca s\u00f6z veriyorum; her zaman sizin yan\u0131n\u0131zday\u0131z&#8221;<\/strong><\/p>\n\n\n\n<p>G\u00f6reve geldi\u011fi 2019 y\u0131l\u0131ndan sonra kad\u0131nlar\u0131n kentte g\u00fc\u00e7lenmesi i\u00e7in yapt\u0131klar\u0131 \u00e7al\u0131\u015fmalar\u0131 sayan Se\u00e7er,&nbsp;<strong>&#8220;\u00c7\u00fcnk\u00fc ben istiyorum ki sizler \u00e7al\u0131\u015f\u0131n, emek edin, i\u015f birli\u011fine a\u00e7\u0131k olun. Bak\u0131n milyonlarca s\u00f6z veriyorum; her zaman sizin yan\u0131n\u0131zday\u0131z. Biz biliyoruz ki \u00fclke kalk\u0131nacaksa \u00fcretenle, \u00e7al\u0131\u015fanla, \u00fclke kalk\u0131nacaksa ba\u015fta kad\u0131nlarla kalk\u0131nacak&#8221;&nbsp;<\/strong>diye konu\u015ftu. Kad\u0131nlara g\u00fcvendi\u011fini ve inand\u0131\u011f\u0131n\u0131 s\u00f6yleyen Se\u00e7er, kad\u0131nlar\u0131n yeterince destek almad\u0131\u011f\u0131n\u0131 ve sorunlar\u0131yla yaln\u0131z ba\u015flar\u0131na b\u0131rak\u0131ld\u0131\u011f\u0131n\u0131 belirterek, belediyelerin kad\u0131nlar\u0131n yan\u0131nda olmas\u0131 gerekti\u011fini s\u00f6yledi. Se\u00e7er, bu kapsamda g\u00f6reve gelir gelmez Kad\u0131n ve Aile Hizmetleri Dairesi Ba\u015fkanl\u0131\u011f\u0131&#8217;n\u0131 kurduklar\u0131n\u0131 hat\u0131rlatt\u0131.<\/p>\n\n\n\n<p><strong>&#8220;E\u015fitler aras\u0131nda dengeler bozulmas\u0131n diye kad\u0131nlara pozitif ayr\u0131mc\u0131l\u0131k yapt\u0131k&#8221;<\/strong><\/p>\n\n\n\n<p>B\u00fcy\u00fck\u015fehir&#8217;de \u00e7al\u0131\u015fan kad\u0131n say\u0131s\u0131n\u0131 da artt\u0131rd\u0131klar\u0131n\u0131 s\u00f6yleyen Se\u00e7er,&nbsp;<strong>&#8220;E\u015fitler aras\u0131nda dengeler bozulmas\u0131n diye kad\u0131nlara pozitif ayr\u0131mc\u0131l\u0131k yapt\u0131k. G\u00f6reve geldi\u011fimizde belediyede \u00e7al\u0131\u015fan her 100 \u00e7al\u0131\u015fma arkada\u015f\u0131m\u0131z\u0131n 18&#8217;i kad\u0131nd\u0131, \u015fimdi bu 25 oldu. Bunu daha da artt\u0131raca\u011f\u0131z, n\u00fcfusumuzun y\u00fczde 50&#8217;si kad\u0131n, y\u00fczde 50&#8217;si erkek. O zaman her alanda erkeklerle kad\u0131nlar makamlar\u0131, mevkileri en az yar\u0131 yar\u0131ya payla\u015facak&#8221;<\/strong>&nbsp;diyerek, milletvekilli\u011finden Meclis \u00fcyeli\u011fine, belediye ba\u015fkanl\u0131\u011f\u0131ndan muhtarl\u0131\u011fa T\u00fcrkiye&#8217;de kad\u0131nlar\u0131n da e\u015fit s\u00f6z sahibi olmas\u0131 i\u00e7in \u00e7al\u0131\u015facaklar\u0131n\u0131 kaydetti.<\/p>\n\n\n\n<p><strong>B\u00fcy\u00fck\u015fehir sermayesi olmayan \u00fcretici kad\u0131nlar\u0131n sermayesi oldu<\/strong><\/p>\n\n\n\n<p>Tar\u0131msal Hizmetler Dairesi Ba\u015fkanl\u0131\u011f\u0131&#8217;n\u0131n kenti \u00e7ok iyi bildi\u011fini ve yo\u011fun \u00e7al\u0131\u015ft\u0131\u011f\u0131n\u0131 belirten Se\u00e7er, etkinli\u011fin yap\u0131lmas\u0131nda destek olan t\u00fcm birimlere te\u015fekk\u00fcr ederek konu\u015fmas\u0131n\u0131 s\u00fcrd\u00fcrd\u00fc. Tar\u0131m\u0131 desteklediklerini, tar\u0131mla ilgilenen kad\u0131nlar\u0131 ise daha fazla desteklediklerini s\u00f6yleyen Se\u00e7er,&nbsp;<strong>&#8220;Fide-fidan, \u00e7i\u00e7ek so\u011fan\u0131 destekleri kapsam\u0131nda bug\u00fcne kadar 25 binden fazla \u00fcretici bizden destek alm\u0131\u015f, bunun yakla\u015f\u0131k olarak 6 bini kad\u0131n \u00fcretici. Daha fazla olsun, daha fazla \u00fcretime kat\u0131l\u0131n. Kad\u0131nlar, bizden daha fazla talepte bulunsun&#8221;&nbsp;<\/strong>dedi. En \u00e7ok \u00f6nemsedikleri projelerden birinin&nbsp;<strong><em>&#8216;Hadi Gel K\u00f6y\u00fcm\u00fcze Destek Verelim&#8217;<\/em><\/strong>&nbsp;oldu\u011funa dikkat \u00e7eken Se\u00e7er,&nbsp;<strong>&#8220;5 y\u0131lda 300 aile i\u015fletmesi kurduk. Toroslar&#8217;\u0131n eteklerindeki Y\u00f6r\u00fck bac\u0131lar, ta\u015f\u0131 s\u0131ksa suyunu \u00e7\u0131kar\u0131r, hayvanc\u0131l\u0131\u011f\u0131 biliyor, g\u00fcc\u00fc yerinde, imkan\u0131 var ama sermayesi yok. Her bir aileye 25 hayvan verdik, 1 y\u0131ll\u0131k yemini, veteriner hizmetlerini verdik ve proje devam ediyor. \u015eimdi her kurdu\u011fumuz \u00e7iftlikten verdi\u011fimiz hayvanlar\u0131n yavrular\u0131 iade edildi, o da bir ba\u015fkas\u0131na gitti. \u00c7ark\u0131 biz d\u00f6nd\u00fcrd\u00fck, devam ediyor. Mersin B\u00fcy\u00fck\u015fehir Belediyesi, her y\u0131l 60 aileye yeni bir i\u015fletme kuruyor. Projeye dahil olan, \u00e7iftlik kuran \u00fcreticilerimiz sayesinde toplamda 300 \u00fcreticinin 156&#8217;s\u0131 kad\u0131n. Onlar\u0131n eline, y\u00fcre\u011fine, al\u0131n terine, eme\u011fine sa\u011fl\u0131k&#8221;<\/strong>&nbsp;ifadelerine yer verdi.<\/p>\n\n\n\n<p><strong>&#8220;Meslek \u00f6\u011frenmek istiyorsan\u0131z bize m\u00fcracaat edin&#8221;<\/strong><\/p>\n\n\n\n<p>Ba\u015fkan Se\u00e7er, \u00fcretici kad\u0131nlar i\u00e7in, ar\u0131c\u0131l\u0131k malzemelerinden g\u00fcne\u015f paneline, alet ekipmandan hamur yo\u011furma makinesine kadar bir\u00e7ok kalemde destek sunduklar\u0131n\u0131 belirtti. Kad\u0131nlar\u0131n, bir talepleri olmas\u0131 halinde Alo 185&#8217;i aramalar\u0131n\u0131 s\u00f6yleyen Ba\u015fkan Se\u00e7er,&nbsp;<strong>&#8220;Hangi konu olursa olsun bizimle ileti\u015fim kurun. Meslek \u00f6\u011frenmek istiyorsan\u0131z bize m\u00fcracaat edin. Marangoz bile yeti\u015ftiriyoruz, \u015fart de\u011fil yabanc\u0131 dil kursu, tekstil ya da farkl\u0131 bir meslek kursu. Kaynak\u00e7\u0131, duvarc\u0131 kad\u0131n ustam\u0131z var, hepsini yapabilirsiniz. Sizler i\u015finizi daha temiz ve titiz yap\u0131yorsunuz. Her i\u015fi de yapabilirsiniz&#8221;<\/strong>&nbsp;ifadelerini kulland\u0131.<\/p>\n\n\n\n<p><strong>&#8220;Biz, 5 y\u0131l boyunca halk\u0131n g\u00f6nl\u00fcne giren hizmetler pe\u015finde ko\u015ftuk&#8221;<\/strong><\/p>\n\n\n\n<p>Okuma yazma bilmeyen kad\u0131nlar\u0131n B\u00fcy\u00fck\u015fehir Belediyesi&#8217;nin okuma yazma kurslar\u0131ndan faydalanabilece\u011fini s\u00f6yleyen Ba\u015fkan Se\u00e7er, Refakat\u00e7i Evi ad\u0131 alt\u0131nda uzak mahallelerden ve k\u0131rsaldan gelen hasta ve hasta yak\u0131nlar\u0131na hizmet veren Dosthane&#8217;yi anlatt\u0131. Mersin&#8217;de tedavi g\u00f6rmek zorunda kalan hastalar\u0131n ve yak\u0131nlar\u0131n\u0131n evinin Mersin B\u00fcy\u00fck\u015fehir Belediyesi oldu\u011funu s\u00f6zlerine ekleyen Ba\u015fkan Se\u00e7er,&nbsp;<strong>&#8220;Sizin aileniz Mersin&#8217;de. Sizin aileniz Tarsus&#8217;ta. Alo 185. Belediye sizin. Bu hizmetleri bilin. Onun i\u00e7in bizleri takip edin. Belediyenin i\u015fi sadece yol yapmak, bina yapmak ya da konser vermek de\u011fil. Biz 5 y\u0131l boyunca; halk\u0131n g\u00f6nl\u00fcne giren, onun ac\u0131s\u0131n\u0131 azaltan, mutlulu\u011funu \u00e7o\u011faltan hizmetlerin pe\u015finde ko\u015ftuk. \u0130kinci be\u015f y\u0131l\u0131m\u0131zda, ayn\u0131 duygu ve d\u00fc\u015f\u00fcncelerle hizmetlerimizi yapmaya devam edece\u011fiz&#8221;<\/strong>&nbsp;dedi.<\/p>\n\n\n\n<p><strong>&#8220;Kad\u0131nlar bu \u00fclkenin temel ta\u015f\u0131&#8221;<\/strong><\/p>\n\n\n\n<p>Kad\u0131nlara, Kad\u0131n Sa\u011fl\u0131\u011f\u0131 Dan\u0131\u015fma Merkezleri&#8217;ne gitmeleri tavsiyesinde bulunan Ba\u015fkan Se\u00e7er, yak\u0131nda zamanda a\u00e7acaklar\u0131 ile birlikte \u00c7ocuk Geli\u015fim Merkezlerinin say\u0131s\u0131n\u0131n 12&#8217;yi buldu\u011funu s\u00f6zlerine ekledi. Ba\u015fkan Se\u00e7er, Tarsus&#8217;tan Anamur&#8217;a kadar olmayan her b\u00f6lgeye \u00c7ocuk Geli\u015fim Merkezi yapacaklar\u0131n\u0131 da s\u00f6yledi. Kad\u0131nlar\u0131n hem \u00fclke i\u00e7in hem de aile i\u00e7in \u00f6nemine vurgu yapan Ba\u015fkan Se\u00e7er,&nbsp;<strong>&#8220;Kad\u0131nlar bizler i\u00e7in \u00f6nemli oldu\u011fu kadar bu \u00fclkenin ger\u00e7ekten temel ta\u015f\u0131, ihtiyac\u0131. \u00c7ocuklar\u0131m\u0131z\u0131 b\u00fcy\u00fcten, ailemizi diri ve bir arada tutan evimizin dire\u011fi. Biz; \u00fclkemizi, memleketimizi sizlerle kalk\u0131nd\u0131raca\u011f\u0131z. Kad\u0131nlara dokunan projelere a\u011f\u0131rl\u0131k verece\u011fiz, yeni projeler yapaca\u011f\u0131z&#8221;<\/strong>&nbsp;diye belirtti.<\/p>\n\n\n\n<p><strong>&#8220;Sand\u0131ktan; iyi niyet, sevgi, ayr\u0131ms\u0131z hizmet, birlik ve beraberlik duygusu \u00e7\u0131kt\u0131&#8221;<\/strong><\/p>\n\n\n\n<p>Ba\u015fkan Se\u00e7er, vatanda\u015flar\u0131n kendilerine iyi niyet ve sevgi ile uzanan eli fark edip, se\u00e7im d\u00f6neminde ayr\u0131ms\u0131z hizmetlere g\u00f6re de\u011ferlendirme yapt\u0131\u011f\u0131n\u0131 kaydederek \u015funlar\u0131 s\u00f6yledi:<\/p>\n\n\n\n<p><strong>&#8220;Vatanda\u015f\u0131m;&nbsp;<em>&#8216;Vahap Ba\u015fkan 5 y\u0131ld\u0131r bizi destekledi. Bizim de onu desteklemek vefa borcumuzdur&#8217;<\/em>&nbsp;dedi. O s\u00f6ylenenler bo\u015fa \u00e7\u0131kmad\u0131. 31 Mart&#8217;ta Mersin&#8217;de B\u00fcy\u00fck\u015fehir sand\u0131klar\u0131ndan; iyi niyet, sevgi, sayg\u0131, emek, vatanda\u015fa hizmet, adalet ve ayr\u0131ms\u0131z bir hizmet \u00e7\u0131kt\u0131. Bu \u00fclkeyi sevme duygusu, sayma duygusu \u00e7\u0131kt\u0131. \u0130nsanlarla bir arada olma, hemhal olma duygusu \u00e7\u0131kt\u0131, birlik ve beraberlik duygusu \u00e7\u0131kt\u0131. Bunun i\u00e7in sizlere, Mersin halk\u0131na desteklerinden dolay\u0131 te\u015fekk\u00fcr ediyoruz. D\u00fcnya Kad\u0131n \u00c7ift\u00e7iler G\u00fcn\u00fc&#8217;n\u00fcz kutlu olsun sevgili kad\u0131nlar. En k\u00f6t\u00fc g\u00fcn\u00fcm\u00fcz b\u00f6yle olsun. Eviniz, \u00fcr\u00fcn\u00fcn\u00fcz bereketli olsun.&#8221;<\/strong><\/p>\n\n\n\n<p><strong>Bolta\u00e7: &#8220;B\u00fcy\u00fck\u015fehir Belediyemiz, Mersin&#8217;de bir \u00e7ok alanda T\u00fcrkiye&#8217;ye \u00f6nc\u00fc oldu&#8221;<\/strong><\/p>\n\n\n\n<p>Tarsus Belediye Ba\u015fkan\u0131 Ali Bolta\u00e7, \u00fcretimde de kad\u0131nlar\u0131n yerinin \u00e7ok \u00f6nemli oldu\u011funu s\u00f6yledi. B\u00fcy\u00fck\u015fehir Belediyesi ile i\u015f birli\u011fi i\u00e7erisinde kad\u0131nlar i\u00e7in hizmet etmenin keyfini ya\u015fad\u0131klar\u0131n\u0131 s\u00f6zlerine ekleyen Bolta\u00e7,&nbsp;<strong>&#8220;Ben Tarsus Belediyesi olarak bug\u00fcn burada \u00fcretim, mutluluk, karde\u015flik, dayan\u0131\u015fma, birlik, beraberlik g\u00f6r\u00fcyorum. Burada uyumla, huzurla, memnuniyetle size hizmet eden bir Mersin B\u00fcy\u00fck\u015fehir Belediye Ba\u015fkan\u0131 g\u00f6r\u00fcyorum. Huzurlar\u0131n\u0131zda kendisine te\u015fekk\u00fcr ediyorum. Mersin B\u00fcy\u00fck\u015fehir Belediyemiz, Mersin&#8217;de bir\u00e7ok alanda T\u00fcrkiye&#8217;ye \u00f6nc\u00fc olmu\u015f, bir\u00e7ok alanda T\u00fcrkiye&#8217;de rol model olarak g\u00f6revler \u00fcstlenmi\u015ftir. Vatanda\u015flar\u0131m\u0131z da bunun gere\u011fini 31 Mart&#8217;ta yapt\u0131&#8221;&nbsp;<\/strong>dedi.<\/p>\n\n\n\n<p><strong>Meral Se\u00e7er: &#8220;Tar\u0131m\u0131n belkemi\u011fi siz de\u011ferli kad\u0131nlars\u0131n\u0131z&#8221;<\/strong><\/p>\n\n\n\n<p>Mersinden Kad\u0131n Kooperatifi Ba\u015fkan\u0131 Meral Se\u00e7er, son y\u0131llarda \u00fcretmenin \u00f6neminin daha \u00e7ok anla\u015f\u0131ld\u0131\u011f\u0131n\u0131 ifade ederek,&nbsp;<strong>&#8220;\u00dcretmeyince t\u00fckenece\u011fimizi g\u00f6rd\u00fck. Tar\u0131m \u00e7ok \u00f6nemli ama tar\u0131m\u0131n \u00f6nemine de\u011fer katan, tar\u0131m\u0131n belkemi\u011fi siz de\u011ferli kad\u0131nlars\u0131n\u0131z. K\u00f6ylerde kad\u0131nlar sadece \u00fcretim yapm\u0131yor. Evinin temizli\u011fini yap\u0131yor, ya\u015fl\u0131s\u0131na, \u00e7ocu\u011funa bak\u0131yor, oyas\u0131n\u0131 i\u015fliyor, yeme\u011fini yap\u0131yor. Bunun yan\u0131nda tohumu al\u0131p topra\u011fa at\u0131yor. Topra\u011f\u0131 fide yap\u0131yor. Sebzesinden yeme\u011fini yap\u0131yor. Sal\u00e7as\u0131n\u0131, konservesini, kurutmas\u0131n\u0131 yap\u0131yor. Hem ailesini hem \u00e7evresini besliyor. O kadar k\u0131ymetli \u015feyler yap\u0131yor ki kad\u0131nlar\u0131n k\u0131ymetinin daha \u00e7ok bilinmesi gerekiyor. Kad\u0131nlar, bu kadar a\u011f\u0131r y\u00fck\u00fc \u00e7ekiyorlar, \u00fcretim yap\u0131yorlar, benim en \u00e7ok istedi\u011fim \u015fey \u00fcretimden vazge\u00e7memeleri&#8221;<\/strong>&nbsp;dedi.<\/p>\n\n\n\n<p><strong>&#8220;\u00dcretmekten vazge\u00e7meyen de\u011ferli kad\u0131n \u00e7ift\u00e7ilerimizin D\u00fcnya Kad\u0131n \u00c7ift\u00e7iler G\u00fcn\u00fc kutlu olsun&#8221;<\/strong><\/p>\n\n\n\n<p>Hayat\u0131n her alan\u0131nda bir\u00e7ok sorumlulu\u011fu olan \u00fcreten kad\u0131nlar\u0131n her alanda desteklenmesi gerekti\u011fini s\u00f6yleyen Se\u00e7er,&nbsp;<strong>&#8220;Bizler de Mersinden Kad\u0131n Kooperatifi olarak gerek B\u00fcy\u00fck\u015fehir Belediyesi ile gerek di\u011fer kamu kurum ve kurulu\u015flar\u0131 ile i\u015f birli\u011fi yaparak \u00fcretime dair, sosyal hayata dair bir\u00e7ok projede yer al\u0131yoruz. Kooperatif olarak amac\u0131m\u0131z; sizleri daha iyi bir noktaya getirmek. \u00c7orbada ne kadar tuzumuz olursa o bize mutluluk veriyor. Belki daha b\u00fcy\u00fck kurumlar kadar katk\u0131 sunamayabiliriz ama verdi\u011fimiz desteklerin sizdeki kar\u015f\u0131l\u0131\u011f\u0131 \u00e7ok g\u00fczel ve \u00e7al\u0131\u015fmalar\u0131m\u0131za devam edece\u011fiz. Hepiniz \u00e7ok \u00fcretkensiniz. \u00dcreten, \u00fcretmekten vazge\u00e7meyen, topra\u011f\u0131na, ata tohumuna sahip olan siz de\u011ferli kad\u0131n \u00e7ift\u00e7ilerimizin D\u00fcnya Kad\u0131n \u00c7ift\u00e7iler G\u00fcn\u00fcn\u00fcz kutlu olsun. \u00dcr\u00fcnleriniz bereketli, bol kazan\u00e7l\u0131 olsun&#8221;<\/strong>&nbsp;diye konu\u015ftu.<\/p>\n\n\n\n<p><a><\/a>Programda ayr\u0131ca; Cumhuriyet Halk Partisi (CHP) Mersin Milletvekili Hasan Ufuk \u00c7ak\u0131r, Toroslar \u0130l\u00e7esi Ayvagedi\u011fi Mahallesi&#8217;nden kad\u0131n \u00fcretici Rahilenur Aksay, Erdemli \u0130l\u00e7esi Karayakup Mahallesi&#8217;nden kad\u0131n \u00fcretici G\u00fclperi \u00d6zdemir, Toroslar \u0130l\u00e7esi \u00c7aml\u0131dere Mahallesi&#8217;nden kad\u0131n \u00fcretici Selma Y\u0131lmaz birer konu\u015fma yapt\u0131.<\/p>\n\n\n\n<p><a><\/a>Konu\u015fmalar\u0131n ard\u0131ndan \u00fcretici kad\u0131nlar, kendi yeti\u015ftirmi\u015f olduklar\u0131 \u00fcr\u00fcnlerden Ba\u015fkan Se\u00e7er ve Meral Se\u00e7er&#8217;e hediye ettiler.&nbsp;<a><\/a><a><\/a>Yemek ikram\u0131n\u0131n ard\u0131ndan ise Ba\u015fkan Se\u00e7er, Meral Se\u00e7er kad\u0131nlar ile an\u0131 foto\u011fraf\u0131 \u00e7ektirdi.<a><\/a><a><\/a>&nbsp;Program, Mersin Mandolin Grubu Dinletisi ve Mersin B\u00fcy\u00fck\u015fehir Belediyesi Kent Orkestras\u0131&#8217;n\u0131n seslendirdi\u011fi \u015fark\u0131lar ile sona erdi.<\/p>\n","protected":false},"excerpt":{"rendered":"<p>Mersin B\u00fcy\u00fck\u015fehir Belediye Ba\u015fkan\u0131 Vahap Se\u00e7er ve Mersinden Kad\u0131n Kooperatifi Y\u00f6netim Kurulu Ba\u015fkan\u0131 Meral Se\u00e7er, Mersin B\u00fcy\u00fck\u015fehir Belediyesi taraf\u0131ndan,&nbsp;&#8216;Kad\u0131n\u0131n Eme\u011fi, Topra\u011f\u0131n Bereketi&#8217;&nbsp;slogan\u0131yla d\u00fczenlenen&nbsp;&#8217;15 Ekim D\u00fcnya Kad\u0131n \u00c7ift\u00e7iler G\u00fcn\u00fc&#8217;&nbsp;etkinli\u011finde 13 il\u00e7eden gelen binlerce \u00fcretici kad\u0131n ile bir araya geldi. Tarsus Gen\u00e7lik Kamp\u0131&#8217;nda d\u00fczenlenen programda Ba\u015fkan Se\u00e7er ve Meral Se\u00e7er, kad\u0131nlar\u0131n yo\u011fun ilgi ve sevgisiyle kar\u015f\u0131land\u0131. Kad\u0131nlar, [&hellip;]<\/p>\n","protected":false},"author":2,"featured_media":36097,"comment_status":"closed","ping_status":"closed","sticky":false,"template":"","format":"standard","meta":{"footnotes":""},"categories":[8,34,1,2,3],"tags":[],"class_list":["post-36096","post","type-post","status-publish","format-standard","has-post-thumbnail","hentry","category-ekonomi","category-flas-haber","category-genel","category-gundem","category-manset"],"views":5,"_links":{"self":[{"href":"https:\/\/mersinkadingazetesi.com\/index.php?rest_route=\/wp\/v2\/posts\/36096"}],"collection":[{"href":"https:\/\/mersinkadingazetesi.com\/index.php?rest_route=\/wp\/v2\/posts"}],"about":[{"href":"https:\/\/mersinkadingazetesi.com\/index.php?rest_route=\/wp\/v2\/types\/post"}],"author":[{"embeddable":true,"href":"https:\/\/mersinkadingazetesi.com\/index.php?rest_route=\/wp\/v2\/users\/2"}],"replies":[{"embeddable":true,"href":"https:\/\/mersinkadingazetesi.com\/index.php?rest_route=%2Fwp%2Fv2%2Fcomments&post=36096"}],"version-history":[{"count":1,"href":"https:\/\/mersinkadingazetesi.com\/index.php?rest_route=\/wp\/v2\/posts\/36096\/revisions"}],"predecessor-version":[{"id":36098,"href":"https:\/\/mersinkadingazetesi.com\/index.php?rest_route=\/wp\/v2\/posts\/36096\/revisions\/36098"}],"wp:featuredmedia":[{"embeddable":true,"href":"https:\/\/mersinkadingazetesi.com\/index.php?rest_route=\/wp\/v2\/media\/36097"}],"wp:attachment":[{"href":"https:\/\/mersinkadingazetesi.com\/index.php?rest_route=%2Fwp%2Fv2%2Fmedia&parent=36096"}],"wp:term":[{"taxonomy":"category","embeddable":true,"href":"https:\/\/mersinkadingazetesi.com\/index.php?rest_route=%2Fwp%2Fv2%2Fcategories&post=36096"},{"taxonomy":"post_tag","embeddable":true,"href":"https:\/\/mersinkadingazetesi.com\/index.php?rest_route=%2Fwp%2Fv2%2Ftags&post=36096"}],"curies":[{"name":"wp","href":"https:\/\/api.w.org\/{rel}","templated":true}]}}