{"id":36114,"date":"2024-10-16T11:57:04","date_gmt":"2024-10-16T08:57:04","guid":{"rendered":"https:\/\/mersinkadingazetesi.com\/?p=36114"},"modified":"2024-10-16T11:57:04","modified_gmt":"2024-10-16T08:57:04","slug":"benim-gozumden-mersin-marina-fotograf-yarisma-sergisi-acildi","status":"publish","type":"post","link":"https:\/\/mersinkadingazetesi.com\/?p=36114","title":{"rendered":"\u201cBenim G\u00f6z\u00fcmden Mersin Marina\u201d Foto\u011fraf Yar\u0131\u015fma Sergisi A\u00e7\u0131ld\u0131"},"content":{"rendered":"\n<p>\u201cBenim G\u00f6z\u00fcmden Mersin Marina\u201d foto\u011fraf yar\u0131\u015fmas\u0131n\u0131n sergisi, Mersin Marina\u2019n\u0131n ana koridorunda ger\u00e7ekle\u015ftirilen \u00f6d\u00fcl t\u00f6reni e\u015fli\u011finde a\u00e7\u0131ld\u0131. Sergilenme \u00f6d\u00fcl\u00fcne hak kazanan eserler 27 Ekim Pazar g\u00fcn\u00fcne kadar misafirlerin g\u00f6z\u00fcnden marinay\u0131 tan\u0131tacak.&nbsp;<\/p>\n\n\n\n<p>\u201cBenim G\u00f6z\u00fcmden Mersin Marina\u201d foto\u011fraf yar\u0131\u015fmas\u0131 se\u00e7ici kurulunun de\u011ferlendirmeleri ile belirlenen foto\u011fraf sergisi, Mersin Marina\u2019n\u0131n ana koridorunda a\u00e7\u0131ld\u0131. Mersin Marina\u2019n\u0131n \u0130\u015fletme M\u00fcd\u00fcr\u00fc Mehmet G\u00dcNASLAN yapt\u0131\u011f\u0131 a\u00e7\u0131l\u0131\u015f konu\u015fmas\u0131nda yar\u0131\u015fman\u0131n birincilik ve \u00fc\u00e7\u00fcnc\u00fcl\u00fck \u00f6d\u00fcllerini kazanan eser sahiplerinin Bursa ve Elaz\u0131\u011f\u2019da ya\u015fad\u0131\u011f\u0131n\u0131; bunun da Mersin Marina\u2019n\u0131n ulusal \u00e7aptaki hizmetinin bir yans\u0131mas\u0131 oldu\u011funun alt\u0131n\u0131 \u00e7izdi. \u0130kincilik \u00f6d\u00fcl\u00fcn\u00fcn sahibi Mehraneh KAR\u0130M\u0130\u2019ye plaketini takdim eden G\u00dcNASLAN, katk\u0131lar\u0131ndan dolay\u0131 te\u015fekk\u00fcrlerini iletti. \u0130lk \u00fc\u00e7 eser ile birlikte sergilenme \u00f6d\u00fcl\u00fcne hak kazanan eserlerin yer ald\u0131\u011f\u0131 sergi, ziyaret\u00e7ilerin b\u00fcy\u00fck be\u011fenisini toplad\u0131. 27 Ekim Pazar g\u00fcn\u00fcne kadar Mersin Marina\u2019n\u0131n ana koridorunda yer alacak olan sergi, misafirlerin g\u00f6z\u00fcnden marinay\u0131 tan\u0131tacak.&nbsp;<\/p>\n","protected":false},"excerpt":{"rendered":"<p>\u201cBenim G\u00f6z\u00fcmden Mersin Marina\u201d foto\u011fraf yar\u0131\u015fmas\u0131n\u0131n sergisi, Mersin Marina\u2019n\u0131n ana koridorunda ger\u00e7ekle\u015ftirilen \u00f6d\u00fcl t\u00f6reni e\u015fli\u011finde a\u00e7\u0131ld\u0131. Sergilenme \u00f6d\u00fcl\u00fcne hak kazanan eserler 27 Ekim Pazar g\u00fcn\u00fcne kadar misafirlerin g\u00f6z\u00fcnden marinay\u0131 tan\u0131tacak.&nbsp; \u201cBenim G\u00f6z\u00fcmden Mersin Marina\u201d foto\u011fraf yar\u0131\u015fmas\u0131 se\u00e7ici kurulunun de\u011ferlendirmeleri ile belirlenen foto\u011fraf sergisi, Mersin Marina\u2019n\u0131n ana koridorunda a\u00e7\u0131ld\u0131. Mersin Marina\u2019n\u0131n \u0130\u015fletme M\u00fcd\u00fcr\u00fc Mehmet G\u00dcNASLAN yapt\u0131\u011f\u0131 [&hellip;]<\/p>\n","protected":false},"author":2,"featured_media":36115,"comment_status":"closed","ping_status":"closed","sticky":false,"template":"","format":"standard","meta":{"footnotes":""},"categories":[3],"tags":[],"class_list":["post-36114","post","type-post","status-publish","format-standard","has-post-thumbnail","hentry","category-manset"],"views":6,"_links":{"self":[{"href":"https:\/\/mersinkadingazetesi.com\/index.php?rest_route=\/wp\/v2\/posts\/36114"}],"collection":[{"href":"https:\/\/mersinkadingazetesi.com\/index.php?rest_route=\/wp\/v2\/posts"}],"about":[{"href":"https:\/\/mersinkadingazetesi.com\/index.php?rest_route=\/wp\/v2\/types\/post"}],"author":[{"embeddable":true,"href":"https:\/\/mersinkadingazetesi.com\/index.php?rest_route=\/wp\/v2\/users\/2"}],"replies":[{"embeddable":true,"href":"https:\/\/mersinkadingazetesi.com\/index.php?rest_route=%2Fwp%2Fv2%2Fcomments&post=36114"}],"version-history":[{"count":1,"href":"https:\/\/mersinkadingazetesi.com\/index.php?rest_route=\/wp\/v2\/posts\/36114\/revisions"}],"predecessor-version":[{"id":36116,"href":"https:\/\/mersinkadingazetesi.com\/index.php?rest_route=\/wp\/v2\/posts\/36114\/revisions\/36116"}],"wp:featuredmedia":[{"embeddable":true,"href":"https:\/\/mersinkadingazetesi.com\/index.php?rest_route=\/wp\/v2\/media\/36115"}],"wp:attachment":[{"href":"https:\/\/mersinkadingazetesi.com\/index.php?rest_route=%2Fwp%2Fv2%2Fmedia&parent=36114"}],"wp:term":[{"taxonomy":"category","embeddable":true,"href":"https:\/\/mersinkadingazetesi.com\/index.php?rest_route=%2Fwp%2Fv2%2Fcategories&post=36114"},{"taxonomy":"post_tag","embeddable":true,"href":"https:\/\/mersinkadingazetesi.com\/index.php?rest_route=%2Fwp%2Fv2%2Ftags&post=36114"}],"curies":[{"name":"wp","href":"https:\/\/api.w.org\/{rel}","templated":true}]}}