{"id":36117,"date":"2024-10-16T12:03:12","date_gmt":"2024-10-16T09:03:12","guid":{"rendered":"https:\/\/mersinkadingazetesi.com\/?p=36117"},"modified":"2024-10-16T12:03:13","modified_gmt":"2024-10-16T09:03:13","slug":"anayasamizin-ilk-dort-maddesi-ataturk-devrimlerinin-ve-bagimsizlik-mucadelesinin-bir-mirasidir","status":"publish","type":"post","link":"https:\/\/mersinkadingazetesi.com\/?p=36117","title":{"rendered":"&#8216;Anayasam\u0131z\u0131n ilk d\u00f6rt maddesi, Atat\u00fcrk devrimlerinin ve ba\u011f\u0131ms\u0131zl\u0131k m\u00fccadelesinin bir miras\u0131d\u0131r&#8217;"},"content":{"rendered":"\n<p>Genel Sa\u011fl\u0131k \u0130\u015f Mersin \u015eubesi&nbsp;T\u00fcrkiye B\u00fcy\u00fck Millet Meclisi Ba\u015fkan\u0131 Numan Kurtulmu\u015f hakk\u0131nda su\u00e7 duyurusunda bulundu.<\/p>\n\n\n\n<p>Genel Sa\u011fl\u0131k \u0130\u015f Mersin \u015eube&nbsp;Ba\u015fkan\u0131 Meryem Demirkol yapt\u0131\u011f\u0131 a\u00e7\u0131klamada, &#8220;T\u00fcrkiye B\u00fcy\u00fck Millet Meclisi Ba\u015fkan\u0131 Numan Kurtulmu\u015f&#8217;un, 10 Ekim 2024 tarihinde Gazi \u00dcniversitesi Akademik Y\u0131l A\u00e7\u0131l\u0131\u015f Program\u0131&#8217;nda yapt\u0131\u011f\u0131 konu\u015fmada, Anayasam\u0131z\u0131n de\u011fi\u015ftirilemez h\u00fck\u00fcmlerinden olan &#8220;T\u00fcrkiye Devleti, \u00fclkesi ve milletiyle b\u00f6l\u00fcnmez bir b\u00fct\u00fcnd\u00fcr&#8221; ifadesinin de\u011fi\u015ftirilmesi gerekti\u011fini ifade etmesi, Cumhuriyetimizin temel de\u011ferlerine a\u00e7\u0131k bir sald\u0131r\u0131d\u0131r.&nbsp;Cumhuriyetimizin kurulu\u015f felsefesini ve temel de\u011ferlerini g\u00fcvence alt\u0131na alan Anayasam\u0131z\u0131n ilk d\u00f6rt maddesi, Atat\u00fcrk devrimlerinin ve ba\u011f\u0131ms\u0131zl\u0131k m\u00fccadelesinin bir miras\u0131d\u0131r. Bu maddelerin de\u011fi\u015ftirilmesi teklifi, ulusumuzun birli\u011fine ve \u00fclkemizin ba\u011f\u0131ms\u0131zl\u0131\u011f\u0131na y\u00f6nelik bir tehdittir. Anayasam\u0131z\u0131n 4. maddesi bu ilkelerin korunmas\u0131n\u0131 g\u00fcvence alt\u0131na al\u0131rken, de\u011fi\u015ftirilmesinin teklif dahi edilemeyece\u011fini a\u00e7\u0131k\u00e7a belirtmektedir.&#8221; dedi.<\/p>\n\n\n\n<p>&#8220;Atat\u00fcrk&#8217;\u00fcn ilke ve devrimlerine ayk\u0131r\u0131 hareket eden herkes kar\u015f\u0131s\u0131nda bizi bulacak&#8221;<\/p>\n\n\n\n<p>Demirkol \u015f\u00f6yle devam etti;<\/p>\n\n\n\n<p>&#8220;Numan Kurtulmu\u015f&#8217;un yapt\u0131\u011f\u0131 bu a\u00e7\u0131klamalar, T\u00fcrk Ceza Kanunu&#8217;nun 309. maddesinde d\u00fczenlenen Anayasay\u0131 ihlal su\u00e7unu a\u00e7\u0131k\u00e7a ortaya koymaktad\u0131r. Ayr\u0131ca, T\u00fcrk Ceza Kanunu&#8217;nun 257. maddesinde d\u00fczenlenen g\u00f6revi k\u00f6t\u00fcye kullanma su\u00e7unu da olu\u015fturmakta olup, g\u00f6revini k\u00f6t\u00fcye kullanarak halk\u0131m\u0131z\u0131n birli\u011fine zarar vermektedir.&nbsp;\u00dclkemizin b\u00f6l\u00fcnmez b\u00fct\u00fcnl\u00fc\u011f\u00fcn\u00fc ve Cumhuriyetimizin temel de\u011ferlerini korumak i\u00e7in gereken her t\u00fcrl\u00fc m\u00fccadeleyi verece\u011fiz. Bu temel de\u011ferlere y\u00f6nelik sald\u0131r\u0131lar, yaln\u0131zca hukuki de\u011fil, tarihsel ve toplumsal sorumluluk da gerektirmektedir. A\u00e7\u0131klanan nedenlerle, TBMM Ba\u015fkan\u0131 Numan Kurtulmu\u015f hakk\u0131nda su\u00e7 duyurusunda bulunma zorunlulu\u011fu has\u0131l olmu\u015ftur.&nbsp;Genel Sa\u011fl\u0131k \u0130\u015f Mersin \u015eube Ba\u015fkan\u0131 olarak tekraren ifade ediyorum ki, cumhuriyetimizin de\u011ferlerine, ulu \u00f6nderimiz Mustafa Kemal Atat\u00fcrk&#8217;\u00fcn ilke ve devrimlerine ayk\u0131r\u0131 hareket eden herkes kar\u015f\u0131s\u0131nda bizi bulacakt\u0131r.&#8221;<\/p>\n","protected":false},"excerpt":{"rendered":"<p>Genel Sa\u011fl\u0131k \u0130\u015f Mersin \u015eubesi&nbsp;T\u00fcrkiye B\u00fcy\u00fck Millet Meclisi Ba\u015fkan\u0131 Numan Kurtulmu\u015f hakk\u0131nda su\u00e7 duyurusunda bulundu. Genel Sa\u011fl\u0131k \u0130\u015f Mersin \u015eube&nbsp;Ba\u015fkan\u0131 Meryem Demirkol yapt\u0131\u011f\u0131 a\u00e7\u0131klamada, &#8220;T\u00fcrkiye B\u00fcy\u00fck Millet Meclisi Ba\u015fkan\u0131 Numan Kurtulmu\u015f&#8217;un, 10 Ekim 2024 tarihinde Gazi \u00dcniversitesi Akademik Y\u0131l A\u00e7\u0131l\u0131\u015f Program\u0131&#8217;nda yapt\u0131\u011f\u0131 konu\u015fmada, Anayasam\u0131z\u0131n de\u011fi\u015ftirilemez h\u00fck\u00fcmlerinden olan &#8220;T\u00fcrkiye Devleti, \u00fclkesi ve milletiyle b\u00f6l\u00fcnmez bir b\u00fct\u00fcnd\u00fcr&#8221; [&hellip;]<\/p>\n","protected":false},"author":2,"featured_media":36118,"comment_status":"closed","ping_status":"closed","sticky":false,"template":"","format":"standard","meta":{"footnotes":""},"categories":[34,1,2,3],"tags":[],"class_list":["post-36117","post","type-post","status-publish","format-standard","has-post-thumbnail","hentry","category-flas-haber","category-genel","category-gundem","category-manset"],"views":6,"_links":{"self":[{"href":"https:\/\/mersinkadingazetesi.com\/index.php?rest_route=\/wp\/v2\/posts\/36117"}],"collection":[{"href":"https:\/\/mersinkadingazetesi.com\/index.php?rest_route=\/wp\/v2\/posts"}],"about":[{"href":"https:\/\/mersinkadingazetesi.com\/index.php?rest_route=\/wp\/v2\/types\/post"}],"author":[{"embeddable":true,"href":"https:\/\/mersinkadingazetesi.com\/index.php?rest_route=\/wp\/v2\/users\/2"}],"replies":[{"embeddable":true,"href":"https:\/\/mersinkadingazetesi.com\/index.php?rest_route=%2Fwp%2Fv2%2Fcomments&post=36117"}],"version-history":[{"count":1,"href":"https:\/\/mersinkadingazetesi.com\/index.php?rest_route=\/wp\/v2\/posts\/36117\/revisions"}],"predecessor-version":[{"id":36119,"href":"https:\/\/mersinkadingazetesi.com\/index.php?rest_route=\/wp\/v2\/posts\/36117\/revisions\/36119"}],"wp:featuredmedia":[{"embeddable":true,"href":"https:\/\/mersinkadingazetesi.com\/index.php?rest_route=\/wp\/v2\/media\/36118"}],"wp:attachment":[{"href":"https:\/\/mersinkadingazetesi.com\/index.php?rest_route=%2Fwp%2Fv2%2Fmedia&parent=36117"}],"wp:term":[{"taxonomy":"category","embeddable":true,"href":"https:\/\/mersinkadingazetesi.com\/index.php?rest_route=%2Fwp%2Fv2%2Fcategories&post=36117"},{"taxonomy":"post_tag","embeddable":true,"href":"https:\/\/mersinkadingazetesi.com\/index.php?rest_route=%2Fwp%2Fv2%2Ftags&post=36117"}],"curies":[{"name":"wp","href":"https:\/\/api.w.org\/{rel}","templated":true}]}}