{"id":36120,"date":"2024-10-16T12:29:27","date_gmt":"2024-10-16T09:29:27","guid":{"rendered":"https:\/\/mersinkadingazetesi.com\/?p=36120"},"modified":"2024-10-16T12:29:53","modified_gmt":"2024-10-16T09:29:53","slug":"baskan-ozyigit-minik-deniz-ali-icin-duzenlenen-yardim-programina-katildi","status":"publish","type":"post","link":"https:\/\/mersinkadingazetesi.com\/?p=36120","title":{"rendered":"Ba\u015fkan \u00d6zyi\u011fit, minik Deniz Ali i\u00e7in d\u00fczenlenen yard\u0131m program\u0131na kat\u0131ld\u0131"},"content":{"rendered":"\n<p>Mersin Yeni\u015fehir Belediye Ba\u015fkan\u0131 Abdullah \u00d6zyi\u011fit, Duchenne Musk\u00fcler Distrofi (DMD) hastas\u0131 9,5 ya\u015f\u0131ndaki Deniz Ali Soydan i\u00e7in d\u00fczenlenen ve Mersin ile Adana\u2019daki televizyon ve radyolardan canl\u0131 olarak yay\u0131nlanan yard\u0131m program\u0131na kat\u0131ld\u0131.<\/p>\n\n\n\n<p>Mersin B\u00fcy\u00fck\u015fehir Belediyesi Kongre ve Sergi Saray\u0131\u2019nda d\u00fczenlenen canl\u0131 ba\u011f\u0131\u015f program\u0131nda Yeni\u015fehir Belediye Ba\u015fkan\u0131 Abdullah \u00d6zyi\u011fit\u2019in yan\u0131 s\u0131ra Mersin B\u00fcy\u00fck\u015fehir Belediye Ba\u015fkan\u0131 Vahap Se\u00e7er, il\u00e7e belediye ba\u015fkanlar\u0131, sivil toplum kurulu\u015flar\u0131n\u0131n ba\u015fkan ve temsilcileri ile gazeteciler yer ald\u0131. Moderat\u00f6rl\u00fc\u011f\u00fcn\u00fc Mersin Gazeteciler Cemiyeti Ba\u015fkan\u0131 Kaya Tepe ve televizyon programc\u0131s\u0131 Arzu \u00d6zer\u2019in yapt\u0131\u011f\u0131 canl\u0131 ba\u011f\u0131\u015f yay\u0131n\u0131na CHP Grup Ba\u015fkanvekili Ali Mahir Ba\u015far\u0131 ile CHP Mersin Milletvekili Talat Din\u00e7er de ba\u011flanarak, Deniz Ali i\u00e7in ba\u011f\u0131\u015f \u00e7a\u011fr\u0131\u015f yapt\u0131. Yakla\u015f\u0131k 3,5 saat s\u00fcren programda belediye ba\u015fkanlar\u0131 yard\u0131mseverleri tek tek arayarak, Deniz Ali i\u00e7in destek talebinde bulundu.<\/p>\n\n\n\n<p>Program\u0131nda sonunda konu\u015fan Yeni\u015fehir Belediye Ba\u015fkan\u0131 Abdullah \u00d6zyi\u011fit, <strong>\u201c Deniz Ali yavrumuz i\u00e7in ba\u011f\u0131\u015f yapan t\u00fcm yard\u0131msever vatanda\u015flar\u0131m\u0131za te\u015fekk\u00fcr ediyorum. Bu kampanya ete kemi\u011fe b\u00fcr\u00fcnd\u00fc. Gerekirse bunun gibi bir bulu\u015fma daha yapmal\u0131y\u0131z. Bu duyarl\u0131l\u0131\u011f\u0131 g\u00f6stermeye devam etmek gerekiyor.<\/strong>\u201d diye konu\u015ftu. &nbsp;Deniz Ali Soydan ile birlikte yay\u0131na kat\u0131lan anne Suna Soydan da umutlu olduklar\u0131n\u0131 ifade ederek, destek sunan herkese te\u015fekk\u00fcr etti.<\/p>\n","protected":false},"excerpt":{"rendered":"<p>Mersin Yeni\u015fehir Belediye Ba\u015fkan\u0131 Abdullah \u00d6zyi\u011fit, Duchenne Musk\u00fcler Distrofi (DMD) hastas\u0131 9,5 ya\u015f\u0131ndaki Deniz Ali Soydan i\u00e7in d\u00fczenlenen ve Mersin ile Adana\u2019daki televizyon ve radyolardan canl\u0131 olarak yay\u0131nlanan yard\u0131m program\u0131na kat\u0131ld\u0131. Mersin B\u00fcy\u00fck\u015fehir Belediyesi Kongre ve Sergi Saray\u0131\u2019nda d\u00fczenlenen canl\u0131 ba\u011f\u0131\u015f program\u0131nda Yeni\u015fehir Belediye Ba\u015fkan\u0131 Abdullah \u00d6zyi\u011fit\u2019in yan\u0131 s\u0131ra Mersin B\u00fcy\u00fck\u015fehir Belediye Ba\u015fkan\u0131 Vahap Se\u00e7er, [&hellip;]<\/p>\n","protected":false},"author":2,"featured_media":36121,"comment_status":"closed","ping_status":"closed","sticky":false,"template":"","format":"standard","meta":{"footnotes":""},"categories":[3,9],"tags":[],"class_list":["post-36120","post","type-post","status-publish","format-standard","has-post-thumbnail","hentry","category-manset","category-saglik"],"views":4,"_links":{"self":[{"href":"https:\/\/mersinkadingazetesi.com\/index.php?rest_route=\/wp\/v2\/posts\/36120"}],"collection":[{"href":"https:\/\/mersinkadingazetesi.com\/index.php?rest_route=\/wp\/v2\/posts"}],"about":[{"href":"https:\/\/mersinkadingazetesi.com\/index.php?rest_route=\/wp\/v2\/types\/post"}],"author":[{"embeddable":true,"href":"https:\/\/mersinkadingazetesi.com\/index.php?rest_route=\/wp\/v2\/users\/2"}],"replies":[{"embeddable":true,"href":"https:\/\/mersinkadingazetesi.com\/index.php?rest_route=%2Fwp%2Fv2%2Fcomments&post=36120"}],"version-history":[{"count":1,"href":"https:\/\/mersinkadingazetesi.com\/index.php?rest_route=\/wp\/v2\/posts\/36120\/revisions"}],"predecessor-version":[{"id":36122,"href":"https:\/\/mersinkadingazetesi.com\/index.php?rest_route=\/wp\/v2\/posts\/36120\/revisions\/36122"}],"wp:featuredmedia":[{"embeddable":true,"href":"https:\/\/mersinkadingazetesi.com\/index.php?rest_route=\/wp\/v2\/media\/36121"}],"wp:attachment":[{"href":"https:\/\/mersinkadingazetesi.com\/index.php?rest_route=%2Fwp%2Fv2%2Fmedia&parent=36120"}],"wp:term":[{"taxonomy":"category","embeddable":true,"href":"https:\/\/mersinkadingazetesi.com\/index.php?rest_route=%2Fwp%2Fv2%2Fcategories&post=36120"},{"taxonomy":"post_tag","embeddable":true,"href":"https:\/\/mersinkadingazetesi.com\/index.php?rest_route=%2Fwp%2Fv2%2Ftags&post=36120"}],"curies":[{"name":"wp","href":"https:\/\/api.w.org\/{rel}","templated":true}]}}