{"id":36123,"date":"2024-10-16T12:34:29","date_gmt":"2024-10-16T09:34:29","guid":{"rendered":"https:\/\/mersinkadingazetesi.com\/?p=36123"},"modified":"2024-10-16T12:34:30","modified_gmt":"2024-10-16T09:34:30","slug":"9-cnr-mersin-kitap-fuari-rekor-ziyaretci-sayisiyla-kapilarini-acti","status":"publish","type":"post","link":"https:\/\/mersinkadingazetesi.com\/?p=36123","title":{"rendered":"9.CNR Mersin Kitap Fuar\u0131 Rekor Ziyaret\u00e7i Say\u0131s\u0131yla Kap\u0131lar\u0131n\u0131 A\u00e7t\u0131"},"content":{"rendered":"\n<p>9.CNR Mersin Kitap Fuar\u0131, CNR Expo Yeni\u015fehir Fuar Merkezi&#8217;nde b\u00fcy\u00fck bir co\u015fkuyla a\u00e7\u0131ld\u0131. Mersin Valili\u011fi, Mersin B\u00fcy\u00fck\u015fehir Belediyesi, Yeni\u015fehir Belediyesi ve Mersin Ticaret ve Sanayi Odas\u0131&#8217;n\u0131n destekleriyle ger\u00e7ekle\u015ftirilen fuar, bu y\u0131l ilk kez e\u015f zamanl\u0131 d\u00fczenlenen Yeni\u015fehir Uluslararas\u0131 K\u00fclt\u00fcr Festivali ile ziyaret\u00e7ilere unutulmaz anlar ya\u015fat\u0131yor.<\/p>\n\n\n\n<p>CNR Holding Y\u00f6netim Kurulu Ba\u015fkan\u0131 Ceyda Erem ve Yeni\u015fehir Belediye Ba\u015fkan\u0131 Abdullah \u00d6zyi\u011fit&#8217;in ev sahipli\u011fi yapt\u0131\u011f\u0131 a\u00e7\u0131l\u0131\u015f t\u00f6renine, Mersin B\u00fcy\u00fck\u015fehir Belediye Ba\u015fkan\u0131 Vahap Se\u00e7er, CHP Mersin Milletvekilleri G\u00fclcan K\u0131\u015f ve Hasan Ufuk \u00c7ak\u0131r, Toroslar Belediye Ba\u015fkan\u0131 Abdurrahman Y\u0131ld\u0131z, Esenyurt Belediye Ba\u015fkan\u0131 Ahmet \u00d6zer, MTSO Meclis Ba\u015fkan\u0131 Hamit \u0130zol, CNR Holding Genel M\u00fcd\u00fcr\u00fc Mert Duman, festivalin onur konu\u011fu Mersinli \u015fair \u00d6zdemir \u0130nce, yazarlar \u0130pek Ongun ve Feridun Anda\u00e7 ile \u00e7ok say\u0131da sanatsever kat\u0131ld\u0131.<\/p>\n\n\n\n<p>A\u00e7\u0131l\u0131\u015f g\u00fcn\u00fcnde 8 bin, ikinci g\u00fcn ise 12 bin 500&#8217;\u00fc a\u015fk\u0131n ziyaret\u00e7iyle rekor k\u0131ran fuar, 20 Ekim ak\u015fam\u0131na kadar devam edecek. 10.00-19.30 saatleri aras\u0131nda Mersinlileri a\u011f\u0131rlayacak olan fuarda, \u015fair ve yazarlar s\u00f6yle\u015fi ve imza g\u00fcn\u00fc etkinlikleriyle okurlar\u0131yla bulu\u015facak. Fuar, edebiyat ve k\u00fclt\u00fcr d\u00fcnyas\u0131n\u0131n \u00f6nemli isimlerini Mersinli kitapseverlerle bir araya getirecek.<\/p>\n","protected":false},"excerpt":{"rendered":"<p>9.CNR Mersin Kitap Fuar\u0131, CNR Expo Yeni\u015fehir Fuar Merkezi&#8217;nde b\u00fcy\u00fck bir co\u015fkuyla a\u00e7\u0131ld\u0131. Mersin Valili\u011fi, Mersin B\u00fcy\u00fck\u015fehir Belediyesi, Yeni\u015fehir Belediyesi ve Mersin Ticaret ve Sanayi Odas\u0131&#8217;n\u0131n destekleriyle ger\u00e7ekle\u015ftirilen fuar, bu y\u0131l ilk kez e\u015f zamanl\u0131 d\u00fczenlenen Yeni\u015fehir Uluslararas\u0131 K\u00fclt\u00fcr Festivali ile ziyaret\u00e7ilere unutulmaz anlar ya\u015fat\u0131yor. CNR Holding Y\u00f6netim Kurulu Ba\u015fkan\u0131 Ceyda Erem ve Yeni\u015fehir Belediye [&hellip;]<\/p>\n","protected":false},"author":2,"featured_media":36124,"comment_status":"closed","ping_status":"closed","sticky":false,"template":"","format":"standard","meta":{"footnotes":""},"categories":[3],"tags":[],"class_list":["post-36123","post","type-post","status-publish","format-standard","has-post-thumbnail","hentry","category-manset"],"views":3,"_links":{"self":[{"href":"https:\/\/mersinkadingazetesi.com\/index.php?rest_route=\/wp\/v2\/posts\/36123"}],"collection":[{"href":"https:\/\/mersinkadingazetesi.com\/index.php?rest_route=\/wp\/v2\/posts"}],"about":[{"href":"https:\/\/mersinkadingazetesi.com\/index.php?rest_route=\/wp\/v2\/types\/post"}],"author":[{"embeddable":true,"href":"https:\/\/mersinkadingazetesi.com\/index.php?rest_route=\/wp\/v2\/users\/2"}],"replies":[{"embeddable":true,"href":"https:\/\/mersinkadingazetesi.com\/index.php?rest_route=%2Fwp%2Fv2%2Fcomments&post=36123"}],"version-history":[{"count":1,"href":"https:\/\/mersinkadingazetesi.com\/index.php?rest_route=\/wp\/v2\/posts\/36123\/revisions"}],"predecessor-version":[{"id":36125,"href":"https:\/\/mersinkadingazetesi.com\/index.php?rest_route=\/wp\/v2\/posts\/36123\/revisions\/36125"}],"wp:featuredmedia":[{"embeddable":true,"href":"https:\/\/mersinkadingazetesi.com\/index.php?rest_route=\/wp\/v2\/media\/36124"}],"wp:attachment":[{"href":"https:\/\/mersinkadingazetesi.com\/index.php?rest_route=%2Fwp%2Fv2%2Fmedia&parent=36123"}],"wp:term":[{"taxonomy":"category","embeddable":true,"href":"https:\/\/mersinkadingazetesi.com\/index.php?rest_route=%2Fwp%2Fv2%2Fcategories&post=36123"},{"taxonomy":"post_tag","embeddable":true,"href":"https:\/\/mersinkadingazetesi.com\/index.php?rest_route=%2Fwp%2Fv2%2Ftags&post=36123"}],"curies":[{"name":"wp","href":"https:\/\/api.w.org\/{rel}","templated":true}]}}