{"id":36128,"date":"2024-10-16T13:10:56","date_gmt":"2024-10-16T10:10:56","guid":{"rendered":"https:\/\/mersinkadingazetesi.com\/?p=36128"},"modified":"2024-10-16T13:10:56","modified_gmt":"2024-10-16T10:10:56","slug":"baro-baskani-av-gazi-ozdemir-mazbatasini-aldi","status":"publish","type":"post","link":"https:\/\/mersinkadingazetesi.com\/?p=36128","title":{"rendered":"BARO BA\u015eKANI AV. GAZ\u0130 \u00d6ZDEM\u0130R MAZBATASINI ALDI"},"content":{"rendered":"\n<p>Mersin Barosu&#8217;nda hafta sonu ger\u00e7ekle\u015fen ola\u011fan genel kurulda 1126 oy alarak g\u00fcven tazeleyen mevcut Baro Ba\u015fkan\u0131 Av. Gazi \u00d6zdemir, mazbatas\u0131n\u0131 al\u0131p 2024-2026 d\u00f6nemi i\u00e7in Baro Ba\u015fkanl\u0131\u011f\u0131 g\u00f6revine ba\u015flad\u0131.<\/p>\n\n\n\n<p>Divan \u00fcyelerinin ve avukatlar\u0131n yo\u011fun kat\u0131l\u0131m\u0131yla Mersin Adliyesi&#8217;nde yer alan avukatlar odas\u0131nda ger\u00e7ekle\u015fen mazbata t\u00f6reninde, Baro Ba\u015fkan\u0131 Av.&nbsp; Gazi \u00d6zdemir mazbatas\u0131n\u0131 Divan Ba\u015fkan\u0131 Av. U\u011fur U\u011fuz&#8217;dan teslim ald\u0131.<\/p>\n\n\n\n<p><strong>&#8220;HUKUKTAN VE S\u0130Z DE\u011eERL\u0130 MESLEKTA\u015eLARIMIZDAN ALDI\u011eIMIZ G\u00dc\u00c7 \u0130LE HAREKET EDECE\u011e\u0130Z&#8221;<\/strong><\/p>\n\n\n\n<p>Yeni se\u00e7ilen y\u00f6netim kurulu, disiplin kurulu, denetleme kurulu ve T\u00fcrkiye Barolar Birli\u011fi delegelerinin tan\u0131t\u0131lmas\u0131n\u0131n ard\u0131ndan mazbatas\u0131n\u0131 alan Baro Ba\u015fkan\u0131 Av. Gazi \u00d6zdemir konu\u015fmas\u0131nda,&nbsp;<a>&#8220;Ola\u011fan genel kurulumuzda bana ve kurul \u00fcyesi arkada\u015flar\u0131ma tevecc\u00fch g\u00f6stererek ve g\u00fcven tazeleyerek baro ba\u015fkanl\u0131\u011f\u0131 dahil, kurullara se\u00e7ilmemize vesile olan siz de\u011ferli meslekta\u015flar\u0131m\u0131za ve Mersin Barosu Genel Kurulumuza sevgi ve sayg\u0131lar\u0131m\u0131z\u0131 sunar\u0131m.<\/a><\/p>\n\n\n\n<p>G\u00f6reve ilk geldi\u011fimizde, g\u00f6revimizi ifa ederken \u00f6nceli\u011fimizin mesle\u011fimiz ve meslekta\u015f\u0131m\u0131z oldu\u011funu, herhangi bir siyasi olu\u015fum i\u00e7erisinde olmadan baromuzu t\u00fcm meslekta\u015flar\u0131m\u0131z\u0131n kat\u0131l\u0131m\u0131 ile birlikte y\u00f6netece\u011fimizin s\u00f6z\u00fcn\u00fc vermi\u015ftik. Bug\u00fcn huzurlar\u0131n\u0131zda bize g\u00f6sterilen g\u00fcven sonucunda vermi\u015f oldu\u011fumuz s\u00f6zleri yerine getirmenin mutlulu\u011funu ya\u015famaktay\u0131z.<\/p>\n\n\n\n<p>Biz daima sizlerden ald\u0131\u011f\u0131m\u0131z g\u00fc\u00e7 ve destek ile g\u00f6revlerimizi yerine getirmeye \u00e7al\u0131\u015ft\u0131k ve bundan sonrada yine sizlerin g\u00fcc\u00fc ve deste\u011fi ile bize tevdi edilen g\u00f6revlerimizi yerine getirirken vermi\u015f oldu\u011fumuz s\u00f6zlerin arkas\u0131nda duraca\u011f\u0131z. Ba\u015fkanl\u0131k ve kurullardaki g\u00f6revlerimizi yerine getirirken daima hukuktan ve siz de\u011ferli meslekta\u015flar\u0131m\u0131zdan ald\u0131\u011f\u0131m\u0131z g\u00fc\u00e7 ile hareket edece\u011fiz. Se\u00e7imlerde bize bir kez daha y\u00fckledi\u011finiz sorumlulu\u011fun ve duyulan g\u00fcvenin bilincindeyiz. Bu bilin\u00e7le ve gururla var g\u00fcc\u00fcm\u00fczle \u00e7al\u0131\u015faca\u011f\u0131z&#8221; diye konu\u015ftu.<\/p>\n\n\n\n<p>&#8220;DAHA FAZLA \u00c7ABA G\u00d6STERECE\u011e\u0130Z&#8221;<\/p>\n\n\n\n<p>Daha \u00f6nceki d\u00f6nemlerde oldu\u011fu gibi ba\u015fta mesle\u011fin ve meslekta\u015flar\u0131n\u0131n sorunlar\u0131n\u0131 \u00e7\u00f6zmek, meslekta\u015flar\u0131 i\u00e7in her daim ula\u015f\u0131labilir bir ba\u015fkan ve y\u00f6netim kurulu olmak i\u00e7in daha fazla \u00e7aba g\u00f6stereceklerini ifade eden \u00d6zdemir, &#8220;Bununla birlikte her t\u00fcrl\u00fc hak ihlalinin ya\u015fand\u0131\u011f\u0131 olaylarda bu ihlalin kim ya da kimler taraf\u0131ndan ve kime kar\u015f\u0131 yap\u0131ld\u0131\u011f\u0131na bakmaks\u0131z\u0131n her t\u00fcr\u00fc hak ihlalinin kar\u015f\u0131s\u0131nda durmaktan asla korkmayaca\u011f\u0131z.<\/p>\n\n\n\n<p>Bu ba\u011flamda \u015fehrimizde ve \u00fclkemizde ba\u015fta avukat haklar\u0131 olmak \u00fczere, insan haklar\u0131n\u0131n, kad\u0131n haklar\u0131n\u0131n, \u00e7ocuk haklar\u0131n\u0131n, hayvan haklar\u0131n\u0131n ve \u00e7evre haklar\u0131n\u0131n savunulmas\u0131, Atat\u00fcrk ilke ve devrimleri ile cumhuriyetimizin ya\u015fat\u0131lmas\u0131, laik-sosyal-hukuk devletinin korunmas\u0131 konusunda Baro y\u00f6netimi olarak \u00fczerimize d\u00fc\u015fen t\u00fcm sorumluluklar\u0131 yerine getirece\u011fiz.<\/p>\n\n\n\n<p>&#8220;B\u0130RL\u0130KTE Y\u00d6NETECE\u011e\u0130Z&#8221;<\/p>\n\n\n\n<p>Biz daha \u00f6nce baromuzu birlikte y\u00f6netece\u011fimizin s\u00f6z\u00fcn\u00fc vermi\u015ftik. Se\u00e7imlerde farkl\u0131 listelerde g\u00f6rev talebinde bulunmu\u015f isek de, bug\u00fcn bir kez daha tek renk ve tek liste olarak Baromuzu birlikte y\u00f6netece\u011fimizin ve se\u00e7im s\u00fcrecinde ise siz de\u011ferli meslekta\u015flar\u0131m\u0131za vermi\u015f oldu\u011fumuz s\u00f6zleri yerine getirece\u011fimizin s\u00f6z\u00fcn\u00fc bir kez daha veriyoruz. Genel Kurul s\u00fcrecinde g\u00f6rev alan divan ba\u015fkanl\u0131\u011f\u0131n\u0131 ve kurulumuzu, se\u00e7im s\u00fcrecinde ba\u015fkan adayl\u0131\u011f\u0131n\u0131 y\u00fcr\u00fcten meslekta\u015flar\u0131m ile kurullara aday olan t\u00fcm meslekta\u015flar\u0131ma te\u015fekk\u00fcrlerimi sunar\u0131m. Kurullara se\u00e7ilen t\u00fcm meslekta\u015flar\u0131m\u0131 tebrik eder ve g\u00f6revlerinde ba\u015far\u0131lar dilerim. Se\u00e7im s\u00fcrecinde \u015fahs\u0131ma ve kurul \u00fcyesi arkada\u015flar\u0131ma emek veren t\u00fcm meslekta\u015flar\u0131ma ve dostlar\u0131ma te\u015fekk\u00fcr\u00fc bir bor\u00e7 bilirim. \u00dczerimde her daim eme\u011fi bulunan annem ve rahmetli babam ile hayat\u0131mda, g\u00f6rev s\u00fcremde ve se\u00e7im s\u00fcrecinde her daim destek\u00e7im olan de\u011ferli e\u015fim \u00d6zlem ve \u00e7ocuklar\u0131m Aras ile Eyl\u00fcl Deniz&#8217; e te\u015fekk\u00fcr\u00fc bor\u00e7 bilirim. \u015eahs\u0131ma, baro ba\u015fkanl\u0131\u011f\u0131 gibi onurlu bir g\u00f6revi ve kurullara se\u00e7ilen meslekta\u015flar\u0131ma kurul \u00fcyeli\u011fi g\u00f6revini lay\u0131k g\u00f6ren siz de\u011ferli meslekta\u015flar\u0131m\u0131za ve Mersin Baromuza ise \u015f\u00fckranlar\u0131m\u0131 sunar\u0131m&#8221; \u015feklinde konu\u015ftu.<\/p>\n","protected":false},"excerpt":{"rendered":"<p>Mersin Barosu&#8217;nda hafta sonu ger\u00e7ekle\u015fen ola\u011fan genel kurulda 1126 oy alarak g\u00fcven tazeleyen mevcut Baro Ba\u015fkan\u0131 Av. Gazi \u00d6zdemir, mazbatas\u0131n\u0131 al\u0131p 2024-2026 d\u00f6nemi i\u00e7in Baro Ba\u015fkanl\u0131\u011f\u0131 g\u00f6revine ba\u015flad\u0131. Divan \u00fcyelerinin ve avukatlar\u0131n yo\u011fun kat\u0131l\u0131m\u0131yla Mersin Adliyesi&#8217;nde yer alan avukatlar odas\u0131nda ger\u00e7ekle\u015fen mazbata t\u00f6reninde, Baro Ba\u015fkan\u0131 Av.&nbsp; Gazi \u00d6zdemir mazbatas\u0131n\u0131 Divan Ba\u015fkan\u0131 Av. U\u011fur U\u011fuz&#8217;dan teslim [&hellip;]<\/p>\n","protected":false},"author":2,"featured_media":36129,"comment_status":"closed","ping_status":"closed","sticky":false,"template":"","format":"standard","meta":{"footnotes":""},"categories":[3],"tags":[],"class_list":["post-36128","post","type-post","status-publish","format-standard","has-post-thumbnail","hentry","category-manset"],"views":2,"_links":{"self":[{"href":"https:\/\/mersinkadingazetesi.com\/index.php?rest_route=\/wp\/v2\/posts\/36128"}],"collection":[{"href":"https:\/\/mersinkadingazetesi.com\/index.php?rest_route=\/wp\/v2\/posts"}],"about":[{"href":"https:\/\/mersinkadingazetesi.com\/index.php?rest_route=\/wp\/v2\/types\/post"}],"author":[{"embeddable":true,"href":"https:\/\/mersinkadingazetesi.com\/index.php?rest_route=\/wp\/v2\/users\/2"}],"replies":[{"embeddable":true,"href":"https:\/\/mersinkadingazetesi.com\/index.php?rest_route=%2Fwp%2Fv2%2Fcomments&post=36128"}],"version-history":[{"count":1,"href":"https:\/\/mersinkadingazetesi.com\/index.php?rest_route=\/wp\/v2\/posts\/36128\/revisions"}],"predecessor-version":[{"id":36130,"href":"https:\/\/mersinkadingazetesi.com\/index.php?rest_route=\/wp\/v2\/posts\/36128\/revisions\/36130"}],"wp:featuredmedia":[{"embeddable":true,"href":"https:\/\/mersinkadingazetesi.com\/index.php?rest_route=\/wp\/v2\/media\/36129"}],"wp:attachment":[{"href":"https:\/\/mersinkadingazetesi.com\/index.php?rest_route=%2Fwp%2Fv2%2Fmedia&parent=36128"}],"wp:term":[{"taxonomy":"category","embeddable":true,"href":"https:\/\/mersinkadingazetesi.com\/index.php?rest_route=%2Fwp%2Fv2%2Fcategories&post=36128"},{"taxonomy":"post_tag","embeddable":true,"href":"https:\/\/mersinkadingazetesi.com\/index.php?rest_route=%2Fwp%2Fv2%2Ftags&post=36128"}],"curies":[{"name":"wp","href":"https:\/\/api.w.org\/{rel}","templated":true}]}}