{"id":36134,"date":"2024-10-17T11:55:20","date_gmt":"2024-10-17T08:55:20","guid":{"rendered":"https:\/\/mersinkadingazetesi.com\/?p=36134"},"modified":"2024-10-17T11:55:21","modified_gmt":"2024-10-17T08:55:21","slug":"baskan-secer-otomobil-sayisinin-artmasi-bolgenin-refahiyla-dogru-orantili-bir-durum","status":"publish","type":"post","link":"https:\/\/mersinkadingazetesi.com\/?p=36134","title":{"rendered":"BA\u015eKAN SE\u00c7ER: &#8220;OTOMOB\u0130L SAYISININ ARTMASI B\u00d6LGEN\u0130N REFAHIYLA DO\u011eRU ORANTILI B\u0130R DURUM&#8221;"},"content":{"rendered":"\n<p>Mersin B\u00fcy\u00fck\u015fehir Belediye Ba\u015fkan\u0131 Vahap Se\u00e7er, Mersin Yetkili Otomotiv Sat\u0131c\u0131lar\u0131 Derne\u011fi (MODER) taraf\u0131ndan, Mersin B\u00fcy\u00fck\u015fehir Belediyesi&#8217;nin de katk\u0131lar\u0131yla d\u00fczenlenen&nbsp;<strong>&#8216;Otomotiv Festivali&#8217;<\/strong>nin a\u00e7\u0131l\u0131\u015f t\u00f6renine kat\u0131l\u0131m sa\u011flad\u0131.<\/p>\n\n\n\n<p><strong>Ba\u015fkan Se\u00e7er: &#8220;Otomobil say\u0131s\u0131n\u0131n artmas\u0131 b\u00f6lgenin refah\u0131yla do\u011fru orant\u0131l\u0131 bir durum&#8221;<\/strong><\/p>\n\n\n\n<p>Mersin B\u00fcy\u00fck\u015fehir Belediye Ba\u015fkan\u0131 Vahap Se\u00e7er, birbirinden g\u00fczel etkinliklerin oldu\u011fu festivalin ba\u015far\u0131yla s\u00fcrmesi temennisinde bulundu. Mersin&#8217;in b\u00fcy\u00fcy\u00fcp, geli\u015fen bir \u015fehir oldu\u011funa ve 350 binden fazla trafi\u011fe kay\u0131tl\u0131 arac\u0131n oldu\u011funa de\u011finen Ba\u015fkan Se\u00e7er,&nbsp;<strong>&#8220;Otomobil say\u0131s\u0131n\u0131n artmas\u0131, sat\u0131lan otomobillerin modelleri; bunlar tamamen o b\u00f6lgenin refah\u0131 ile do\u011frudan orant\u0131l\u0131. Mersin geli\u015fen bir kent. Mersin hi\u00e7bir zaman fakir bir kent olmad\u0131. Mersin, her ne kadar ki\u015fi ba\u015f\u0131na d\u00fc\u015fen milli gelir oran\u0131 T\u00fcrkiye ortalamas\u0131n\u0131n gerisinde olsa dahi; T\u00fcrkiye&#8217;nin ilk s\u0131ralarda vergisini \u00f6deyen bir kent. Y\u00fcksek vergi \u00f6dememiz \u00f6v\u00fcnece\u011fimiz bir durum olsa da Mersin&#8217;de \u015fikayet edece\u011fimiz ya da&nbsp;<em>&#8216;bunu nas\u0131l d\u00fczeltebiliriz&#8217;<\/em>&nbsp;diyece\u011fimiz konu, gelir da\u011f\u0131l\u0131m\u0131ndaki u\u00e7urum ve adaletsizlik. Mersin b\u00f6yle bir kent&#8221;<\/strong>&nbsp;dedi.<\/p>\n\n\n\n<p><strong>&#8220;Mersin&#8217;de son 3 y\u0131ld\u0131r&nbsp;&nbsp;merkezde ve k\u00f6y yollar\u0131m\u0131zda \u00e7ok b\u00fcy\u00fck at\u0131l\u0131mlar oldu&#8221;<\/strong><\/p>\n\n\n\n<p>Ba\u015fkan Se\u00e7er, Mersin&#8217;in hem d\u00fc\u015f\u00fck hem de y\u00fcksek gelirli vatanda\u015flar\u0131n ya\u015fad\u0131\u011f\u0131 bir kent oldu\u011funu belirterek,&nbsp;<strong>&#8220;Do\u011fal olarak da otomobil sekt\u00f6r\u00fc, \u00f6zellikle l\u00fcks otomobil sekt\u00f6r\u00fc, daha \u00e7ok gelir d\u00fczeyi y\u00fcksek insanlara hitap ediyor. Bu anlamda da Mersin, T\u00fcrkiye ortalamas\u0131na bakt\u0131\u011f\u0131m zaman sizin a\u00e7\u0131n\u0131zdan bir hayli verimli bir alan. Biz de otomobilleriniz rahat seyahat etsin diye, vatanda\u015f memnuniyeti fazla olsun diye yollar\u0131n\u0131z\u0131 g\u00fczel yap\u0131yoruz. Burada tevazu g\u00f6stermeyelim, Mersin&#8217;de son 3 y\u0131ld\u0131r&nbsp;&nbsp;merkezde ve k\u00f6y yollar\u0131m\u0131zda \u00e7ok b\u00fcy\u00fck at\u0131l\u0131mlar oldu. Bu emekle ve b\u00fct\u00e7e ay\u0131rmakla oldu. Bu sizi direkt ilgilendiriyor. Bir anlamda servislere ara\u00e7lar art\u0131k biraz ge\u00e7 gelmeye ba\u015flayacak&#8221;&nbsp;<\/strong>diye konu\u015farak, Mersin B\u00fcy\u00fck\u015fehir Belediyesi&#8217;nin kaliteli yollar\u0131 sayesinde arabalar\u0131n \u00f6mr\u00fcn\u00fcn daha uzun s\u00fcreli olaca\u011f\u0131n\u0131 s\u00f6yledi<\/p>\n\n\n\n<p>Otomotiv sekt\u00f6r\u00fcn\u00fcn sorunlar\u0131 hakk\u0131nda bilgi sahibi olduklar\u0131n\u0131 ve \u00e7\u00f6z\u00fcm\u00fc noktas\u0131nda i\u015f birli\u011fine a\u00e7\u0131k olduklar\u0131n\u0131 belirten Se\u00e7er,&nbsp;<strong>&#8220;Biz Mersin&#8217;in geli\u015fmesi y\u00f6n\u00fcnde katk\u0131 sunabilecek bu her t\u00fcrl\u00fc \u00e7al\u0131\u015fmalar\u0131n\u0131z\u0131n yan\u0131nda oluruz. Bunu bilmenizi istiyoruz. Biz de i\u015f birli\u011fi yapmak istiyoruz&#8221;<\/strong>&nbsp;dedi.<\/p>\n\n\n\n<p><strong>&#8220;Mersin&#8217;i kalk\u0131nd\u0131rmak ve gelece\u011fe ta\u015f\u0131mak i\u00e7in biz buraday\u0131z&#8221;<\/strong><\/p>\n\n\n\n<p>Mersin&#8217;in geriden gelen, bug\u00fcne kadar \u00e7\u00f6z\u00fclmemi\u015f sorunlar\u0131n\u0131 \u00e7\u00f6zmek ad\u0131na hizmetler \u00fcrettiklerini dile getiren Se\u00e7er,&nbsp;<strong>&#8220;Mersin&#8217;i kalk\u0131nd\u0131rmak, gelece\u011fe ta\u015f\u0131mak, refah\u0131n artmas\u0131na katk\u0131 sunmak, marka \u015fehir haline getirmek, ya\u015fanabilir, modern bir kent haline getirmek i\u00e7in biz buraday\u0131z. Bunlar bizim g\u00f6revimiz. T\u00fcm Mersin halk\u0131n\u0131n da bilmesini istiyorum. Biz g\u00f6revimizi zevkle, \u015fevkle yap\u0131yoruz. Bunun i\u00e7in hi\u00e7 kimsenin endi\u015fesi olmas\u0131n&#8221;<\/strong>&nbsp;diye konu\u015ftu.<\/p>\n\n\n\n<p><strong>&#8220;Mersin bir karde\u015flik kenti&#8221;<\/strong><\/p>\n\n\n\n<p>Mersin&#8217;de ayr\u0131mc\u0131l\u0131\u011fa son verdiklerinin alt\u0131n\u0131 \u00e7izen Se\u00e7er konu\u015fmas\u0131n\u0131 \u015fu s\u00f6zlerle tamamlad\u0131:<\/p>\n\n\n\n<p><strong>&#8220;Mersin bir karde\u015flik kenti. Art\u0131k Mersin&#8217;in siyasi kavgalardan etkilenmemesini istiyoruz. Kentin belediye ba\u015fkan\u0131 olarak her \u015feyden fazla buna dikkat etti\u011fimi bilmenizi istiyorum. Bizi g\u00fc\u00e7lendirecek olan empati yetene\u011fimiz, birli\u011fimiz, beraberli\u011fimiz, kar\u015f\u0131l\u0131kl\u0131 ho\u015fg\u00f6r\u00fcm\u00fcz ve anlay\u0131\u015f\u0131m\u0131zd\u0131r. Bundan dolay\u0131 da Mersin halk\u0131n\u0131n ne kadar rengarenk bir n\u00fcfusa sahip olursa olsun bu k\u00fclt\u00fcr\u00fc ya\u015f\u0131yor olmas\u0131ndan dolay\u0131 da onur ve \u015feref duyuyorum.&#8221;<\/strong><\/p>\n\n\n\n<p><strong>\u00c7okg\u00fcnl\u00fc: &#8220;Festivalimizde Mersin B\u00fcy\u00fck\u015fehir Belediyemizin \u00f6nemli katk\u0131lar\u0131 oldu&#8221;<\/strong><\/p>\n\n\n\n<p>MODER Y\u00f6netim Kurulu Ba\u015fkan\u0131 Ziya \u00c7okg\u00fcnl\u00fc, 2019 y\u0131l\u0131ndan bu yana d\u00fczenlenen festivalin g\u00fc\u00e7 birli\u011finin \u00f6nemli bir \u00fcr\u00fcn\u00fc oldu\u011funu ifade etti.&nbsp;&nbsp;Otomotiv sekt\u00f6r\u00fcn\u00fcn Mersin i\u00e7in \u00f6nde gelen bir yat\u0131r\u0131m alan\u0131 oldu\u011funu s\u00f6yleyen \u00c7okg\u00fcnl\u00fc,&nbsp;<strong>&#8220;Bug\u00fcn bu alanda bulunan her otomotivci kayda de\u011fer giri\u015fim ve yat\u0131r\u0131mlarla bulunarak \u015fehrimizin ve \u00fclkemizin ekonomisine \u00f6nemli katk\u0131larda bulunuyor. Bu anlamda<\/strong>&nbsp;<strong>17 ya\u015f\u0131na giren MODER ciddi ve etkili bir g\u00fc\u00e7 birli\u011fidir. Ticari olarak birbirinin rakibi gibi g\u00f6r\u00fcnen bu k\u0131ymetli i\u015f insanlar\u0131n\u0131n bir araya gelmesi ve dernek \u00e7at\u0131m\u0131z alt\u0131nda g\u00fc\u00e7 birli\u011fi yaparak b\u00f6yle etkinlikler d\u00fczenlemesi \u00f6rne\u011fine az rastlanan bir durumdur&#8221;<\/strong>&nbsp;dedi. Ba\u015fta Mersin B\u00fcy\u00fck\u015fehir Belediyesi olmak \u00fczere festivalin ger\u00e7ekle\u015fmesinde katk\u0131 sunanlara te\u015fekk\u00fcr eden \u00c7okg\u00fcnl\u00fc,&nbsp;<strong>&#8220;Bu y\u0131lki festivalimizde Mersin B\u00fcy\u00fck\u015fehir Belediyemizin \u00f6nemli katk\u0131lar\u0131 oldu. B\u00fcy\u00fck\u015fehir Belediye Ba\u015fkan\u0131m\u0131z Say\u0131n Vahap Se\u00e7er&#8217;e bu katk\u0131lar\u0131ndan dolay\u0131 \u00f6zellikle te\u015fekk\u00fcrlerini sunuyorum&#8221;<\/strong>&nbsp;diye konu\u015ftu.<\/p>\n\n\n\n<p>Konu\u015fmalar\u0131n ard\u0131ndan, \u00c7okg\u00fcnl\u00fc taraf\u0131ndan Ba\u015fkan Se\u00e7er&#8217;e ve kat\u0131l\u0131mc\u0131lara hediye takdimi yap\u0131ld\u0131 ve a\u00e7\u0131l\u0131\u015f kurdelesi kesildi.<\/p>\n\n\n\n<p>Ba\u015fkan Se\u00e7er, konu\u015fmalar\u0131n ard\u0131ndan alanda kurulan stantlar\u0131 da gezdi. Mersin B\u00fcy\u00fck\u015fehir Belediyesi Kariyer Merkezi&#8217;nin stand\u0131 ve Mersin B\u00fcy\u00fck\u015fehir Belediyesi \u0130tfaiye Dairesi Ba\u015fkanl\u0131\u011f\u0131&#8217;n\u0131n da \u0130tfaiye \u00c7ocuk Parkuru da Otomotiv Festivali&#8217;nde yer ald\u0131.&nbsp;Festivalde sahne alan Kibrit Kutusu Grubu ile Ba\u015fkan Se\u00e7er sahnede otomotiv par\u00e7alar\u0131ndan olu\u015fan m\u00fczik aletlerini \u00e7ald\u0131 ve e\u011flenceli dakikalar ya\u015fand\u0131.<\/p>\n","protected":false},"excerpt":{"rendered":"<p>Mersin B\u00fcy\u00fck\u015fehir Belediye Ba\u015fkan\u0131 Vahap Se\u00e7er, Mersin Yetkili Otomotiv Sat\u0131c\u0131lar\u0131 Derne\u011fi (MODER) taraf\u0131ndan, Mersin B\u00fcy\u00fck\u015fehir Belediyesi&#8217;nin de katk\u0131lar\u0131yla d\u00fczenlenen&nbsp;&#8216;Otomotiv Festivali&#8217;nin a\u00e7\u0131l\u0131\u015f t\u00f6renine kat\u0131l\u0131m sa\u011flad\u0131. Ba\u015fkan Se\u00e7er: &#8220;Otomobil say\u0131s\u0131n\u0131n artmas\u0131 b\u00f6lgenin refah\u0131yla do\u011fru orant\u0131l\u0131 bir durum&#8221; Mersin B\u00fcy\u00fck\u015fehir Belediye Ba\u015fkan\u0131 Vahap Se\u00e7er, birbirinden g\u00fczel etkinliklerin oldu\u011fu festivalin ba\u015far\u0131yla s\u00fcrmesi temennisinde bulundu. Mersin&#8217;in b\u00fcy\u00fcy\u00fcp, geli\u015fen bir \u015fehir [&hellip;]<\/p>\n","protected":false},"author":2,"featured_media":36135,"comment_status":"closed","ping_status":"closed","sticky":false,"template":"","format":"standard","meta":{"footnotes":""},"categories":[8,3],"tags":[],"class_list":["post-36134","post","type-post","status-publish","format-standard","has-post-thumbnail","hentry","category-ekonomi","category-manset"],"views":10,"_links":{"self":[{"href":"https:\/\/mersinkadingazetesi.com\/index.php?rest_route=\/wp\/v2\/posts\/36134"}],"collection":[{"href":"https:\/\/mersinkadingazetesi.com\/index.php?rest_route=\/wp\/v2\/posts"}],"about":[{"href":"https:\/\/mersinkadingazetesi.com\/index.php?rest_route=\/wp\/v2\/types\/post"}],"author":[{"embeddable":true,"href":"https:\/\/mersinkadingazetesi.com\/index.php?rest_route=\/wp\/v2\/users\/2"}],"replies":[{"embeddable":true,"href":"https:\/\/mersinkadingazetesi.com\/index.php?rest_route=%2Fwp%2Fv2%2Fcomments&post=36134"}],"version-history":[{"count":1,"href":"https:\/\/mersinkadingazetesi.com\/index.php?rest_route=\/wp\/v2\/posts\/36134\/revisions"}],"predecessor-version":[{"id":36136,"href":"https:\/\/mersinkadingazetesi.com\/index.php?rest_route=\/wp\/v2\/posts\/36134\/revisions\/36136"}],"wp:featuredmedia":[{"embeddable":true,"href":"https:\/\/mersinkadingazetesi.com\/index.php?rest_route=\/wp\/v2\/media\/36135"}],"wp:attachment":[{"href":"https:\/\/mersinkadingazetesi.com\/index.php?rest_route=%2Fwp%2Fv2%2Fmedia&parent=36134"}],"wp:term":[{"taxonomy":"category","embeddable":true,"href":"https:\/\/mersinkadingazetesi.com\/index.php?rest_route=%2Fwp%2Fv2%2Fcategories&post=36134"},{"taxonomy":"post_tag","embeddable":true,"href":"https:\/\/mersinkadingazetesi.com\/index.php?rest_route=%2Fwp%2Fv2%2Ftags&post=36134"}],"curies":[{"name":"wp","href":"https:\/\/api.w.org\/{rel}","templated":true}]}}